{"id":11705,"date":"2024-02-04T08:00:00","date_gmt":"2024-02-04T08:00:00","guid":{"rendered":"https:\/\/www.primecursos.com.br\/blog\/?p=11705"},"modified":"2024-01-10T00:53:50","modified_gmt":"2024-01-10T00:53:50","slug":"quem-tem-direito-parcelas-de-seguro","status":"publish","type":"post","link":"https:\/\/www.primecursos.com.br\/blog\/quem-tem-direito-parcelas-de-seguro\/","title":{"rendered":"Quem tem direito a 5 parcelas de seguro?"},"content":{"rendered":"\n<p>Se voc\u00ea foi dispensado do seu emprego sem ter cometido falta grave que leve \u00e0 demiss\u00e3o por justa causa, <strong>pode ter o direito de acesso ao seguro-desemprego.<\/strong> Estamos falando de um dos mais importantes direitos trabalhistas do nosso pa\u00eds, estabelecido com o prop\u00f3sito de fornecer suporte financeiro a trabalhadores que se encontram desempregados.<\/p>\n\n\n\n<p>\u00c9 dever de todo trabalhador estar bem informado sobre seus direitos. A reforma trabalhista de 2017 trouxe consigo mudan\u00e7as substanciais, provocando impactos diversos nas rela\u00e7\u00f5es de trabalho. <\/p>\n\n\n\n<p>O seguro-desemprego n\u00e3o ficou livre disso, e tamb\u00e9m<strong> passou por altera\u00e7\u00f5es significativas em seus requisitos e defini\u00e7\u00f5es.<\/strong><\/p>\n\n\n\n<p>A conscientiza\u00e7\u00e3o sobre os direitos trabalhistas serve para fortalecer sua posi\u00e7\u00e3o no mercado de trabalho, ressaltando a import\u00e2ncia da prote\u00e7\u00e3o social no ambiente laboral. <\/p>\n\n\n\n<p>Ao compreender os requisitos necess\u00e1rios para solicitar esse benef\u00edcio, <strong>voc\u00ea tem a chance de passar por uma transi\u00e7\u00e3o mais tranquila em circunst\u00e2ncias de instabilidade,<\/strong> tal qual a demiss\u00e3o de um emprego.<\/p>\n\n\n\n<!--more-->\n\n\n\n<p>Levando em considera\u00e7\u00e3o a import\u00e2ncia desse benef\u00edcio enquanto direito, preparamos o artigo a seguir, por meio do qual voc\u00ea poder\u00e1 sanar todas as suas d\u00favidas sobre o assunto. Confira a seguir como o seguro-desemprego funciona, quem pode ter acesso a ele, <strong>o valor e a quantidade de parcelas a qual o trabalhador tem direito e muito mais.\u00a0<\/strong><\/p>\n\n\n\n<h2 class=\"wp-block-heading\" id=\"h-como-funciona-o-seguro-desemprego\">Como funciona o seguro-desemprego?<\/h2>\n\n\n\n<p><strong>O seguro-desemprego constitui um direito destinado a proporcionar assist\u00eancia financeira tempor\u00e1ria a trabalhadores formais dispensados involuntariamente<\/strong>, exceto em casos de demiss\u00e3o por justa causa.<\/p>\n\n\n<div class=\"wp-block-image\">\n<figure class=\"aligncenter size-large\"><a href=\"https:\/\/www.primecursos.com.br\/blog\/wp-content\/uploads\/2024\/01\/salario-ca.jpg\"><img decoding=\"async\" width=\"1024\" height=\"576\" src=\"https:\/\/www.primecursos.com.br\/blog\/wp-content\/uploads\/2024\/01\/salario-ca-1024x576.jpg\" alt=\"uma mulher com uma carteira de trabalho e v\u00e1rias c\u00e9dulas de dinheiro na m\u00e3o\" class=\"wp-image-11697\" srcset=\"https:\/\/www.primecursos.com.br\/blog\/wp-content\/uploads\/2024\/01\/salario-ca-1024x576.jpg 1024w, https:\/\/www.primecursos.com.br\/blog\/wp-content\/uploads\/2024\/01\/salario-ca-300x169.jpg 300w, https:\/\/www.primecursos.com.br\/blog\/wp-content\/uploads\/2024\/01\/salario-ca-768x432.jpg 768w, https:\/\/www.primecursos.com.br\/blog\/wp-content\/uploads\/2024\/01\/salario-ca-150x84.jpg 150w, https:\/\/www.primecursos.com.br\/blog\/wp-content\/uploads\/2024\/01\/salario-ca.jpg 1280w\" sizes=\"(max-width: 1024px) 100vw, 1024px\" \/><\/a><\/figure>\n<\/div>\n\n\n<p>Essa prerrogativa \u00e9 especialmente direcionada aos empregados com contrato formal, <strong>cujo v\u00ednculo empregat\u00edcio \u00e9 rescindido de maneira inesperad<\/strong>a, desde que n\u00e3o tenham contribu\u00eddo culposamente para o t\u00e9rmino da rela\u00e7\u00e3o laboral.<\/p>\n\n\n\n<p>Trata-se de uma contribui\u00e7\u00e3o da Seguridade Social que visa prover suporte econ\u00f4mico por um per\u00edodo determinado para custear as despesas b\u00e1sicas do trabalhador e de sua fam\u00edlia enquanto este busca nova coloca\u00e7\u00e3o no mercado de trabalho.<\/p>\n\n\n\n<p>Esse apoio \u00e9 disponibilizado de forma parcelada, e o valor e a quantidade de parcelas varia de acordo com alguns crit\u00e9rios. Originado do Fundo de Amparo ao Trabalhador (FAT), <strong>o seguro-desemprego \u00e9 disponibilizado pela Previd\u00eancia Social e suas parcelas s\u00e3o retiradas nas ag\u00eancias da Caixa Econ\u00f4mica Federal.<\/strong><\/p>\n\n\n\n<p>\u00c9 importante saber que, recentemente, ocorreram algumas altera\u00e7\u00f5es significativas nas normativas desse direito. Independente do cen\u00e1rio econ\u00f4mico atual, \u00e9 de suma import\u00e2ncia compreender como esse <strong>benef\u00edcio pode ser adquirido.<\/strong><\/p>\n\n\n\n<p>A legisla\u00e7\u00e3o inicial (<a href=\"https:\/\/www.planalto.gov.br\/ccivil_03\/leis\/l7998.htm\" target=\"_blank\" rel=\"noreferrer noopener nofollow\">Lei n\u00b0 7.998<\/a> de 11 de janeiro de 1990) foi posteriormente modificada pela reforma trabalhista (<a href=\"https:\/\/www.planalto.gov.br\/ccivil_03\/_ato2015-2018\/2015\/lei\/l13134.htm\" target=\"_blank\" rel=\"noreferrer noopener nofollow\">Lei n.\u00ba 13.134<\/a> de 16 de junho de 2015), que estabelece quem tem direito ao benef\u00edcio, e aspectos como a quantidade, o valor e os prazos de pagamento das parcelas.<\/p>\n\n\n\n<p>O Minist\u00e9rio do Trabalho e Previd\u00eancia determina o n\u00famero de parcelas e seus valores, concedendo ao trabalhador, que preenche os requisitos, o direito a receber de tr\u00eas a cinco parcelas, dependendo do tempo de trabalho pr\u00e9vio \u00e0 dispensa.&nbsp;<\/p>\n\n\n\n<p>Apesar de ser um direito legal para profissionais dispensados sem justa causa, \u00e9 preciso estar atento \u00e0s<strong> normas estabelecidas pelo governo<\/strong> para garantir o acesso efetivo a esse benef\u00edcio. Saiba mais detalhes a seguir!\u00a0<\/p>\n\n\n\n<h2 class=\"wp-block-heading has--font-size\" id=\"h-quem-pode-solicitar-o-seguro-desemprego-nbsp\">Quem pode solicitar o seguro-desemprego?&nbsp;<\/h2>\n\n\n\n<p><strong>O seguro-desemprego destina-se a amparar profissionais dispensados sem justa causa<\/strong>, sem fonte de renda suficiente para sua subsist\u00eancia e a de sua fam\u00edlia. Isso inclui aqueles que receberam sal\u00e1rios de pessoa jur\u00eddica ou f\u00edsica por um per\u00edodo espec\u00edfico.<\/p>\n\n\n\n<p>H\u00e1 algumas categorias espec\u00edficas de trabalhadores que podem solicitar o seguro-desemprego, incluindo:<\/p>\n\n\n\n<ul class=\"wp-block-list\">\n<li><strong>Trabalhadores<\/strong> formais e dom\u00e9sticos demitidos sem justa causa, abrangendo tamb\u00e9m a dispensa indireta, na qual o empregado toma a iniciativa de romper o v\u00ednculo com o empregador;<\/li>\n\n\n\n<li><strong>Trabalhadores formais<\/strong> com contrato suspenso para participar de cursos ou programas de qualifica\u00e7\u00e3o profissional oferecidos pelo empregador;<\/li>\n\n\n\n<li>Pescadores profissionais durante o per\u00edodo do defeso (quando a pesca \u00e9 proibida como iniciativa para preservar os animais);<\/li>\n\n\n\n<li>Trabalhadores resgatados de condi\u00e7\u00f5es an\u00e1logas \u00e0 escravid\u00e3o.<\/li>\n<\/ul>\n\n\n<div class=\"wp-block-image\">\n<figure class=\"aligncenter size-full is-resized\"><a href=\"https:\/\/www.primecursos.com.br\/blog\/wp-content\/uploads\/2015\/10\/shutterstock_181395665.jpg\"><img decoding=\"async\" width=\"1000\" height=\"668\" src=\"https:\/\/www.primecursos.com.br\/blog\/wp-content\/uploads\/2015\/10\/shutterstock_181395665.jpg\" alt=\"duas pessoas sendo atendidas para solicitar seguro desemprego\" class=\"wp-image-2379\" style=\"object-fit:cover;width:800px;height:600px\" srcset=\"https:\/\/www.primecursos.com.br\/blog\/wp-content\/uploads\/2015\/10\/shutterstock_181395665.jpg 1000w, https:\/\/www.primecursos.com.br\/blog\/wp-content\/uploads\/2015\/10\/shutterstock_181395665-768x513.jpg 768w, https:\/\/www.primecursos.com.br\/blog\/wp-content\/uploads\/2015\/10\/shutterstock_181395665-696x465.jpg 696w, https:\/\/www.primecursos.com.br\/blog\/wp-content\/uploads\/2015\/10\/shutterstock_181395665-629x420.jpg 629w, https:\/\/www.primecursos.com.br\/blog\/wp-content\/uploads\/2015\/10\/shutterstock_181395665-300x200.jpg 300w, https:\/\/www.primecursos.com.br\/blog\/wp-content\/uploads\/2015\/10\/shutterstock_181395665-422x281.jpg 422w\" sizes=\"(max-width: 1000px) 100vw, 1000px\" \/><\/a><\/figure>\n<\/div>\n\n\n<p>Para usufruir desse direito, \u00e9 necess\u00e1rio que o trabalhador n\u00e3o esteja recebendo nenhum benef\u00edcio previdenci\u00e1rio de presta\u00e7\u00e3o continuada pago pela Previd\u00eancia Social. As \u00fanicas exce\u00e7\u00f5es a isso s\u00e3o os <strong>benefici\u00e1rios contemplados<\/strong> com o aux\u00edlio-acidente, aux\u00edlio suplementar e abono de perman\u00eancia em servi\u00e7o, conforme o que consta na <a href=\"https:\/\/www.planalto.gov.br\/ccivil_03\/leis\/l6367.htm\" target=\"_blank\" rel=\"noreferrer noopener nofollow\">Lei n\u00ba 6.367\/76<\/a>.<\/p>\n\n\n\n<p>Agora que voc\u00ea j\u00e1 compreende como funciona o seguro-desemprego e quem pode ter acesso a esse direito, veja nos pr\u00f3ximos t\u00f3picos algumas informa\u00e7\u00f5es que possivelmente s\u00e3o de seu interesse, <strong>como o valor e a quantidade de parcelas a qual voc\u00ea pode ter acesso.\u00a0<\/strong><\/p>\n\n\n\n<h2 class=\"wp-block-heading\" id=\"h-quantas-parcelas-do-seguro-desemprego-tenho-direito\">Quantas parcelas do seguro-desemprego tenho direito?<\/h2>\n\n\n\n<p>Antes de descobrir a quantidade de parcelas a que voc\u00ea pode ter direito, \u00e9 preciso saber que o per\u00edodo m\u00ednimo de v\u00ednculo empregat\u00edcio para fazer a solicita\u00e7\u00e3o varia de acordo com o <strong>hist\u00f3rico de solicita\u00e7\u00f5es anteriores ao seguro-desemprego.\u00a0<\/strong><\/p>\n\n\n\n<p>Isso \u00e9 mais simples do que parece. Funciona da seguinte forma:&nbsp;<\/p>\n\n\n\n<ul class=\"wp-block-list\">\n<li>Se voc\u00ea estiver solicitando o seguro-desemprego pela primeira vez, \u00e9 preciso que tenha acumulado pelo menos 12 meses de trabalho nos \u00faltimos 18 meses que antecedem a dispensa;<\/li>\n\n\n\n<li>Se for a segunda vez que solicita o direito, o trabalhador deve ter completado, no m\u00ednimo, 9 meses de emprego nos \u00faltimos 12 meses antes da requisi\u00e7\u00e3o;<\/li>\n\n\n\n<li>A partir da terceira solicita\u00e7\u00e3o, \u00e9 preciso comprovar uma rela\u00e7\u00e3o laboral de, no m\u00ednimo, 6 meses antes da dispensa.&nbsp;<\/li>\n<\/ul>\n\n\n\n<p>De modo geral, o trabalhador tem direito a uma quantidade que varia de 3 a 5 parcelas, o que <strong>depende do tempo trabalhado. <\/strong>Os crit\u00e9rios s\u00e3o os seguintes:\u00a0<\/p>\n\n\n\n<figure class=\"wp-block-embed is-type-video is-provider-youtube wp-block-embed-youtube wp-embed-aspect-16-9 wp-has-aspect-ratio\"><div class=\"wp-block-embed__wrapper\">\n<iframe title=\"Quem tem direito a 5 parcelas do seguro desemprego ?\" width=\"720\" height=\"405\" src=\"https:\/\/www.youtube.com\/embed\/w-BfSyvf25o?feature=oembed&#038;enablejsapi=1&#038;origin=https:\/\/www.primecursos.com.br\" frameborder=\"0\" allow=\"accelerometer; autoplay; clipboard-write; encrypted-media; gyroscope; picture-in-picture; web-share\" allowfullscreen><\/iframe>\n<\/div><\/figure>\n\n\n\n<ul class=\"wp-block-list\">\n<li>Se voc\u00ea tiver trabalhado por pelo menos 6 meses, tem direito a<strong> 3 parcelas;<\/strong><\/li>\n\n\n\n<li>Se tiver trabalhado por, no m\u00ednimo, 12 meses, tem direito a<strong> 4 parcelas;<\/strong><\/li>\n\n\n\n<li>Se tiver trabalhado 24 meses ou mais, tem direito a <strong>5 parcelas.<\/strong><\/li>\n<\/ul>\n\n\n\n<p>Outra informa\u00e7\u00e3o que voc\u00ea provavelmente gostaria de saber \u00e9 sobre o valor das parcelas, n\u00e3o \u00e9 mesmo? Dedicamos um t\u00f3pico para falar exclusivamente disso, confira:<\/p>\n\n\n\n<h2 class=\"wp-block-heading\" id=\"h-e-o-valor-das-parcelas-do-beneficio\">E o valor das parcelas do benef\u00edcio?\u00a0<\/h2>\n\n\n\n<p><strong>O c\u00e1lculo referente ao valor da parcela do seguro-desemprego <\/strong>\u00e9 feito, basicamente, com base na m\u00e9dia dos sal\u00e1rios recebidos nos \u00faltimos 3 meses anteriores \u00e0 data da demiss\u00e3o. Essa conta deve incluir o sal\u00e1rio-base e, se houver, outras parcelas recebidas com t\u00edtulo de horas extras, adicional noturno, adicional de insalubridade e de periculosidade. <\/p>\n\n\n\n<p>Outros benef\u00edcios presentes na remunera\u00e7\u00e3o (como vale-transporte e vale-alimenta\u00e7\u00e3o) n\u00e3o devem ser considerados para realizar esse c\u00e1lculo.<\/p>\n\n\n\n<p>Sendo assim, o valor do benef\u00edcio<strong> pode variar de acordo com essa m\u00e9dia e com a categoria do trabalhador<\/strong>. Veja a seguir como \u00e9 feito esse c\u00e1lculo:<\/p>\n\n\n\n<ol class=\"wp-block-list\">\n<li>O primeiro passo \u00e9 calcular a m\u00e9dia dos tr\u00eas \u00faltimos sal\u00e1rios, somando os valores e dividindo por 3. Se o colaborador recebeu, por exemplo R$ 2.000,00, R$ 2.100,00 e R$ 2.250,00 nos \u00faltimos 3 meses trabalhados antes de receber a dispensa, a <strong>m\u00e9dia <\/strong>seria de R$ 2.116,70 reais.\u00a0\u00a0<\/li>\n\n\n\n<li>Em seguida, voc\u00ea deve consultar a tabela de valores do seguro-desemprego, <strong>que \u00e9 atualizada anualmente<\/strong>. L\u00e1, voc\u00ea encontrar\u00e1 o valor da parcela correspondente \u00e0 m\u00e9dia de sal\u00e1rios e \u00e0 categoria do trabalhador. Essas tabelas s\u00e3o divulgadas todo m\u00eas de janeiro.<\/li>\n\n\n\n<li>Depois, \u00e9 preciso aplicar a f\u00f3rmula de c\u00e1lculo, que \u00e9 a seguinte: Valor da Parcela = (M\u00e9dia dos \u00faltimos tr\u00eas sal\u00e1rios) x (Percentual correspondente na tabela).<\/li>\n<\/ol>\n\n\n\n<p>Seguindo esses passos, voc\u00ea chegar\u00e1 ao valor que tem direito para a parcela do seu seguro-desemprego. Vale lembrar que esse valor n\u00e3o pode ser inferior ao sal\u00e1rio-m\u00ednimo vigente, que atualmente \u00e9 de R$ 1.412.<\/p>\n\n\n\n<p>Como as taxas e limites s\u00e3o atualizados anualmente e <strong>podem variar conforme a legisla\u00e7\u00e3o trabalhista vigente<\/strong>, \u00e9 de suma import\u00e2ncia consultar a tabela oficial de valores e as regras espec\u00edficas no momento que ser\u00e1 feito o requerimento do seguro-desemprego.<\/p>\n\n\n<div class=\"wp-block-image\">\n<figure class=\"aligncenter size-large is-resized\"><a href=\"https:\/\/www.primecursos.com.br\/blog\/wp-content\/uploads\/2024\/01\/seguro-desemprego-ca.jpg\"><img decoding=\"async\" width=\"1024\" height=\"576\" src=\"https:\/\/www.primecursos.com.br\/blog\/wp-content\/uploads\/2024\/01\/seguro-desemprego-ca-1024x576.jpg\" alt=\"carteira de trabalho e v\u00e1rias c\u00e9dulas de dinheiro nas m\u00e3os de uma pessoa\" class=\"wp-image-11698\" style=\"object-fit:cover;width:800px;height:600px\" srcset=\"https:\/\/www.primecursos.com.br\/blog\/wp-content\/uploads\/2024\/01\/seguro-desemprego-ca-1024x576.jpg 1024w, https:\/\/www.primecursos.com.br\/blog\/wp-content\/uploads\/2024\/01\/seguro-desemprego-ca-300x169.jpg 300w, https:\/\/www.primecursos.com.br\/blog\/wp-content\/uploads\/2024\/01\/seguro-desemprego-ca-768x432.jpg 768w, https:\/\/www.primecursos.com.br\/blog\/wp-content\/uploads\/2024\/01\/seguro-desemprego-ca-150x84.jpg 150w, https:\/\/www.primecursos.com.br\/blog\/wp-content\/uploads\/2024\/01\/seguro-desemprego-ca.jpg 1280w\" sizes=\"(max-width: 1024px) 100vw, 1024px\" \/><\/a><\/figure>\n<\/div>\n\n\n<p>O desemprego \u00e9 um per\u00edodo no qual momentos de inseguran\u00e7a podem surgir. Nesse sentido, ainda bem que existe esse benef\u00edcio como forma de proporcionar apoio financeiro ao trabalhador durante o tempo em que se encontra desempregado.&nbsp;<\/p>\n\n\n\n<p>Enquanto isso, vale a pena se dedicar a alguns cursos que sirvam para <a href=\"https:\/\/www.primecursos.com.br\/blog\/o-que-e-um-curso-complementar\/\" target=\"_blank\" rel=\"noreferrer noopener\">complementar e fortalecer o seu curr\u00edculo<\/a>. Isso serve n\u00e3o apenas para fortalecer sua base de conhecimentos e habilidades, mas tamb\u00e9m para lhe conferir destaque em um <strong>mercado de trabalho cada vez mais competitivo.<\/strong><\/p>\n\n\n\n<p>A atualiza\u00e7\u00e3o constante e a aquisi\u00e7\u00e3o de novas compet\u00eancias <strong>s\u00e3o aspectos que demonstram a proatividade e o comprometimento do trabalhador com o aprimoramento pessoal<\/strong> e profissional, tornando-o mais adapt\u00e1vel \u00e0s demandas e exig\u00eancias do mercado de trabalho.<\/p>\n\n\n\n<p>Na plataforma <strong>Prime Cursos<\/strong>, est\u00e3o dispon\u00edveis diversas oportunidades de aprendizado abrangendo uma ampla gama de \u00e1reas, que incluem inform\u00e1tica, vendas, administra\u00e7\u00e3o e recursos humanos, entre muitas outras. <\/p>\n\n\n\n<p>Explore nosso extenso <a href=\"https:\/\/www.primecursos.com.br\/\" target=\"_blank\" rel=\"noreferrer noopener\">cat\u00e1logo de cursos<\/a>, onde voc\u00ea encontrar\u00e1 todas as op\u00e7\u00f5es dispon\u00edveis. Aproveite este momento para expandir seus conhecimentos e <strong>fortalecer sua trajet\u00f3ria profissional.<\/strong><\/p>\n\n\n\n<h2 class=\"wp-block-heading\" id=\"h-cursos-para-conseguir-um-novo-emprego\">Cursos para conseguir um novo emprego<\/h2>\n\n\n\n<p> Cursos podem qualificar uma pessoa para conseguir um novo emprego ao fornecer conhecimento, habilidades e certifica\u00e7\u00f5es relevantes para a \u00e1rea desejada, demonstrando um compromisso com o aprendizado cont\u00ednuo e ampliando sua rede profissional. Isso torna os candidatos mais atraentes para os empregadores, aumentando suas chances de sucesso no mercado de trabalho.<\/p>\n\n\n\n<p>Na Prime voc\u00ea encontra Cursos Gratuitos com Certificado de Conclus\u00e3o v\u00e1lido para: atividades extracurriculares, avalia\u00e7\u00f5es de empresas, provas de t\u00edtulos, concursos p\u00fablicos, enriquecer o seu curr\u00edculo e muito mais!<\/p>\n\n\n<style>.wp-block-kadence-advancedbtn.kb-btns11571_a53df1-89{gap:var(--global-kb-gap-xs, 0.5rem );justify-content:center;align-items:center;}.kt-btns11571_a53df1-89 .kt-button{font-weight:normal;font-style:normal;}.kt-btns11571_a53df1-89 .kt-btn-wrap-0{margin-right:5px;}.wp-block-kadence-advancedbtn.kt-btns11571_a53df1-89 .kt-btn-wrap-0 .kt-button{color:#555555;border-color:#555555;}.wp-block-kadence-advancedbtn.kt-btns11571_a53df1-89 .kt-btn-wrap-0 .kt-button:hover, .wp-block-kadence-advancedbtn.kt-btns11571_a53df1-89 .kt-btn-wrap-0 .kt-button:focus{color:#ffffff;border-color:#444444;}.wp-block-kadence-advancedbtn.kt-btns11571_a53df1-89 .kt-btn-wrap-0 .kt-button::before{display:none;}.wp-block-kadence-advancedbtn.kt-btns11571_a53df1-89 .kt-btn-wrap-0 .kt-button:hover, .wp-block-kadence-advancedbtn.kt-btns11571_a53df1-89 .kt-btn-wrap-0 .kt-button:focus{background:#444444;}<\/style>\n<div class=\"wp-block-kadence-advancedbtn kb-buttons-wrap kb-btns11571_a53df1-89\"><style>ul.menu .wp-block-kadence-advancedbtn .kb-btn11571_5758c4-2a.kb-button{width:initial;}<\/style><a class=\"kb-button kt-button button kb-btn11571_5758c4-2a kt-btn-size-xlarge kt-btn-width-type-full kb-btn-global-fill  kt-btn-has-text-true kt-btn-has-svg-false  wp-block-kadence-singlebtn\" href=\"https:\/\/www.primecursos.com.br\/\"><span class=\"kt-btn-inner-text\">Cursos Gr\u00e1tis Online<\/span><\/a><\/div>\n","protected":false},"excerpt":{"rendered":"<p>Se voc\u00ea foi dispensado do seu emprego sem ter cometido falta grave que leve \u00e0 demiss\u00e3o por justa&#8230;<\/p>\n","protected":false},"author":11,"featured_media":11695,"comment_status":"open","ping_status":"closed","sticky":false,"template":"","format":"standard","meta":{"_kad_blocks_custom_css":"","_kad_blocks_head_custom_js":"","_kad_blocks_body_custom_js":"","_kad_blocks_footer_custom_js":"","_kadence_starter_templates_imported_post":false,"_kad_post_transparent":"","_kad_post_title":"","_kad_post_layout":"","_kad_post_sidebar_id":"","_kad_post_content_style":"","_kad_post_vertical_padding":"","_kad_post_feature":"","_kad_post_feature_position":"","_kad_post_header":false,"_kad_post_footer":false,"_kad_post_classname":"","footnotes":""},"categories":[1],"tags":[199],"class_list":["post-11705","post","type-post","status-publish","format-standard","has-post-thumbnail","hentry","category-artigos","tag-seguro-desemprego"],"yoast_head":"<!-- This site is optimized with the Yoast SEO plugin v27.5 - https:\/\/yoast.com\/product\/yoast-seo-wordpress\/ -->\n<title>Seguro desemprego, quem tem direito a 5 parcelas do benef\u00edcio? | Prime Cursos<\/title>\n<meta name=\"description\" content=\"Confira neste artigo completo, quem tem direito a 5 parcelas do seguro desemprego, e outras informa\u00e7\u00f5es sobre o benef\u00edcio! Veja tudo a seguir!\" \/>\n<meta name=\"robots\" content=\"index, follow, max-snippet:-1, max-image-preview:large, max-video-preview:-1\" \/>\n<link rel=\"canonical\" href=\"https:\/\/www.primecursos.com.br\/blog\/quem-tem-direito-parcelas-de-seguro\/\" \/>\n<meta property=\"og:locale\" content=\"pt_BR\" \/>\n<meta property=\"og:type\" content=\"article\" \/>\n<meta property=\"og:title\" content=\"Seguro desemprego, quem tem direito a 5 parcelas do benef\u00edcio? | Prime Cursos\" \/>\n<meta property=\"og:description\" content=\"Confira neste artigo completo, quem tem direito a 5 parcelas do seguro desemprego, e outras informa\u00e7\u00f5es sobre o benef\u00edcio! Veja tudo a seguir!\" \/>\n<meta property=\"og:url\" content=\"https:\/\/www.primecursos.com.br\/blog\/quem-tem-direito-parcelas-de-seguro\/\" \/>\n<meta property=\"og:site_name\" content=\"Prime Cursos\" \/>\n<meta property=\"article:publisher\" content=\"https:\/\/www.facebook.com\/primecursos\/\" \/>\n<meta property=\"article:published_time\" content=\"2024-02-04T08:00:00+00:00\" \/>\n<meta property=\"og:image\" content=\"https:\/\/www.primecursos.com.br\/blog\/wp-content\/uploads\/2024\/01\/emprego-desemprego-ca.jpg\" \/>\n\t<meta property=\"og:image:width\" content=\"1280\" \/>\n\t<meta property=\"og:image:height\" content=\"720\" \/>\n\t<meta property=\"og:image:type\" content=\"image\/jpeg\" \/>\n<meta name=\"author\" content=\"Monique Carvalho\" \/>\n<meta name=\"twitter:label1\" content=\"Escrito por\" \/>\n\t<meta name=\"twitter:data1\" content=\"Monique Carvalho\" \/>\n\t<meta name=\"twitter:label2\" content=\"Est. tempo de leitura\" \/>\n\t<meta name=\"twitter:data2\" content=\"17 minutos\" \/>\n<script type=\"application\/ld+json\" class=\"yoast-schema-graph\">{\"@context\":\"https:\\\/\\\/schema.org\",\"@graph\":[{\"@type\":\"Article\",\"@id\":\"https:\\\/\\\/www.primecursos.com.br\\\/blog\\\/quem-tem-direito-parcelas-de-seguro\\\/#article\",\"isPartOf\":{\"@id\":\"https:\\\/\\\/www.primecursos.com.br\\\/blog\\\/quem-tem-direito-parcelas-de-seguro\\\/\"},\"author\":{\"name\":\"Monique Carvalho\",\"@id\":\"https:\\\/\\\/www.primecursos.com.br\\\/blog\\\/#\\\/schema\\\/person\\\/d9e570444a5061d33b83641549b50417\"},\"headline\":\"Quem tem direito a 5 parcelas de seguro?\",\"datePublished\":\"2024-02-04T08:00:00+00:00\",\"mainEntityOfPage\":{\"@id\":\"https:\\\/\\\/www.primecursos.com.br\\\/blog\\\/quem-tem-direito-parcelas-de-seguro\\\/\"},\"wordCount\":1519,\"commentCount\":0,\"publisher\":{\"@id\":\"https:\\\/\\\/www.primecursos.com.br\\\/blog\\\/#organization\"},\"image\":{\"@id\":\"https:\\\/\\\/www.primecursos.com.br\\\/blog\\\/quem-tem-direito-parcelas-de-seguro\\\/#primaryimage\"},\"thumbnailUrl\":\"https:\\\/\\\/www.primecursos.com.br\\\/blog\\\/wp-content\\\/uploads\\\/2024\\\/01\\\/emprego-desemprego-ca.jpg\",\"keywords\":[\"Seguro Desemprego\"],\"articleSection\":[\"Artigos\"],\"inLanguage\":\"pt-BR\",\"potentialAction\":[{\"@type\":\"CommentAction\",\"name\":\"Comment\",\"target\":[\"https:\\\/\\\/www.primecursos.com.br\\\/blog\\\/quem-tem-direito-parcelas-de-seguro\\\/#respond\"]}]},{\"@type\":\"WebPage\",\"@id\":\"https:\\\/\\\/www.primecursos.com.br\\\/blog\\\/quem-tem-direito-parcelas-de-seguro\\\/\",\"url\":\"https:\\\/\\\/www.primecursos.com.br\\\/blog\\\/quem-tem-direito-parcelas-de-seguro\\\/\",\"name\":\"Seguro desemprego, quem tem direito a 5 parcelas do benef\u00edcio? | Prime Cursos\",\"isPartOf\":{\"@id\":\"https:\\\/\\\/www.primecursos.com.br\\\/blog\\\/#website\"},\"primaryImageOfPage\":{\"@id\":\"https:\\\/\\\/www.primecursos.com.br\\\/blog\\\/quem-tem-direito-parcelas-de-seguro\\\/#primaryimage\"},\"image\":{\"@id\":\"https:\\\/\\\/www.primecursos.com.br\\\/blog\\\/quem-tem-direito-parcelas-de-seguro\\\/#primaryimage\"},\"thumbnailUrl\":\"https:\\\/\\\/www.primecursos.com.br\\\/blog\\\/wp-content\\\/uploads\\\/2024\\\/01\\\/emprego-desemprego-ca.jpg\",\"datePublished\":\"2024-02-04T08:00:00+00:00\",\"description\":\"Confira neste artigo completo, quem tem direito a 5 parcelas do seguro desemprego, e outras informa\u00e7\u00f5es sobre o benef\u00edcio! Veja tudo a seguir!\",\"breadcrumb\":{\"@id\":\"https:\\\/\\\/www.primecursos.com.br\\\/blog\\\/quem-tem-direito-parcelas-de-seguro\\\/#breadcrumb\"},\"inLanguage\":\"pt-BR\",\"potentialAction\":[{\"@type\":\"ReadAction\",\"target\":[\"https:\\\/\\\/www.primecursos.com.br\\\/blog\\\/quem-tem-direito-parcelas-de-seguro\\\/\"]}]},{\"@type\":\"ImageObject\",\"inLanguage\":\"pt-BR\",\"@id\":\"https:\\\/\\\/www.primecursos.com.br\\\/blog\\\/quem-tem-direito-parcelas-de-seguro\\\/#primaryimage\",\"url\":\"https:\\\/\\\/www.primecursos.com.br\\\/blog\\\/wp-content\\\/uploads\\\/2024\\\/01\\\/emprego-desemprego-ca.jpg\",\"contentUrl\":\"https:\\\/\\\/www.primecursos.com.br\\\/blog\\\/wp-content\\\/uploads\\\/2024\\\/01\\\/emprego-desemprego-ca.jpg\",\"width\":1280,\"height\":720,\"caption\":\"uma carteira de trabalho e v\u00e1rias c\u00e9dulas de dinheiro em cima de uma mesa\"},{\"@type\":\"BreadcrumbList\",\"@id\":\"https:\\\/\\\/www.primecursos.com.br\\\/blog\\\/quem-tem-direito-parcelas-de-seguro\\\/#breadcrumb\",\"itemListElement\":[{\"@type\":\"ListItem\",\"position\":1,\"name\":\"In\u00edcio\",\"item\":\"https:\\\/\\\/www.primecursos.com.br\\\/blog\\\/\"},{\"@type\":\"ListItem\",\"position\":2,\"name\":\"Artigos\",\"item\":\"https:\\\/\\\/www.primecursos.com.br\\\/blog\\\/artigos\\\/\"},{\"@type\":\"ListItem\",\"position\":3,\"name\":\"Quem tem direito a 5 parcelas de seguro?\"}]},{\"@type\":\"WebSite\",\"@id\":\"https:\\\/\\\/www.primecursos.com.br\\\/blog\\\/#website\",\"url\":\"https:\\\/\\\/www.primecursos.com.br\\\/blog\\\/\",\"name\":\"Prime Cursos\",\"description\":\"Cursos gr\u00e1tis com certificado v\u00e1lido\",\"publisher\":{\"@id\":\"https:\\\/\\\/www.primecursos.com.br\\\/blog\\\/#organization\"},\"potentialAction\":[{\"@type\":\"SearchAction\",\"target\":{\"@type\":\"EntryPoint\",\"urlTemplate\":\"https:\\\/\\\/www.primecursos.com.br\\\/blog\\\/?s={search_term_string}\"},\"query-input\":{\"@type\":\"PropertyValueSpecification\",\"valueRequired\":true,\"valueName\":\"search_term_string\"}}],\"inLanguage\":\"pt-BR\"},{\"@type\":\"Organization\",\"@id\":\"https:\\\/\\\/www.primecursos.com.br\\\/blog\\\/#organization\",\"name\":\"Prime Cursos Online\",\"url\":\"https:\\\/\\\/www.primecursos.com.br\\\/blog\\\/\",\"logo\":{\"@type\":\"ImageObject\",\"inLanguage\":\"pt-BR\",\"@id\":\"https:\\\/\\\/www.primecursos.com.br\\\/blog\\\/#\\\/schema\\\/logo\\\/image\\\/\",\"url\":\"https:\\\/\\\/www.primecursos.com.br\\\/blog\\\/wp-content\\\/uploads\\\/2018\\\/03\\\/prime-cursos-gratis-online-logo-070318b-1.png\",\"contentUrl\":\"https:\\\/\\\/www.primecursos.com.br\\\/blog\\\/wp-content\\\/uploads\\\/2018\\\/03\\\/prime-cursos-gratis-online-logo-070318b-1.png\",\"width\":330,\"height\":80,\"caption\":\"Prime Cursos Online\"},\"image\":{\"@id\":\"https:\\\/\\\/www.primecursos.com.br\\\/blog\\\/#\\\/schema\\\/logo\\\/image\\\/\"},\"sameAs\":[\"https:\\\/\\\/www.facebook.com\\\/primecursos\\\/\",\"https:\\\/\\\/x.com\\\/primecursosbr\"]},{\"@type\":\"Person\",\"@id\":\"https:\\\/\\\/www.primecursos.com.br\\\/blog\\\/#\\\/schema\\\/person\\\/d9e570444a5061d33b83641549b50417\",\"name\":\"Monique Carvalho\",\"image\":{\"@type\":\"ImageObject\",\"inLanguage\":\"pt-BR\",\"@id\":\"https:\\\/\\\/secure.gravatar.com\\\/avatar\\\/7d34dc598ec643cb440878a465b0e2550bdc51244c45eed66ef933a268da79ea?s=96&d=mm&r=g\",\"url\":\"https:\\\/\\\/secure.gravatar.com\\\/avatar\\\/7d34dc598ec643cb440878a465b0e2550bdc51244c45eed66ef933a268da79ea?s=96&d=mm&r=g\",\"contentUrl\":\"https:\\\/\\\/secure.gravatar.com\\\/avatar\\\/7d34dc598ec643cb440878a465b0e2550bdc51244c45eed66ef933a268da79ea?s=96&d=mm&r=g\",\"caption\":\"Monique Carvalho\"},\"url\":\"https:\\\/\\\/www.primecursos.com.br\\\/blog\\\/author\\\/decarvalho-monique\\\/\"}]}<\/script>\n<!-- \/ Yoast SEO plugin. -->","yoast_head_json":{"title":"Seguro desemprego, quem tem direito a 5 parcelas do benef\u00edcio? | Prime Cursos","description":"Confira neste artigo completo, quem tem direito a 5 parcelas do seguro desemprego, e outras informa\u00e7\u00f5es sobre o benef\u00edcio! Veja tudo a seguir!","robots":{"index":"index","follow":"follow","max-snippet":"max-snippet:-1","max-image-preview":"max-image-preview:large","max-video-preview":"max-video-preview:-1"},"canonical":"https:\/\/www.primecursos.com.br\/blog\/quem-tem-direito-parcelas-de-seguro\/","og_locale":"pt_BR","og_type":"article","og_title":"Seguro desemprego, quem tem direito a 5 parcelas do benef\u00edcio? | Prime Cursos","og_description":"Confira neste artigo completo, quem tem direito a 5 parcelas do seguro desemprego, e outras informa\u00e7\u00f5es sobre o benef\u00edcio! Veja tudo a seguir!","og_url":"https:\/\/www.primecursos.com.br\/blog\/quem-tem-direito-parcelas-de-seguro\/","og_site_name":"Prime Cursos","article_publisher":"https:\/\/www.facebook.com\/primecursos\/","article_published_time":"2024-02-04T08:00:00+00:00","og_image":[{"width":1280,"height":720,"url":"https:\/\/www.primecursos.com.br\/blog\/wp-content\/uploads\/2024\/01\/emprego-desemprego-ca.jpg","type":"image\/jpeg"}],"author":"Monique Carvalho","twitter_misc":{"Escrito por":"Monique Carvalho","Est. tempo de leitura":"17 minutos"},"schema":{"@context":"https:\/\/schema.org","@graph":[{"@type":"Article","@id":"https:\/\/www.primecursos.com.br\/blog\/quem-tem-direito-parcelas-de-seguro\/#article","isPartOf":{"@id":"https:\/\/www.primecursos.com.br\/blog\/quem-tem-direito-parcelas-de-seguro\/"},"author":{"name":"Monique Carvalho","@id":"https:\/\/www.primecursos.com.br\/blog\/#\/schema\/person\/d9e570444a5061d33b83641549b50417"},"headline":"Quem tem direito a 5 parcelas de seguro?","datePublished":"2024-02-04T08:00:00+00:00","mainEntityOfPage":{"@id":"https:\/\/www.primecursos.com.br\/blog\/quem-tem-direito-parcelas-de-seguro\/"},"wordCount":1519,"commentCount":0,"publisher":{"@id":"https:\/\/www.primecursos.com.br\/blog\/#organization"},"image":{"@id":"https:\/\/www.primecursos.com.br\/blog\/quem-tem-direito-parcelas-de-seguro\/#primaryimage"},"thumbnailUrl":"https:\/\/www.primecursos.com.br\/blog\/wp-content\/uploads\/2024\/01\/emprego-desemprego-ca.jpg","keywords":["Seguro Desemprego"],"articleSection":["Artigos"],"inLanguage":"pt-BR","potentialAction":[{"@type":"CommentAction","name":"Comment","target":["https:\/\/www.primecursos.com.br\/blog\/quem-tem-direito-parcelas-de-seguro\/#respond"]}]},{"@type":"WebPage","@id":"https:\/\/www.primecursos.com.br\/blog\/quem-tem-direito-parcelas-de-seguro\/","url":"https:\/\/www.primecursos.com.br\/blog\/quem-tem-direito-parcelas-de-seguro\/","name":"Seguro desemprego, quem tem direito a 5 parcelas do benef\u00edcio? | Prime Cursos","isPartOf":{"@id":"https:\/\/www.primecursos.com.br\/blog\/#website"},"primaryImageOfPage":{"@id":"https:\/\/www.primecursos.com.br\/blog\/quem-tem-direito-parcelas-de-seguro\/#primaryimage"},"image":{"@id":"https:\/\/www.primecursos.com.br\/blog\/quem-tem-direito-parcelas-de-seguro\/#primaryimage"},"thumbnailUrl":"https:\/\/www.primecursos.com.br\/blog\/wp-content\/uploads\/2024\/01\/emprego-desemprego-ca.jpg","datePublished":"2024-02-04T08:00:00+00:00","description":"Confira neste artigo completo, quem tem direito a 5 parcelas do seguro desemprego, e outras informa\u00e7\u00f5es sobre o benef\u00edcio! Veja tudo a seguir!","breadcrumb":{"@id":"https:\/\/www.primecursos.com.br\/blog\/quem-tem-direito-parcelas-de-seguro\/#breadcrumb"},"inLanguage":"pt-BR","potentialAction":[{"@type":"ReadAction","target":["https:\/\/www.primecursos.com.br\/blog\/quem-tem-direito-parcelas-de-seguro\/"]}]},{"@type":"ImageObject","inLanguage":"pt-BR","@id":"https:\/\/www.primecursos.com.br\/blog\/quem-tem-direito-parcelas-de-seguro\/#primaryimage","url":"https:\/\/www.primecursos.com.br\/blog\/wp-content\/uploads\/2024\/01\/emprego-desemprego-ca.jpg","contentUrl":"https:\/\/www.primecursos.com.br\/blog\/wp-content\/uploads\/2024\/01\/emprego-desemprego-ca.jpg","width":1280,"height":720,"caption":"uma carteira de trabalho e v\u00e1rias c\u00e9dulas de dinheiro em cima de uma mesa"},{"@type":"BreadcrumbList","@id":"https:\/\/www.primecursos.com.br\/blog\/quem-tem-direito-parcelas-de-seguro\/#breadcrumb","itemListElement":[{"@type":"ListItem","position":1,"name":"In\u00edcio","item":"https:\/\/www.primecursos.com.br\/blog\/"},{"@type":"ListItem","position":2,"name":"Artigos","item":"https:\/\/www.primecursos.com.br\/blog\/artigos\/"},{"@type":"ListItem","position":3,"name":"Quem tem direito a 5 parcelas de seguro?"}]},{"@type":"WebSite","@id":"https:\/\/www.primecursos.com.br\/blog\/#website","url":"https:\/\/www.primecursos.com.br\/blog\/","name":"Prime Cursos","description":"Cursos gr\u00e1tis com certificado v\u00e1lido","publisher":{"@id":"https:\/\/www.primecursos.com.br\/blog\/#organization"},"potentialAction":[{"@type":"SearchAction","target":{"@type":"EntryPoint","urlTemplate":"https:\/\/www.primecursos.com.br\/blog\/?s={search_term_string}"},"query-input":{"@type":"PropertyValueSpecification","valueRequired":true,"valueName":"search_term_string"}}],"inLanguage":"pt-BR"},{"@type":"Organization","@id":"https:\/\/www.primecursos.com.br\/blog\/#organization","name":"Prime Cursos Online","url":"https:\/\/www.primecursos.com.br\/blog\/","logo":{"@type":"ImageObject","inLanguage":"pt-BR","@id":"https:\/\/www.primecursos.com.br\/blog\/#\/schema\/logo\/image\/","url":"https:\/\/www.primecursos.com.br\/blog\/wp-content\/uploads\/2018\/03\/prime-cursos-gratis-online-logo-070318b-1.png","contentUrl":"https:\/\/www.primecursos.com.br\/blog\/wp-content\/uploads\/2018\/03\/prime-cursos-gratis-online-logo-070318b-1.png","width":330,"height":80,"caption":"Prime Cursos Online"},"image":{"@id":"https:\/\/www.primecursos.com.br\/blog\/#\/schema\/logo\/image\/"},"sameAs":["https:\/\/www.facebook.com\/primecursos\/","https:\/\/x.com\/primecursosbr"]},{"@type":"Person","@id":"https:\/\/www.primecursos.com.br\/blog\/#\/schema\/person\/d9e570444a5061d33b83641549b50417","name":"Monique Carvalho","image":{"@type":"ImageObject","inLanguage":"pt-BR","@id":"https:\/\/secure.gravatar.com\/avatar\/7d34dc598ec643cb440878a465b0e2550bdc51244c45eed66ef933a268da79ea?s=96&d=mm&r=g","url":"https:\/\/secure.gravatar.com\/avatar\/7d34dc598ec643cb440878a465b0e2550bdc51244c45eed66ef933a268da79ea?s=96&d=mm&r=g","contentUrl":"https:\/\/secure.gravatar.com\/avatar\/7d34dc598ec643cb440878a465b0e2550bdc51244c45eed66ef933a268da79ea?s=96&d=mm&r=g","caption":"Monique Carvalho"},"url":"https:\/\/www.primecursos.com.br\/blog\/author\/decarvalho-monique\/"}]}},"taxonomy_info":{"category":[{"value":1,"label":"Artigos"}],"post_tag":[{"value":199,"label":"Seguro Desemprego"}]},"featured_image_src_large":["https:\/\/www.primecursos.com.br\/blog\/wp-content\/uploads\/2024\/01\/emprego-desemprego-ca-1024x576.jpg",1024,576,true],"author_info":{"display_name":"Monique Carvalho","author_link":"https:\/\/www.primecursos.com.br\/blog\/author\/decarvalho-monique\/"},"comment_info":0,"category_info":[{"term_id":1,"name":"Artigos","slug":"artigos","term_group":0,"term_taxonomy_id":1,"taxonomy":"category","description":"","parent":0,"count":983,"filter":"raw","cat_ID":1,"category_count":983,"category_description":"","cat_name":"Artigos","category_nicename":"artigos","category_parent":0}],"tag_info":[{"term_id":199,"name":"Seguro Desemprego","slug":"seguro-desemprego","term_group":0,"term_taxonomy_id":199,"taxonomy":"post_tag","description":"","parent":0,"count":12,"filter":"raw"}],"_links":{"self":[{"href":"https:\/\/www.primecursos.com.br\/blog\/wp-json\/wp\/v2\/posts\/11705","targetHints":{"allow":["GET"]}}],"collection":[{"href":"https:\/\/www.primecursos.com.br\/blog\/wp-json\/wp\/v2\/posts"}],"about":[{"href":"https:\/\/www.primecursos.com.br\/blog\/wp-json\/wp\/v2\/types\/post"}],"author":[{"embeddable":true,"href":"https:\/\/www.primecursos.com.br\/blog\/wp-json\/wp\/v2\/users\/11"}],"replies":[{"embeddable":true,"href":"https:\/\/www.primecursos.com.br\/blog\/wp-json\/wp\/v2\/comments?post=11705"}],"version-history":[{"count":0,"href":"https:\/\/www.primecursos.com.br\/blog\/wp-json\/wp\/v2\/posts\/11705\/revisions"}],"wp:featuredmedia":[{"embeddable":true,"href":"https:\/\/www.primecursos.com.br\/blog\/wp-json\/wp\/v2\/media\/11695"}],"wp:attachment":[{"href":"https:\/\/www.primecursos.com.br\/blog\/wp-json\/wp\/v2\/media?parent=11705"}],"wp:term":[{"taxonomy":"category","embeddable":true,"href":"https:\/\/www.primecursos.com.br\/blog\/wp-json\/wp\/v2\/categories?post=11705"},{"taxonomy":"post_tag","embeddable":true,"href":"https:\/\/www.primecursos.com.br\/blog\/wp-json\/wp\/v2\/tags?post=11705"}],"curies":[{"name":"wp","href":"https:\/\/api.w.org\/{rel}","templated":true}]}}