{"id":11889,"date":"2024-02-21T08:00:00","date_gmt":"2024-02-21T08:00:00","guid":{"rendered":"https:\/\/www.primecursos.com.br\/blog\/?p=11889"},"modified":"2025-08-15T18:29:56","modified_gmt":"2025-08-15T18:29:56","slug":"juntar-tempo-duas-empresas-receber-seguro-desemprego","status":"publish","type":"post","link":"https:\/\/www.primecursos.com.br\/blog\/juntar-tempo-duas-empresas-receber-seguro-desemprego\/","title":{"rendered":"Pode juntar o tempo de duas empresas para receber o seguro-desemprego?"},"content":{"rendered":"\n<p><strong>O seguro-desemprego \u00e9 um dos mais valiosos direitos trabalhistas que temos no Brasil.<\/strong> Trata-se de um benef\u00edcio concedido aos trabalhadores que foram demitidos sem justa causa, e que atendem aos requisitos estabelecidos pela legisla\u00e7\u00e3o respons\u00e1vel pelos direitos e condi\u00e7\u00f5es de trabalho em nosso pa\u00eds.&nbsp;<\/p>\n\n\n\n<p>O conhecimento acerca desse e outros direitos trabalhistas \u00e9 essencial para todo trabalhador, independente da sua categoria e \u00e1rea de atua\u00e7\u00e3o. <strong>Por meio dele, \u00e9 poss\u00edvel ter mais autonomia e se certificar de que seus direitos sejam devidamente respeitados.<\/strong><\/p>\n\n\n\n<p>Voc\u00ea sabe como funciona o seguro-desemprego? Precisa se informar melhor sobre o assunto para realizar o requerimento desse direito trabalhista? Interessado em saber se d\u00e1 para juntar o tempo de duas ou mais empresas para receber o benef\u00edcio?&nbsp;<\/p>\n\n\n\n<!--more-->\n\n\n<style>.kb-table-of-content-nav.kb-table-of-content-id11889_822ada-4b .kb-table-of-content-wrap{padding-top:var(--global-kb-spacing-sm, 1.5rem);padding-right:var(--global-kb-spacing-sm, 1.5rem);padding-bottom:var(--global-kb-spacing-sm, 1.5rem);padding-left:var(--global-kb-spacing-sm, 1.5rem);background-color:var(--global-palette8, #F7FAFC);}.kb-table-of-content-nav.kb-table-of-content-id11889_822ada-4b .kb-table-of-contents-title-wrap{padding-top:0px;padding-right:0px;padding-bottom:0px;padding-left:0px;}.kb-table-of-content-nav.kb-table-of-content-id11889_822ada-4b .kb-table-of-contents-title{font-size:16px;font-weight:regular;font-style:normal;}.kb-table-of-content-nav.kb-table-of-content-id11889_822ada-4b .kb-table-of-content-wrap .kb-table-of-content-list{font-size:var(--global-kb-font-size-sm, 0.9rem);font-weight:regular;font-style:normal;margin-top:var(--global-kb-spacing-xxs, 0.5rem);margin-right:0px;margin-bottom:0px;margin-left:0px;}.kb-table-of-content-nav.kb-table-of-content-id11889_822ada-4b .kb-toggle-icon-style-basiccircle .kb-table-of-contents-icon-trigger:after, .kb-table-of-content-nav.kb-table-of-content-id11889_822ada-4b .kb-toggle-icon-style-basiccircle .kb-table-of-contents-icon-trigger:before, .kb-table-of-content-nav.kb-table-of-content-id11889_822ada-4b .kb-toggle-icon-style-arrowcircle .kb-table-of-contents-icon-trigger:after, .kb-table-of-content-nav.kb-table-of-content-id11889_822ada-4b .kb-toggle-icon-style-arrowcircle .kb-table-of-contents-icon-trigger:before, .kb-table-of-content-nav.kb-table-of-content-id11889_822ada-4b .kb-toggle-icon-style-xclosecircle .kb-table-of-contents-icon-trigger:after, .kb-table-of-content-nav.kb-table-of-content-id11889_822ada-4b .kb-toggle-icon-style-xclosecircle .kb-table-of-contents-icon-trigger:before{background-color:var(--global-palette8, #F7FAFC);}<\/style>\n\n\n<h2 class=\"wp-block-heading\" id=\"h-como-funciona-o-seguro-desemprego\">Como funciona o seguro-desemprego?<\/h2>\n\n\n\n<p><strong>O seguro-desemprego \u00e9 um benef\u00edcio social destinado a trabalhadores,<\/strong> criado com o intuito de proporcionar assist\u00eancia financeira tempor\u00e1ria para pessoas que s\u00e3o dispensadas de seus postos de trabalho.&nbsp;<\/p>\n\n\n<div class=\"wp-block-image\">\n<figure class=\"aligncenter size-large is-resized\"><a href=\"https:\/\/www.primecursos.com.br\/blog\/wp-content\/uploads\/2024\/01\/salario-carteira-ca.jpg\"><img decoding=\"async\" width=\"1024\" height=\"576\" src=\"https:\/\/www.primecursos.com.br\/blog\/wp-content\/uploads\/2024\/01\/salario-carteira-ca-1024x576.jpg\" alt=\"pessoa segurando v\u00e1rias c\u00e9dulas de tinheiro e uma carteira de trabalho ao fundo\" class=\"wp-image-11902\" style=\"object-fit:cover;width:800px;height:600px\" srcset=\"https:\/\/www.primecursos.com.br\/blog\/wp-content\/uploads\/2024\/01\/salario-carteira-ca-1024x576.jpg 1024w, https:\/\/www.primecursos.com.br\/blog\/wp-content\/uploads\/2024\/01\/salario-carteira-ca-300x169.jpg 300w, https:\/\/www.primecursos.com.br\/blog\/wp-content\/uploads\/2024\/01\/salario-carteira-ca-768x432.jpg 768w, https:\/\/www.primecursos.com.br\/blog\/wp-content\/uploads\/2024\/01\/salario-carteira-ca-150x84.jpg 150w, https:\/\/www.primecursos.com.br\/blog\/wp-content\/uploads\/2024\/01\/salario-carteira-ca.jpg 1280w\" sizes=\"(max-width: 1024px) 100vw, 1024px\" \/><\/a><\/figure>\n<\/div>\n\n\n<p>Essa medida foi implementada em 1986, e tem como objetivo apoiar aqueles que perderam seus empregos sem justa causa, <strong>garantindo compensa\u00e7\u00e3o financeira para que o trabalhador possa sustentar a si mesmo e sua fam\u00edlia durante a busca por novas oportunidades profissionais.<\/strong><\/p>\n\n\n\n<p>Desse modo, o seguro contribui para a seguran\u00e7a financeira das pessoas que enfrentam o desemprego, integrando-se ao sistema de seguridade social, conforme estipulado pelo <a href=\"https:\/\/constituicao.stf.jus.br\/dispositivo\/cf-88-parte-1-titulo-2-capitulo-2-artigo-7\" target=\"_blank\" rel=\"noreferrer noopener nofollow\">artigo 7\u00ba dos Direitos Sociais da Constitui\u00e7\u00e3o Federal<\/a>.&nbsp;<\/p>\n\n\n\n<p>A Lei n.\u00ba 7.998\/90 estabeleceu o Programa do Seguro-Desemprego, identificando o <a href=\"https:\/\/portalfat.mte.gov.br\/\" target=\"_blank\" rel=\"noreferrer noopener nofollow\">Fundo de Amparo ao Trabalhador (FAT) <\/a>como sua fonte de financiamento, proveniente principalmente das contribui\u00e7\u00f5es do PIS e Pasep. <\/p>\n\n\n\n<p>Al\u00e9m de proporcionar assist\u00eancia financeira tempor\u00e1ria, <strong>o programa tamb\u00e9m se destina a auxiliar na manuten\u00e7\u00e3o e busca de emprego por meio de a\u00e7\u00f5es integradas de intermedia\u00e7\u00e3o de m\u00e3o-de-obra e qualifica\u00e7\u00e3o profissional.<\/strong><\/p>\n\n\n\n<p>O benef\u00edcio \u00e9 distribu\u00eddo mensalmente, com o n\u00famero de parcelas variando de acordo com o tempo de trabalho do indiv\u00edduo. Atualmente, \u00e9 composto por cinco modalidades:<\/p>\n\n\n\n<ol class=\"wp-block-list\">\n<li><strong>Seguro-Desemprego Formal<\/strong>, que prov\u00ea assist\u00eancia financeira tempor\u00e1ria a trabalhadores dispensados sem justa causa.<\/li>\n\n\n\n<li><strong>Seguro-Desemprego Pescador Artesana<\/strong>l, que contempla pescadores profissionais que exercem atividade artesanal e interrompem a pesca devido ao per\u00edodo de proibi\u00e7\u00e3o (defeso).<\/li>\n\n\n\n<li>Bolsa Qualifica\u00e7\u00e3o, que subsidia trabalhadores com contrato suspenso, matriculados em cursos de qualifica\u00e7\u00e3o profissional <strong>conforme acordo de trabalho.<\/strong><\/li>\n\n\n\n<li><strong>Seguro-Desemprego Empregado Dom\u00e9stico<\/strong>, que oferece assist\u00eancia financeira tempor\u00e1ria a empregados dom\u00e9sticos dispensados sem justa causa.<\/li>\n\n\n\n<li><strong>Seguro-Desemprego Trabalhador Resgatado,<\/strong> um aux\u00edlio tempor\u00e1rio para trabalhadores resgatados de condi\u00e7\u00f5es an\u00e1logas \u00e0 escravid\u00e3o, com direito a no m\u00e1ximo tr\u00eas parcelas no valor de um sal\u00e1rio m\u00ednimo.<\/li>\n<\/ol>\n\n\n<div class=\"wp-block-image\">\n<figure class=\"aligncenter size-large\"><a href=\"https:\/\/www.primecursos.com.br\/blog\/wp-content\/uploads\/2024\/01\/servico-carteira-assinada-ca.jpg\"><img decoding=\"async\" width=\"1024\" height=\"576\" src=\"https:\/\/www.primecursos.com.br\/blog\/wp-content\/uploads\/2024\/01\/servico-carteira-assinada-ca-1024x576.jpg\" alt=\"carteira de trabalho para seguro-desemprego\" class=\"wp-image-11862\" srcset=\"https:\/\/www.primecursos.com.br\/blog\/wp-content\/uploads\/2024\/01\/servico-carteira-assinada-ca-1024x576.jpg 1024w, https:\/\/www.primecursos.com.br\/blog\/wp-content\/uploads\/2024\/01\/servico-carteira-assinada-ca-300x169.jpg 300w, https:\/\/www.primecursos.com.br\/blog\/wp-content\/uploads\/2024\/01\/servico-carteira-assinada-ca-768x432.jpg 768w, https:\/\/www.primecursos.com.br\/blog\/wp-content\/uploads\/2024\/01\/servico-carteira-assinada-ca-150x84.jpg 150w, https:\/\/www.primecursos.com.br\/blog\/wp-content\/uploads\/2024\/01\/servico-carteira-assinada-ca.jpg 1280w\" sizes=\"(max-width: 1024px) 100vw, 1024px\" \/><\/a><\/figure>\n<\/div>\n\n\n<p>\u00c9 interessante considerar que, para usufruir desse direito, o trabalhador n\u00e3o pode receber benef\u00edcio previdenci\u00e1rio cont\u00ednuo, <strong>exceto para benefici\u00e1rios de aux\u00edlio-acidente<\/strong>, aux\u00edlio suplementar e abono de perman\u00eancia em servi\u00e7o.&nbsp;<\/p>\n\n\n\n<p>Devido \u00e0 reforma trabalhista e \u00e0s mudan\u00e7as na legisla\u00e7\u00e3o, recomenda-se que o trabalhador busque informa\u00e7\u00f5es espec\u00edficas sobre seu caso para garantir a solicita\u00e7\u00e3o adequada desse direito e evitar poss\u00edveis complica\u00e7\u00f5es.<\/p>\n\n\n\n<p>A busca por mais detalhes acerca do benef\u00edcio tamb\u00e9m permite que o trabalhador desenvolva um planejamento financeiro eficiente para o seu caso durante o tempo em que estiver desempregado e recebendo o <strong>seguro-desemprego.&nbsp;<\/strong><\/p>\n\n\n\n<p>Para requerer o seguro, no entanto<strong>, \u00e9 preciso seguir alguns crit\u00e9rios<\/strong>, como o tempo de trabalho. Veja no pr\u00f3ximo t\u00f3pico quais s\u00e3o as exig\u00eancias nesse sentido.&nbsp;<\/p>\n\n\n\n<h2 class=\"wp-block-heading\" id=\"h-quanto-tempo-de-trabalho-e-necessario\">Quanto tempo de trabalho \u00e9 necess\u00e1rio?<\/h2>\n\n\n\n<p>No ano de 2015, o Brasil passou por uma reforma trabalhista visando flexibilizar as rela\u00e7\u00f5es de trabalho e introduzir mudan\u00e7as nas regras. Entre essas altera\u00e7\u00f5es, destaca-se o endurecimento das <strong>exig\u00eancias e requisitos para que o trabalhador tenha acesso ao seguro-desemprego.&nbsp;<\/strong><\/p>\n\n\n\n<p>Antes, era suficiente ter trabalhado com carteira assinada por pelo menos 6 meses para ser eleg\u00edvel ao benef\u00edcio. Hoje, no entanto, as exig\u00eancias s\u00e3o outras: a varia\u00e7\u00e3o do tempo m\u00ednimo necess\u00e1rio depende do<strong> hist\u00f3rico de solicita\u00e7\u00f5es anteriores<\/strong> que o trabalhador fez para receber o benef\u00edcio.&nbsp;<\/p>\n\n\n\n<p>Para quem est\u00e1 pedindo o seguro-desemprego pela primeira vez, o requisito \u00e9 ter acumulado, no m\u00ednimo, 12 meses de trabalho nos \u00faltimos 18 meses antes da dispensa. <\/p>\n\n\n\n<p>Se for a segunda vez, \u00e9 preciso ter cumprido pelo menos 9 meses de trabalho nos \u00faltimos 12 meses anteriores ao pedido. A partir da terceira vez, \u00e9 necess\u00e1rio comprovar uma rela\u00e7\u00e3o laboral de pelo menos 6 meses antes da dispensa.<\/p>\n\n\n<div class=\"wp-block-image\">\n<figure class=\"aligncenter size-full\"><a href=\"https:\/\/www.primecursos.com.br\/blog\/wp-content\/uploads\/2023\/12\/estudante-ca.jpg\"><img decoding=\"async\" width=\"800\" height=\"600\" src=\"https:\/\/www.primecursos.com.br\/blog\/wp-content\/uploads\/2023\/12\/estudante-ca.jpg\" alt=\"mulher em frente ao seu computador, em sua mesa\" class=\"wp-image-10991\" srcset=\"https:\/\/www.primecursos.com.br\/blog\/wp-content\/uploads\/2023\/12\/estudante-ca.jpg 800w, https:\/\/www.primecursos.com.br\/blog\/wp-content\/uploads\/2023\/12\/estudante-ca-300x225.jpg 300w, https:\/\/www.primecursos.com.br\/blog\/wp-content\/uploads\/2023\/12\/estudante-ca-768x576.jpg 768w, https:\/\/www.primecursos.com.br\/blog\/wp-content\/uploads\/2023\/12\/estudante-ca-150x113.jpg 150w\" sizes=\"(max-width: 800px) 100vw, 800px\" \/><\/a><\/figure>\n<\/div>\n\n\n<p><strong>Os processos de solicita\u00e7\u00e3o e o saque das parcelas do seguro-desemprego <\/strong>s\u00e3o inteiramente gratuitos, sem a necessidade de pagar qualquer taxa. Em rela\u00e7\u00e3o ao momento do requerimento, \u00e9 importante observar que:&nbsp;<\/p>\n\n\n\n<ul class=\"wp-block-list\">\n<li><strong>O trabalhador formal<\/strong> deve fazer a solicita\u00e7\u00e3o entre o 7\u00ba e o 120\u00ba dia ap\u00f3s a demiss\u00e3o.<\/li>\n\n\n\n<li>Quem trabalha como empregador dom\u00e9stico tem entre o 7\u00ba e o 90\u00ba dia ap\u00f3s a demiss\u00e3o para pedir o seguro-desemprego.<\/li>\n\n\n\n<li><strong>O pescador artesanal <\/strong>pode requerer o benef\u00edcio durante o per\u00edodo de defeso, em at\u00e9 120 dias do in\u00edcio da proibi\u00e7\u00e3o.<\/li>\n\n\n\n<li><strong>O empregado afastado<\/strong> por motivos de qualifica\u00e7\u00e3o pode solicitar durante a suspens\u00e3o do contrato de trabalho.<\/li>\n\n\n\n<li><strong>O trabalhador resgatado de situa\u00e7\u00f5es an\u00e1logas \u00e0 escravid\u00e3o<\/strong> tem at\u00e9 o 90\u00ba dia ap\u00f3s o resgate.<\/li>\n<\/ul>\n\n\n\n<p>Estar bem informado sobre seus direitos \u00e9 um dever enquanto cidad\u00e3o e trabalhador. Isso n\u00e3o s\u00f3 serve para destacar a import\u00e2ncia da prote\u00e7\u00e3o social no contexto laboral, <strong>como tamb\u00e9m para fortalecer a posi\u00e7\u00e3o do trabalhador no mercado de trabalho.<\/strong><\/p>\n\n\n\n<p>\u00c9 preciso reconhecer o papel do seguro-desemprego como uma forma de amparo para os trabalhadores diante da dispensa sem justa causa. <\/p>\n\n\n\n<p>Se essa \u00e9 a sua situa\u00e7\u00e3o, provavelmente est\u00e1 interessado em saber se h\u00e1 a possibilidade de <strong>reunir os meses de trabalho em diferentes empresas<\/strong> como forma de atingir o tempo m\u00ednimo de trabalho e ter acesso ao benef\u00edcio. \u00c9 o que esclarecemos no pr\u00f3ximo t\u00f3pico.<\/p>\n\n\n\n<h2 class=\"wp-block-heading\" id=\"h-pode-juntar-os-meses-de-trabalho-para-receber-o-beneficio-nbsp\">Pode juntar os meses de trabalho para receber o benef\u00edcio?&nbsp;<\/h2>\n\n\n\n<p>Como nem sempre o trabalhador consegue atingir o tempo m\u00ednimo de trabalho em um \u00fanico emprego para ter acesso ao seguro-desemprego, \u00e9 comum surgirem d\u00favidas se \u00e9 vi\u00e1vel juntar o tempo de duas empresas para<strong> receber o benef\u00edcio.&nbsp;<\/strong><\/p>\n\n\n<div class=\"wp-block-image\">\n<figure class=\"aligncenter size-large is-resized\"><a href=\"https:\/\/www.primecursos.com.br\/blog\/wp-content\/uploads\/2024\/01\/receber-ca.jpg\"><img decoding=\"async\" width=\"1024\" height=\"576\" src=\"https:\/\/www.primecursos.com.br\/blog\/wp-content\/uploads\/2024\/01\/receber-ca-1024x576.jpg\" alt=\"v\u00e1rias notas de dinheiro dobradas na m\u00e3o de uma pessoa\" class=\"wp-image-11900\" style=\"object-fit:cover;width:800px;height:600px\" srcset=\"https:\/\/www.primecursos.com.br\/blog\/wp-content\/uploads\/2024\/01\/receber-ca-1024x576.jpg 1024w, https:\/\/www.primecursos.com.br\/blog\/wp-content\/uploads\/2024\/01\/receber-ca-300x169.jpg 300w, https:\/\/www.primecursos.com.br\/blog\/wp-content\/uploads\/2024\/01\/receber-ca-768x432.jpg 768w, https:\/\/www.primecursos.com.br\/blog\/wp-content\/uploads\/2024\/01\/receber-ca-150x84.jpg 150w, https:\/\/www.primecursos.com.br\/blog\/wp-content\/uploads\/2024\/01\/receber-ca.jpg 1280w\" sizes=\"(max-width: 1024px) 100vw, 1024px\" \/><\/a><\/figure>\n<\/div>\n\n\n<p>E a resposta \u00e9 sim! Somar os per\u00edodos trabalhados para atender a essa exig\u00eancia \u00e9 uma possibilidade \u2013<strong> desde que sejam respeitados os crit\u00e9rios para que o direito seja disponibilizado.<\/strong><\/p>\n\n\n\n<p>Cada uma das empresas onde o profissional tiver trabalhado e quiser utilizar para atingir o tempo m\u00ednimo deve estar dentro dos crit\u00e9rios estabelecidos pela legisla\u00e7\u00e3o para que seus meses de trabalho sejam computados.&nbsp;<\/p>\n\n\n\n<p>Al\u00e9m disso,<strong> o trabalhador deve ter sido demitido sem justa causa<\/strong>, ter trabalhado durante o per\u00edodo condizente \u00e0s exig\u00eancias de sua solicita\u00e7\u00e3o e n\u00e3o estar recebendo nenhum outro benef\u00edcio da Previd\u00eancia Social, exceto pens\u00e3o por morte ou aux\u00edlio-acidente.<\/p>\n\n\n\n<p>Ao juntar os meses de trabalho em duas empresas, o trabalhador aumenta suas chances de obter os benef\u00edcios do seguro-desemprego, como a garantia de r<em>eceber uma renda tempor\u00e1ria para suprir as necessidades b\u00e1sicas enquanto busca uma nova coloca\u00e7\u00e3o profissional.<\/em><\/p>\n\n\n\n<p>Para solicitar o seguro-desemprego, o trabalhador deve comparecer a um posto de atendimento do Minist\u00e9rio do Trabalho e Emprego ou utilizar o sistema online do benef\u00edcio. <strong>\u00c9 necess\u00e1rio apresentar os documentos que comprovem o v\u00ednculo empregat\u00edcio e o tempo de trabalho em cada empresa.<\/strong><\/p>\n\n\n\n<p>Veja a seguir mais orienta\u00e7\u00f5es que v\u00e3o te ajudar a reunir os v\u00ednculos empregat\u00edcios para acumular maior tempo de trabalho.<\/p>\n\n\n\n<h2 class=\"wp-block-heading\" id=\"h-como-juntar-os-vinculos-para-o-seguro-desemprego\">Como juntar os v\u00ednculos para o seguro-desemprego?<\/h2>\n\n\n\n<p>Voc\u00ea j\u00e1 deve ter percebido que essa \u00e9 uma d\u00favida bastante comum entre as pessoas que est\u00e3o em busca desse benef\u00edcio. <\/p>\n\n\n\n<figure class=\"wp-block-embed is-type-video is-provider-youtube wp-block-embed-youtube wp-embed-aspect-16-9 wp-has-aspect-ratio\"><div class=\"wp-block-embed__wrapper\">\n<iframe title=\"Posso somar dois per\u00edodos de trabalho para o Seguro Desemprego? #segurodesemprego #shortsfeed\" width=\"720\" height=\"405\" src=\"https:\/\/www.youtube.com\/embed\/-GvnGQwhuFI?feature=oembed&#038;enablejsapi=1&#038;origin=https:\/\/www.primecursos.com.br\" frameborder=\"0\" allow=\"accelerometer; autoplay; clipboard-write; encrypted-media; gyroscope; picture-in-picture; web-share\" referrerpolicy=\"strict-origin-when-cross-origin\" allowfullscreen><\/iframe>\n<\/div><\/figure>\n\n\n\n<p>Antes de qualquer coisa, \u00e9 preciso saber que, <strong>para ter acesso ao seguro-desemprego,<\/strong> \u00e9 preciso comprovar o v\u00ednculo empregat\u00edcio com as empresas onde voc\u00ea trabalhou. Isso pode ser feito atrav\u00e9s dos contracheques e do registro na Carteira de Trabalho e Previd\u00eancia Social (CTPS).<\/p>\n\n\n\n<p>Se a sua CTPS estiver devidamente preenchida e atualizada com os \u00faltimos v\u00ednculos empregat\u00edcios, j\u00e1 \u00e9 meio caminho andado. Na sua carteira, <strong>devem constar as informa\u00e7\u00f5es detalhadas<\/strong> sobre os empregos que voc\u00ea teve, como nome da empresa, data de admiss\u00e3o e data de sa\u00edda.<\/p>\n\n\n\n<p>Al\u00e9m da CTPS, \u00e9 interessante ter em m\u00e3os os contracheques dos \u00faltimos meses de trabalho, que s\u00e3o os documentos que comprovam o v\u00ednculo com essas empresas, <strong>podendo ser utilizados como meio de prova para a solicita\u00e7\u00e3o do seguro-desemprego.&nbsp;<\/strong><\/p>\n\n\n\n<p>Providencie tamb\u00e9m o Documento do Requerimento do Seguro-Desemprego (que o empregador deve fornecer no momento da dispensa sem justa causa) e o n\u00famero do seu CPF.<\/p>\n\n\n\n<p>O pr\u00f3ximo passo \u00e9 apresentar esses documentos, o que pode ser feito online (pelo <a href=\"https:\/\/www.gov.br\/pt-br\" target=\"_blank\" rel=\"noreferrer noopener nofollow\">Portal Gov.br<\/a> ou pelo <a href=\"https:\/\/www.gov.br\/pt-br\/temas\/carteira-de-trabalho-digital\" target=\"_blank\" rel=\"noreferrer noopener nofollow\">Aplicativo Carteira de Trabalho Digital<\/a>) ou presencialmente (em postos credenciados pelo Minist\u00e9rio do Trabalho e Emprego, com agendamento realizado ligando para a central 158).<\/p>\n\n\n\n<p><strong>Vale destacar que cada caso \u00e9 \u00fanico e pode haver exig\u00eancias espec\u00edficas<\/strong> para determinadas situa\u00e7\u00f5es, como desemprego em decorr\u00eancia de rescis\u00e3o indireta, por exemplo. <\/p>\n\n\n\n<p>Se essa n\u00e3o for a primeira vez que voc\u00ea est\u00e1 solicitando o seguro-desemprego, h\u00e1 outro <strong>detalhe no qual \u00e9 importante atentar.<\/strong> H\u00e1 uma car\u00eancia de pelo menos 18 meses entre a solicita\u00e7\u00e3o atual e a dispensa anterior. Isso significa que ser\u00e1 preciso aguardar esse per\u00edodo de car\u00eancia para solicitar o benef\u00edcio novamente.<\/p>\n\n\n<div class=\"wp-block-image\">\n<figure class=\"aligncenter size-large\"><a href=\"https:\/\/www.primecursos.com.br\/blog\/wp-content\/uploads\/2024\/01\/atendimento-seguro-desemprego-ca.jpg\"><img decoding=\"async\" width=\"1024\" height=\"576\" src=\"https:\/\/www.primecursos.com.br\/blog\/wp-content\/uploads\/2024\/01\/atendimento-seguro-desemprego-ca-1024x576.jpg\" alt=\"pessoa sendo atendida em uma ag\u00eancia para solicita\u00e7ao de benef\u00edcio do seguro-desemprego\" class=\"wp-image-11702\" srcset=\"https:\/\/www.primecursos.com.br\/blog\/wp-content\/uploads\/2024\/01\/atendimento-seguro-desemprego-ca-1024x576.jpg 1024w, https:\/\/www.primecursos.com.br\/blog\/wp-content\/uploads\/2024\/01\/atendimento-seguro-desemprego-ca-300x169.jpg 300w, https:\/\/www.primecursos.com.br\/blog\/wp-content\/uploads\/2024\/01\/atendimento-seguro-desemprego-ca-768x432.jpg 768w, https:\/\/www.primecursos.com.br\/blog\/wp-content\/uploads\/2024\/01\/atendimento-seguro-desemprego-ca-150x84.jpg 150w, https:\/\/www.primecursos.com.br\/blog\/wp-content\/uploads\/2024\/01\/atendimento-seguro-desemprego-ca.jpg 1280w\" sizes=\"(max-width: 1024px) 100vw, 1024px\" \/><\/a><\/figure>\n<\/div>\n\n\n<p>Em caso de d\u00favidas, recomendamos que voc\u00ea busque orienta\u00e7\u00e3o adequada para estar ciente dos seus direitos e assim garantir o acesso ao benef\u00edcio. <strong>Advogados trabalhistas e sindicatos da sua categoria <\/strong>e postos de atendimento ao trabalhador <strong>credenciados pelo governo.<\/strong><\/p>\n\n\n\n<h2 class=\"wp-block-heading\" id=\"h-enriqueca-seu-curriculo-com-a-prime-cursos-nbsp\">Enrique\u00e7a seu curr\u00edculo com a Prime Cursos!&nbsp;<\/h2>\n\n\n\n<p>Esteja ou n\u00e3o passando por um momento dif\u00edcil como o desemprego, saiba que<strong> voc\u00ea sempre pode contar com a Prime Cursos<\/strong> para melhorar o seu curr\u00edculo. Afinal, h\u00e1 sempre algo novo para se aprender!&nbsp;<\/p>\n\n\n\n<p>Investir em cursos livres pode aprimorar suas habilidades e tornar seu curr\u00edculo mais atrativo para recrutadores. Essa iniciativa demonstra proatividade, <strong>interesse em atualiza\u00e7\u00e3o e diversifica\u00e7\u00e3o de conhecimentos,<\/strong> abrindo portas para novas oportunidades profissionais.<\/p>\n\n\n\n<p>Na Prime Cursos, voc\u00ea encontra uma extensa variedade de op\u00e7\u00f5es para diversas \u00e1reas. Quer se destacar no mercado de trabalho? Explore nosso <a href=\"https:\/\/www.primecursos.com.br\/\" target=\"_blank\" rel=\"noreferrer noopener\">cat\u00e1logo<\/a> e invista em seu crescimento profissional!<\/p>\n\n\n\n<h2 class=\"wp-block-heading\" id=\"h-cursos-para-conseguir-um-novo-emprego\">Cursos para conseguir um novo emprego<\/h2>\n\n\n\n<p> Cursos podem qualificar uma pessoa para conseguir um novo emprego ao fornecer conhecimento, habilidades e certifica\u00e7\u00f5es relevantes para a \u00e1rea desejada, demonstrando um compromisso com o aprendizado cont\u00ednuo e ampliando sua rede profissional. Isso torna os candidatos mais atraentes para os empregadores, aumentando suas chances de sucesso no mercado de trabalho.<\/p>\n\n\n\n<p>Na Prime voc\u00ea encontra Cursos Gratuitos com Certificado de Conclus\u00e3o v\u00e1lido para: atividades extracurriculares, avalia\u00e7\u00f5es de empresas, provas de t\u00edtulos, concursos p\u00fablicos, enriquecer o seu curr\u00edculo e muito mais!<\/p>\n\n\n<style>.wp-block-kadence-advancedbtn.kb-btns11571_a53df1-89{gap:var(--global-kb-gap-xs, 0.5rem );justify-content:center;align-items:center;}.kt-btns11571_a53df1-89 .kt-button{font-weight:normal;font-style:normal;}.kt-btns11571_a53df1-89 .kt-btn-wrap-0{margin-right:5px;}.wp-block-kadence-advancedbtn.kt-btns11571_a53df1-89 .kt-btn-wrap-0 .kt-button{color:#555555;border-color:#555555;}.wp-block-kadence-advancedbtn.kt-btns11571_a53df1-89 .kt-btn-wrap-0 .kt-button:hover, .wp-block-kadence-advancedbtn.kt-btns11571_a53df1-89 .kt-btn-wrap-0 .kt-button:focus{color:#ffffff;border-color:#444444;}.wp-block-kadence-advancedbtn.kt-btns11571_a53df1-89 .kt-btn-wrap-0 .kt-button::before{display:none;}.wp-block-kadence-advancedbtn.kt-btns11571_a53df1-89 .kt-btn-wrap-0 .kt-button:hover, .wp-block-kadence-advancedbtn.kt-btns11571_a53df1-89 .kt-btn-wrap-0 .kt-button:focus{background:#444444;}<\/style>\n<div class=\"wp-block-kadence-advancedbtn kb-buttons-wrap kb-btns11571_a53df1-89\"><style>ul.menu .wp-block-kadence-advancedbtn .kb-btn11571_5758c4-2a.kb-button{width:initial;}<\/style><a class=\"kb-button kt-button button kb-btn11571_5758c4-2a kt-btn-size-xlarge kt-btn-width-type-full kb-btn-global-fill  kt-btn-has-text-true kt-btn-has-svg-false  wp-block-kadence-singlebtn\" href=\"https:\/\/www.primecursos.com.br\/\"><span class=\"kt-btn-inner-text\">Cursos Gr\u00e1tis Online<\/span><\/a><\/div>\n","protected":false},"excerpt":{"rendered":"<p>O seguro-desemprego \u00e9 um dos mais valiosos direitos trabalhistas que temos no Brasil. Trata-se de um benef\u00edcio concedido&#8230;<\/p>\n","protected":false},"author":11,"featured_media":11897,"comment_status":"open","ping_status":"closed","sticky":false,"template":"","format":"standard","meta":{"_kad_blocks_custom_css":"","_kad_blocks_head_custom_js":"","_kad_blocks_body_custom_js":"","_kad_blocks_footer_custom_js":"","_kadence_starter_templates_imported_post":false,"_kad_post_transparent":"","_kad_post_title":"","_kad_post_layout":"","_kad_post_sidebar_id":"","_kad_post_content_style":"","_kad_post_vertical_padding":"","_kad_post_feature":"","_kad_post_feature_position":"","_kad_post_header":false,"_kad_post_footer":false,"_kad_post_classname":"","footnotes":""},"categories":[1],"tags":[199],"class_list":["post-11889","post","type-post","status-publish","format-standard","has-post-thumbnail","hentry","category-artigos","tag-seguro-desemprego"],"yoast_head":"<!-- This site is optimized with the Yoast SEO plugin v27.5 - https:\/\/yoast.com\/product\/yoast-seo-wordpress\/ -->\n<title>Seguro-desemprego: Pode juntar o tempo de duas empresas para receber? | Prime Cursos<\/title>\n<meta name=\"description\" content=\"Uma d\u00favida muito comum entre os trabalhadores, \u00e9 se pode juntar o tempo de duas empresas diferentes para receber o seguro-desemprego. Confira!\" \/>\n<meta name=\"robots\" content=\"index, follow, max-snippet:-1, max-image-preview:large, max-video-preview:-1\" \/>\n<link rel=\"canonical\" href=\"https:\/\/www.primecursos.com.br\/blog\/juntar-tempo-duas-empresas-receber-seguro-desemprego\/\" \/>\n<meta property=\"og:locale\" content=\"pt_BR\" \/>\n<meta property=\"og:type\" content=\"article\" \/>\n<meta property=\"og:title\" content=\"Seguro-desemprego: Pode juntar o tempo de duas empresas para receber? | Prime Cursos\" \/>\n<meta property=\"og:description\" content=\"Uma d\u00favida muito comum entre os trabalhadores, \u00e9 se pode juntar o tempo de duas empresas diferentes para receber o seguro-desemprego. Confira!\" \/>\n<meta property=\"og:url\" content=\"https:\/\/www.primecursos.com.br\/blog\/juntar-tempo-duas-empresas-receber-seguro-desemprego\/\" \/>\n<meta property=\"og:site_name\" content=\"Prime Cursos\" \/>\n<meta property=\"article:publisher\" content=\"https:\/\/www.facebook.com\/primecursos\/\" \/>\n<meta property=\"article:published_time\" content=\"2024-02-21T08:00:00+00:00\" \/>\n<meta property=\"article:modified_time\" content=\"2025-08-15T18:29:56+00:00\" \/>\n<meta property=\"og:image\" content=\"https:\/\/www.primecursos.com.br\/blog\/wp-content\/uploads\/2024\/01\/ctps-ca.jpg\" \/>\n\t<meta property=\"og:image:width\" content=\"1280\" \/>\n\t<meta property=\"og:image:height\" content=\"720\" \/>\n\t<meta property=\"og:image:type\" content=\"image\/jpeg\" \/>\n<meta name=\"author\" content=\"Monique Carvalho\" \/>\n<meta name=\"twitter:label1\" content=\"Escrito por\" \/>\n\t<meta name=\"twitter:data1\" content=\"Monique Carvalho\" \/>\n\t<meta name=\"twitter:label2\" content=\"Est. tempo de leitura\" \/>\n\t<meta name=\"twitter:data2\" content=\"11 minutos\" \/>\n<script type=\"application\/ld+json\" class=\"yoast-schema-graph\">{\"@context\":\"https:\\\/\\\/schema.org\",\"@graph\":[{\"@type\":\"Article\",\"@id\":\"https:\\\/\\\/www.primecursos.com.br\\\/blog\\\/juntar-tempo-duas-empresas-receber-seguro-desemprego\\\/#article\",\"isPartOf\":{\"@id\":\"https:\\\/\\\/www.primecursos.com.br\\\/blog\\\/juntar-tempo-duas-empresas-receber-seguro-desemprego\\\/\"},\"author\":{\"name\":\"Monique Carvalho\",\"@id\":\"https:\\\/\\\/www.primecursos.com.br\\\/blog\\\/#\\\/schema\\\/person\\\/d9e570444a5061d33b83641549b50417\"},\"headline\":\"Pode juntar o tempo de duas empresas para receber o seguro-desemprego?\",\"datePublished\":\"2024-02-21T08:00:00+00:00\",\"dateModified\":\"2025-08-15T18:29:56+00:00\",\"mainEntityOfPage\":{\"@id\":\"https:\\\/\\\/www.primecursos.com.br\\\/blog\\\/juntar-tempo-duas-empresas-receber-seguro-desemprego\\\/\"},\"wordCount\":1782,\"commentCount\":0,\"publisher\":{\"@id\":\"https:\\\/\\\/www.primecursos.com.br\\\/blog\\\/#organization\"},\"image\":{\"@id\":\"https:\\\/\\\/www.primecursos.com.br\\\/blog\\\/juntar-tempo-duas-empresas-receber-seguro-desemprego\\\/#primaryimage\"},\"thumbnailUrl\":\"https:\\\/\\\/www.primecursos.com.br\\\/blog\\\/wp-content\\\/uploads\\\/2024\\\/01\\\/ctps-ca.jpg\",\"keywords\":[\"Seguro Desemprego\"],\"articleSection\":[\"Artigos\"],\"inLanguage\":\"pt-BR\",\"potentialAction\":[{\"@type\":\"CommentAction\",\"name\":\"Comment\",\"target\":[\"https:\\\/\\\/www.primecursos.com.br\\\/blog\\\/juntar-tempo-duas-empresas-receber-seguro-desemprego\\\/#respond\"]}]},{\"@type\":\"WebPage\",\"@id\":\"https:\\\/\\\/www.primecursos.com.br\\\/blog\\\/juntar-tempo-duas-empresas-receber-seguro-desemprego\\\/\",\"url\":\"https:\\\/\\\/www.primecursos.com.br\\\/blog\\\/juntar-tempo-duas-empresas-receber-seguro-desemprego\\\/\",\"name\":\"Seguro-desemprego: Pode juntar o tempo de duas empresas para receber? | Prime Cursos\",\"isPartOf\":{\"@id\":\"https:\\\/\\\/www.primecursos.com.br\\\/blog\\\/#website\"},\"primaryImageOfPage\":{\"@id\":\"https:\\\/\\\/www.primecursos.com.br\\\/blog\\\/juntar-tempo-duas-empresas-receber-seguro-desemprego\\\/#primaryimage\"},\"image\":{\"@id\":\"https:\\\/\\\/www.primecursos.com.br\\\/blog\\\/juntar-tempo-duas-empresas-receber-seguro-desemprego\\\/#primaryimage\"},\"thumbnailUrl\":\"https:\\\/\\\/www.primecursos.com.br\\\/blog\\\/wp-content\\\/uploads\\\/2024\\\/01\\\/ctps-ca.jpg\",\"datePublished\":\"2024-02-21T08:00:00+00:00\",\"dateModified\":\"2025-08-15T18:29:56+00:00\",\"description\":\"Uma d\u00favida muito comum entre os trabalhadores, \u00e9 se pode juntar o tempo de duas empresas diferentes para receber o seguro-desemprego. Confira!\",\"breadcrumb\":{\"@id\":\"https:\\\/\\\/www.primecursos.com.br\\\/blog\\\/juntar-tempo-duas-empresas-receber-seguro-desemprego\\\/#breadcrumb\"},\"inLanguage\":\"pt-BR\",\"potentialAction\":[{\"@type\":\"ReadAction\",\"target\":[\"https:\\\/\\\/www.primecursos.com.br\\\/blog\\\/juntar-tempo-duas-empresas-receber-seguro-desemprego\\\/\"]}]},{\"@type\":\"ImageObject\",\"inLanguage\":\"pt-BR\",\"@id\":\"https:\\\/\\\/www.primecursos.com.br\\\/blog\\\/juntar-tempo-duas-empresas-receber-seguro-desemprego\\\/#primaryimage\",\"url\":\"https:\\\/\\\/www.primecursos.com.br\\\/blog\\\/wp-content\\\/uploads\\\/2024\\\/01\\\/ctps-ca.jpg\",\"contentUrl\":\"https:\\\/\\\/www.primecursos.com.br\\\/blog\\\/wp-content\\\/uploads\\\/2024\\\/01\\\/ctps-ca.jpg\",\"width\":1280,\"height\":720,\"caption\":\"homem apresentando carteira de trabalho para requerer seguro-desemprego\"},{\"@type\":\"BreadcrumbList\",\"@id\":\"https:\\\/\\\/www.primecursos.com.br\\\/blog\\\/juntar-tempo-duas-empresas-receber-seguro-desemprego\\\/#breadcrumb\",\"itemListElement\":[{\"@type\":\"ListItem\",\"position\":1,\"name\":\"In\u00edcio\",\"item\":\"https:\\\/\\\/www.primecursos.com.br\\\/blog\\\/\"},{\"@type\":\"ListItem\",\"position\":2,\"name\":\"Artigos\",\"item\":\"https:\\\/\\\/www.primecursos.com.br\\\/blog\\\/artigos\\\/\"},{\"@type\":\"ListItem\",\"position\":3,\"name\":\"Pode juntar o tempo de duas empresas para receber o seguro-desemprego?\"}]},{\"@type\":\"WebSite\",\"@id\":\"https:\\\/\\\/www.primecursos.com.br\\\/blog\\\/#website\",\"url\":\"https:\\\/\\\/www.primecursos.com.br\\\/blog\\\/\",\"name\":\"Prime Cursos\",\"description\":\"Cursos gr\u00e1tis com certificado v\u00e1lido\",\"publisher\":{\"@id\":\"https:\\\/\\\/www.primecursos.com.br\\\/blog\\\/#organization\"},\"potentialAction\":[{\"@type\":\"SearchAction\",\"target\":{\"@type\":\"EntryPoint\",\"urlTemplate\":\"https:\\\/\\\/www.primecursos.com.br\\\/blog\\\/?s={search_term_string}\"},\"query-input\":{\"@type\":\"PropertyValueSpecification\",\"valueRequired\":true,\"valueName\":\"search_term_string\"}}],\"inLanguage\":\"pt-BR\"},{\"@type\":\"Organization\",\"@id\":\"https:\\\/\\\/www.primecursos.com.br\\\/blog\\\/#organization\",\"name\":\"Prime Cursos Online\",\"url\":\"https:\\\/\\\/www.primecursos.com.br\\\/blog\\\/\",\"logo\":{\"@type\":\"ImageObject\",\"inLanguage\":\"pt-BR\",\"@id\":\"https:\\\/\\\/www.primecursos.com.br\\\/blog\\\/#\\\/schema\\\/logo\\\/image\\\/\",\"url\":\"https:\\\/\\\/www.primecursos.com.br\\\/blog\\\/wp-content\\\/uploads\\\/2018\\\/03\\\/prime-cursos-gratis-online-logo-070318b-1.png\",\"contentUrl\":\"https:\\\/\\\/www.primecursos.com.br\\\/blog\\\/wp-content\\\/uploads\\\/2018\\\/03\\\/prime-cursos-gratis-online-logo-070318b-1.png\",\"width\":330,\"height\":80,\"caption\":\"Prime Cursos Online\"},\"image\":{\"@id\":\"https:\\\/\\\/www.primecursos.com.br\\\/blog\\\/#\\\/schema\\\/logo\\\/image\\\/\"},\"sameAs\":[\"https:\\\/\\\/www.facebook.com\\\/primecursos\\\/\",\"https:\\\/\\\/x.com\\\/primecursosbr\"]},{\"@type\":\"Person\",\"@id\":\"https:\\\/\\\/www.primecursos.com.br\\\/blog\\\/#\\\/schema\\\/person\\\/d9e570444a5061d33b83641549b50417\",\"name\":\"Monique Carvalho\",\"image\":{\"@type\":\"ImageObject\",\"inLanguage\":\"pt-BR\",\"@id\":\"https:\\\/\\\/secure.gravatar.com\\\/avatar\\\/7d34dc598ec643cb440878a465b0e2550bdc51244c45eed66ef933a268da79ea?s=96&d=mm&r=g\",\"url\":\"https:\\\/\\\/secure.gravatar.com\\\/avatar\\\/7d34dc598ec643cb440878a465b0e2550bdc51244c45eed66ef933a268da79ea?s=96&d=mm&r=g\",\"contentUrl\":\"https:\\\/\\\/secure.gravatar.com\\\/avatar\\\/7d34dc598ec643cb440878a465b0e2550bdc51244c45eed66ef933a268da79ea?s=96&d=mm&r=g\",\"caption\":\"Monique Carvalho\"},\"url\":\"https:\\\/\\\/www.primecursos.com.br\\\/blog\\\/author\\\/decarvalho-monique\\\/\"}]}<\/script>\n<!-- \/ Yoast SEO plugin. -->","yoast_head_json":{"title":"Seguro-desemprego: Pode juntar o tempo de duas empresas para receber? | Prime Cursos","description":"Uma d\u00favida muito comum entre os trabalhadores, \u00e9 se pode juntar o tempo de duas empresas diferentes para receber o seguro-desemprego. Confira!","robots":{"index":"index","follow":"follow","max-snippet":"max-snippet:-1","max-image-preview":"max-image-preview:large","max-video-preview":"max-video-preview:-1"},"canonical":"https:\/\/www.primecursos.com.br\/blog\/juntar-tempo-duas-empresas-receber-seguro-desemprego\/","og_locale":"pt_BR","og_type":"article","og_title":"Seguro-desemprego: Pode juntar o tempo de duas empresas para receber? | Prime Cursos","og_description":"Uma d\u00favida muito comum entre os trabalhadores, \u00e9 se pode juntar o tempo de duas empresas diferentes para receber o seguro-desemprego. Confira!","og_url":"https:\/\/www.primecursos.com.br\/blog\/juntar-tempo-duas-empresas-receber-seguro-desemprego\/","og_site_name":"Prime Cursos","article_publisher":"https:\/\/www.facebook.com\/primecursos\/","article_published_time":"2024-02-21T08:00:00+00:00","article_modified_time":"2025-08-15T18:29:56+00:00","og_image":[{"width":1280,"height":720,"url":"https:\/\/www.primecursos.com.br\/blog\/wp-content\/uploads\/2024\/01\/ctps-ca.jpg","type":"image\/jpeg"}],"author":"Monique Carvalho","twitter_misc":{"Escrito por":"Monique Carvalho","Est. tempo de leitura":"11 minutos"},"schema":{"@context":"https:\/\/schema.org","@graph":[{"@type":"Article","@id":"https:\/\/www.primecursos.com.br\/blog\/juntar-tempo-duas-empresas-receber-seguro-desemprego\/#article","isPartOf":{"@id":"https:\/\/www.primecursos.com.br\/blog\/juntar-tempo-duas-empresas-receber-seguro-desemprego\/"},"author":{"name":"Monique Carvalho","@id":"https:\/\/www.primecursos.com.br\/blog\/#\/schema\/person\/d9e570444a5061d33b83641549b50417"},"headline":"Pode juntar o tempo de duas empresas para receber o seguro-desemprego?","datePublished":"2024-02-21T08:00:00+00:00","dateModified":"2025-08-15T18:29:56+00:00","mainEntityOfPage":{"@id":"https:\/\/www.primecursos.com.br\/blog\/juntar-tempo-duas-empresas-receber-seguro-desemprego\/"},"wordCount":1782,"commentCount":0,"publisher":{"@id":"https:\/\/www.primecursos.com.br\/blog\/#organization"},"image":{"@id":"https:\/\/www.primecursos.com.br\/blog\/juntar-tempo-duas-empresas-receber-seguro-desemprego\/#primaryimage"},"thumbnailUrl":"https:\/\/www.primecursos.com.br\/blog\/wp-content\/uploads\/2024\/01\/ctps-ca.jpg","keywords":["Seguro Desemprego"],"articleSection":["Artigos"],"inLanguage":"pt-BR","potentialAction":[{"@type":"CommentAction","name":"Comment","target":["https:\/\/www.primecursos.com.br\/blog\/juntar-tempo-duas-empresas-receber-seguro-desemprego\/#respond"]}]},{"@type":"WebPage","@id":"https:\/\/www.primecursos.com.br\/blog\/juntar-tempo-duas-empresas-receber-seguro-desemprego\/","url":"https:\/\/www.primecursos.com.br\/blog\/juntar-tempo-duas-empresas-receber-seguro-desemprego\/","name":"Seguro-desemprego: Pode juntar o tempo de duas empresas para receber? | Prime Cursos","isPartOf":{"@id":"https:\/\/www.primecursos.com.br\/blog\/#website"},"primaryImageOfPage":{"@id":"https:\/\/www.primecursos.com.br\/blog\/juntar-tempo-duas-empresas-receber-seguro-desemprego\/#primaryimage"},"image":{"@id":"https:\/\/www.primecursos.com.br\/blog\/juntar-tempo-duas-empresas-receber-seguro-desemprego\/#primaryimage"},"thumbnailUrl":"https:\/\/www.primecursos.com.br\/blog\/wp-content\/uploads\/2024\/01\/ctps-ca.jpg","datePublished":"2024-02-21T08:00:00+00:00","dateModified":"2025-08-15T18:29:56+00:00","description":"Uma d\u00favida muito comum entre os trabalhadores, \u00e9 se pode juntar o tempo de duas empresas diferentes para receber o seguro-desemprego. Confira!","breadcrumb":{"@id":"https:\/\/www.primecursos.com.br\/blog\/juntar-tempo-duas-empresas-receber-seguro-desemprego\/#breadcrumb"},"inLanguage":"pt-BR","potentialAction":[{"@type":"ReadAction","target":["https:\/\/www.primecursos.com.br\/blog\/juntar-tempo-duas-empresas-receber-seguro-desemprego\/"]}]},{"@type":"ImageObject","inLanguage":"pt-BR","@id":"https:\/\/www.primecursos.com.br\/blog\/juntar-tempo-duas-empresas-receber-seguro-desemprego\/#primaryimage","url":"https:\/\/www.primecursos.com.br\/blog\/wp-content\/uploads\/2024\/01\/ctps-ca.jpg","contentUrl":"https:\/\/www.primecursos.com.br\/blog\/wp-content\/uploads\/2024\/01\/ctps-ca.jpg","width":1280,"height":720,"caption":"homem apresentando carteira de trabalho para requerer seguro-desemprego"},{"@type":"BreadcrumbList","@id":"https:\/\/www.primecursos.com.br\/blog\/juntar-tempo-duas-empresas-receber-seguro-desemprego\/#breadcrumb","itemListElement":[{"@type":"ListItem","position":1,"name":"In\u00edcio","item":"https:\/\/www.primecursos.com.br\/blog\/"},{"@type":"ListItem","position":2,"name":"Artigos","item":"https:\/\/www.primecursos.com.br\/blog\/artigos\/"},{"@type":"ListItem","position":3,"name":"Pode juntar o tempo de duas empresas para receber o seguro-desemprego?"}]},{"@type":"WebSite","@id":"https:\/\/www.primecursos.com.br\/blog\/#website","url":"https:\/\/www.primecursos.com.br\/blog\/","name":"Prime Cursos","description":"Cursos gr\u00e1tis com certificado v\u00e1lido","publisher":{"@id":"https:\/\/www.primecursos.com.br\/blog\/#organization"},"potentialAction":[{"@type":"SearchAction","target":{"@type":"EntryPoint","urlTemplate":"https:\/\/www.primecursos.com.br\/blog\/?s={search_term_string}"},"query-input":{"@type":"PropertyValueSpecification","valueRequired":true,"valueName":"search_term_string"}}],"inLanguage":"pt-BR"},{"@type":"Organization","@id":"https:\/\/www.primecursos.com.br\/blog\/#organization","name":"Prime Cursos Online","url":"https:\/\/www.primecursos.com.br\/blog\/","logo":{"@type":"ImageObject","inLanguage":"pt-BR","@id":"https:\/\/www.primecursos.com.br\/blog\/#\/schema\/logo\/image\/","url":"https:\/\/www.primecursos.com.br\/blog\/wp-content\/uploads\/2018\/03\/prime-cursos-gratis-online-logo-070318b-1.png","contentUrl":"https:\/\/www.primecursos.com.br\/blog\/wp-content\/uploads\/2018\/03\/prime-cursos-gratis-online-logo-070318b-1.png","width":330,"height":80,"caption":"Prime Cursos Online"},"image":{"@id":"https:\/\/www.primecursos.com.br\/blog\/#\/schema\/logo\/image\/"},"sameAs":["https:\/\/www.facebook.com\/primecursos\/","https:\/\/x.com\/primecursosbr"]},{"@type":"Person","@id":"https:\/\/www.primecursos.com.br\/blog\/#\/schema\/person\/d9e570444a5061d33b83641549b50417","name":"Monique Carvalho","image":{"@type":"ImageObject","inLanguage":"pt-BR","@id":"https:\/\/secure.gravatar.com\/avatar\/7d34dc598ec643cb440878a465b0e2550bdc51244c45eed66ef933a268da79ea?s=96&d=mm&r=g","url":"https:\/\/secure.gravatar.com\/avatar\/7d34dc598ec643cb440878a465b0e2550bdc51244c45eed66ef933a268da79ea?s=96&d=mm&r=g","contentUrl":"https:\/\/secure.gravatar.com\/avatar\/7d34dc598ec643cb440878a465b0e2550bdc51244c45eed66ef933a268da79ea?s=96&d=mm&r=g","caption":"Monique Carvalho"},"url":"https:\/\/www.primecursos.com.br\/blog\/author\/decarvalho-monique\/"}]}},"taxonomy_info":{"category":[{"value":1,"label":"Artigos"}],"post_tag":[{"value":199,"label":"Seguro Desemprego"}]},"featured_image_src_large":["https:\/\/www.primecursos.com.br\/blog\/wp-content\/uploads\/2024\/01\/ctps-ca-1024x576.jpg",1024,576,true],"author_info":{"display_name":"Monique Carvalho","author_link":"https:\/\/www.primecursos.com.br\/blog\/author\/decarvalho-monique\/"},"comment_info":0,"category_info":[{"term_id":1,"name":"Artigos","slug":"artigos","term_group":0,"term_taxonomy_id":1,"taxonomy":"category","description":"","parent":0,"count":983,"filter":"raw","cat_ID":1,"category_count":983,"category_description":"","cat_name":"Artigos","category_nicename":"artigos","category_parent":0}],"tag_info":[{"term_id":199,"name":"Seguro Desemprego","slug":"seguro-desemprego","term_group":0,"term_taxonomy_id":199,"taxonomy":"post_tag","description":"","parent":0,"count":12,"filter":"raw"}],"_links":{"self":[{"href":"https:\/\/www.primecursos.com.br\/blog\/wp-json\/wp\/v2\/posts\/11889","targetHints":{"allow":["GET"]}}],"collection":[{"href":"https:\/\/www.primecursos.com.br\/blog\/wp-json\/wp\/v2\/posts"}],"about":[{"href":"https:\/\/www.primecursos.com.br\/blog\/wp-json\/wp\/v2\/types\/post"}],"author":[{"embeddable":true,"href":"https:\/\/www.primecursos.com.br\/blog\/wp-json\/wp\/v2\/users\/11"}],"replies":[{"embeddable":true,"href":"https:\/\/www.primecursos.com.br\/blog\/wp-json\/wp\/v2\/comments?post=11889"}],"version-history":[{"count":0,"href":"https:\/\/www.primecursos.com.br\/blog\/wp-json\/wp\/v2\/posts\/11889\/revisions"}],"wp:featuredmedia":[{"embeddable":true,"href":"https:\/\/www.primecursos.com.br\/blog\/wp-json\/wp\/v2\/media\/11897"}],"wp:attachment":[{"href":"https:\/\/www.primecursos.com.br\/blog\/wp-json\/wp\/v2\/media?parent=11889"}],"wp:term":[{"taxonomy":"category","embeddable":true,"href":"https:\/\/www.primecursos.com.br\/blog\/wp-json\/wp\/v2\/categories?post=11889"},{"taxonomy":"post_tag","embeddable":true,"href":"https:\/\/www.primecursos.com.br\/blog\/wp-json\/wp\/v2\/tags?post=11889"}],"curies":[{"name":"wp","href":"https:\/\/api.w.org\/{rel}","templated":true}]}}