{"id":15383,"date":"2024-09-26T08:30:00","date_gmt":"2024-09-26T08:30:00","guid":{"rendered":"https:\/\/www.primecursos.com.br\/blog\/?p=15383"},"modified":"2024-07-31T19:58:35","modified_gmt":"2024-07-31T19:58:35","slug":"saiba-a-diferenca-entre-educacao-inclusiva-e-especial","status":"publish","type":"post","link":"https:\/\/www.primecursos.com.br\/blog\/saiba-a-diferenca-entre-educacao-inclusiva-e-especial\/","title":{"rendered":"Saiba a Diferen\u00e7a entre Educa\u00e7\u00e3o Inclusiva e Especial"},"content":{"rendered":"\n<p>A educa\u00e7\u00e3o \u00e9 um direito fundamental de todos, e garantir que ela seja acess\u00edvel e adequada para todos os estudantes \u00e9 um desafio cont\u00ednuo. Neste contexto, os conceitos de educa\u00e7\u00e3o inclusiva e educa\u00e7\u00e3o especial t\u00eam ganhado destaque, cada um com suas especificidades e abordagens distintas. Entender essas diferen\u00e7as \u00e9 crucial para promover um ambiente de aprendizagem mais justo e eficiente.<\/p>\n\n\n\n<p>Neste artigo, exploraremos as principais diferen\u00e7as entre a educa\u00e7\u00e3o inclusiva e a educa\u00e7\u00e3o especial, abordando suas defini\u00e7\u00f5es, objetivos, m\u00e9todos pedag\u00f3gicos, e muito mais. Continue lendo para descobrir como essas abordagens podem transformar a experi\u00eancia educacional de milhares de estudantes e conhecer as melhores pr\u00e1ticas para implementar essas estrat\u00e9gias na sua comunidade escolar. N\u00e3o perca nossas dicas e exemplos pr\u00e1ticos que far\u00e3o a diferen\u00e7a!<\/p>\n\n\n\n<!--more-->\n\n\n\n<h2 class=\"wp-block-heading\" id=\"h-o-que-e-educacao-inclusiva-e-especial\">O que \u00e9 Educa\u00e7\u00e3o Inclusiva e Especial?<\/h2>\n\n\n\n<p>A educa\u00e7\u00e3o inclusiva \u00e9 um modelo educacional que busca integrar todos os alunos, independentemente de suas habilidades ou defici\u00eancias, em salas de aula regulares. Sendo uma <a href=\"http:\/\/portal.mec.gov.br\/educacao-inclusiva\" target=\"_blank\" rel=\"noreferrer noopener nofollow\">politica do Minist\u00e9rio da Educa\u00e7\u00e3o que busca promover a forma\u00e7\u00e3o continua dos professores<\/a> para que possam ensinar todos os alunos em sala de aula de forma igual. <\/p>\n\n\n\n<p>Este conceito promove a adapta\u00e7\u00e3o de curr\u00edculos, m\u00e9todos de ensino e ambientes escolares para atender \u00e0s diversas necessidades dos estudantes. O foco \u00e9 criar uma cultura escolar que valorize a diversidade e ofere\u00e7a igualdade de oportunidades para todos.<\/p>\n\n\n\n<p>A educa\u00e7\u00e3o especial, por sua vez, \u00e9 direcionada especificamente para estudantes com defici\u00eancias significativas, que podem necessitar de um ensino mais individualizado. Esta forma de ensino, est\u00e1 inserida dentro das mesmas diretrizes do Minist\u00e9rio da Educa\u00e7\u00e3o (MEC) de proporcionar educa\u00e7\u00e3o para todos os alunos e \u00e9 ancorada pela <a href=\"https:\/\/www.planalto.gov.br\/ccivil_03\/_ato2011-2014\/2013\/lei\/l12796.htm#:~:text=%E2%80%9CArt.%2058.%20Entende%2Dse%20por%20educa%C3%A7%C3%A3o%20especial%2C%20para%20os%20efeitos%20desta%20Lei%2C%20a%20modalidade%20de%20educa%C3%A7%C3%A3o%20escolar%20oferecida%20preferencialmente%20na%20rede%20regular%20de%20ensino%2C%20para%20educandos%20com%20defici%C3%AAncia%2C%20transtornos%20globais%20do%20desenvolvimento%20e%20altas%20habilidades%20ou%20superdota%C3%A7%C3%A3o.\" target=\"_blank\" rel=\"nofollow\">lei n\u00ba 12.796\/2013 art.58<\/a>. Esta abordagem pode ser implementada em salas de recursos, escolas especializadas ou atrav\u00e9s de servi\u00e7os de apoio dentro de escolas regulares. <\/p>\n\n\n\n<p>O objetivo \u00e9 fornecer recursos e estrat\u00e9gias pedag\u00f3gicas especializadas para atender \u00e0s necessidades \u00fanicas desses alunos, garantindo que eles recebam a educa\u00e7\u00e3o adequada ao seu desenvolvimento.<\/p>\n\n\n\n<figure class=\"wp-block-image size-large is-resized\"><a href=\"https:\/\/www.primecursos.com.br\/blog\/wp-content\/uploads\/2024\/06\/recorte-criancas.jpg\"><img decoding=\"async\" width=\"1024\" height=\"576\" src=\"https:\/\/www.primecursos.com.br\/blog\/wp-content\/uploads\/2024\/06\/recorte-criancas-1024x576.jpg\" alt=\"crian\u00e7a segurando recorte de papel com as m\u00e3os\" class=\"wp-image-15055\" style=\"width:842px;height:auto\" srcset=\"https:\/\/www.primecursos.com.br\/blog\/wp-content\/uploads\/2024\/06\/recorte-criancas-1024x576.jpg 1024w, https:\/\/www.primecursos.com.br\/blog\/wp-content\/uploads\/2024\/06\/recorte-criancas-300x169.jpg 300w, https:\/\/www.primecursos.com.br\/blog\/wp-content\/uploads\/2024\/06\/recorte-criancas-768x432.jpg 768w, https:\/\/www.primecursos.com.br\/blog\/wp-content\/uploads\/2024\/06\/recorte-criancas-150x84.jpg 150w, https:\/\/www.primecursos.com.br\/blog\/wp-content\/uploads\/2024\/06\/recorte-criancas.jpg 1200w\" sizes=\"(max-width: 1024px) 100vw, 1024px\" \/><\/a><\/figure>\n\n\n\n<h2 class=\"wp-block-heading\" id=\"h-diferenca-entre-educacao-inclusiva-e-educacao-especial\">Diferen\u00e7a entre Educa\u00e7\u00e3o Inclusiva e Educa\u00e7\u00e3o Especial<\/h2>\n\n\n\n<p>A principal diferen\u00e7a entre <a href=\"https:\/\/www.primecursos.com.br\/blog\/qual-o-papel-da-educacao-inclusiva-nas-escolas\/\">educa\u00e7\u00e3o inclusiva<\/a> e educa\u00e7\u00e3o especial est\u00e1 no ambiente de aprendizagem. A educa\u00e7\u00e3o inclusiva <a href=\"https:\/\/www.primecursos.com.br\/blog\/o-que-e-educacao-inclusiva-entenda-os-pilares\/\">defende que todos os alunos aprendam juntos<\/a> em salas de aula regulares, promovendo a intera\u00e7\u00e3o e colabora\u00e7\u00e3o entre estudantes com e sem defici\u00eancias. J\u00e1 a educa\u00e7\u00e3o especial muitas vezes ocorre em ambientes segregados ou em salas de recursos, onde os alunos recebem aten\u00e7\u00e3o mais individualizada.<\/p>\n\n\n\n<p>Outra diferen\u00e7a significativa \u00e9 a abordagem pedag\u00f3gica. Na educa\u00e7\u00e3o inclusiva, os m\u00e9todos de ensino s\u00e3o adaptados para atender \u00e0s diversas necessidades dentro de uma sala de aula comum, utilizando estrat\u00e9gias como ensino colaborativo e diferenciado. Por outro lado, a educa\u00e7\u00e3o especial utiliza m\u00e9todos espec\u00edficos e recursos adaptados exclusivamente para alunos com defici\u00eancias, visando suprir suas necessidades de forma mais direta e intensa.<\/p>\n\n\n\n<p>Al\u00e9m disso, os objetivos das duas abordagens tamb\u00e9m divergem. A educa\u00e7\u00e3o inclusiva busca criar uma cultura escolar que valorize e respeite a diversidade, promovendo a igualdade de oportunidades para todos os alunos. Em contraste, a educa\u00e7\u00e3o especial concentra-se em oferecer um suporte intensivo e especializado para que alunos com defici\u00eancias significativas possam alcan\u00e7ar seu potencial m\u00e1ximo dentro de um ambiente mais controlado e personalizado.<\/p>\n\n\n\n<h3 class=\"wp-block-heading\" id=\"h-objetivos-e-finalidades\">Objetivos e Finalidades<\/h3>\n\n\n\n<p>Os objetivos principais da educa\u00e7\u00e3o inclusiva s\u00e3o integrar todos os alunos em um ambiente escolar comum, promovendo a intera\u00e7\u00e3o e a colabora\u00e7\u00e3o entre estudantes de diferentes habilidades. Esta abordagem visa eliminar barreiras, adaptar curr\u00edculos e m\u00e9todos de ensino, e criar uma cultura de respeito e valoriza\u00e7\u00e3o da diversidade. O foco \u00e9 proporcionar igualdade de oportunidades para todos os alunos, independentemente de suas limita\u00e7\u00f5es.<\/p>\n\n\n\n<figure class=\"wp-block-image size-large\"><a href=\"https:\/\/www.primecursos.com.br\/blog\/wp-content\/uploads\/2024\/06\/IMG_0503.png\"><img decoding=\"async\" width=\"1024\" height=\"683\" src=\"https:\/\/www.primecursos.com.br\/blog\/wp-content\/uploads\/2024\/06\/IMG_0503-1024x683.png\" alt=\"Duas crian\u00e7as, uma delas em cadeira de rodas, interagindo com um painel educativo em um parque acess\u00edvel e inclusivo, rodeadas por vegeta\u00e7\u00e3o e \u00e1reas de lazer.\" class=\"wp-image-14997\" srcset=\"https:\/\/www.primecursos.com.br\/blog\/wp-content\/uploads\/2024\/06\/IMG_0503-1024x683.png 1024w, https:\/\/www.primecursos.com.br\/blog\/wp-content\/uploads\/2024\/06\/IMG_0503-300x200.png 300w, https:\/\/www.primecursos.com.br\/blog\/wp-content\/uploads\/2024\/06\/IMG_0503-768x512.png 768w, https:\/\/www.primecursos.com.br\/blog\/wp-content\/uploads\/2024\/06\/IMG_0503-150x100.png 150w, https:\/\/www.primecursos.com.br\/blog\/wp-content\/uploads\/2024\/06\/IMG_0503.png 1200w\" sizes=\"(max-width: 1024px) 100vw, 1024px\" \/><\/a><\/figure>\n\n\n\n<p>J\u00e1 a educa\u00e7\u00e3o especial tem como objetivo oferecer um ensino especializado e individualizado para estudantes com defici\u00eancias significativas. Essa abordagem busca atender \u00e0s necessidades espec\u00edficas desses alunos atrav\u00e9s de m\u00e9todos pedag\u00f3gicos adaptados e recursos especializados. O objetivo \u00e9 garantir que esses estudantes recebam o suporte necess\u00e1rio para desenvolverem suas habilidades ao m\u00e1ximo, dentro de um ambiente que possa ser mais controlado e personalizado.<\/p>\n\n\n\n<h3 class=\"wp-block-heading\" id=\"h-abordagem-pedagogica\">Abordagem Pedag\u00f3gica<\/h3>\n\n\n\n<p>Na educa\u00e7\u00e3o inclusiva, as estrat\u00e9gias pedag\u00f3gicas s\u00e3o adaptadas para acomodar a diversidade dentro da sala de aula regular. Isso inclui o uso de ensino colaborativo, onde professores trabalham juntos para apoiar todos os alunos, e o ensino diferenciado, que adapta o conte\u00fado, processo e produtos de aprendizagem \u00e0s necessidades individuais. Ferramentas tecnol\u00f3gicas e assistivas tamb\u00e9m s\u00e3o amplamente utilizadas para facilitar a participa\u00e7\u00e3o de todos os alunos.<\/p>\n\n\n\n<p>Por outro lado, a educa\u00e7\u00e3o especial utiliza estrat\u00e9gias pedag\u00f3gicas que s\u00e3o especificamente desenvolvidas para atender \u00e0s necessidades de alunos com defici\u00eancias significativas. Isso pode envolver instru\u00e7\u00e3o individualizada, programas educacionais personalizados e a utiliza\u00e7\u00e3o de recursos especializados, como materiais adaptativos e terapias espec\u00edficas. A abordagem \u00e9 mais intensiva e personalizada, focando em ajudar cada aluno a alcan\u00e7ar seu potencial m\u00e1ximo em um ambiente mais controlado.<\/p>\n\n\n\n<h3 class=\"wp-block-heading\" id=\"h-ambientes-de-aprendizagem\">Ambientes de Aprendizagem<\/h3>\n\n\n\n<p>Na educa\u00e7\u00e3o inclusiva, os ambientes de aprendizagem s\u00e3o geralmente salas de aula regulares, onde alunos com e sem defici\u00eancias aprendem juntos. Esses ambientes s\u00e3o projetados para serem acess\u00edveis e acolhedores para todos, com adapta\u00e7\u00f5es f\u00edsicas e curriculares que garantem a participa\u00e7\u00e3o de todos os alunos. A inclus\u00e3o se baseia na ideia de que a diversidade enriquece a experi\u00eancia educacional de todos.<\/p>\n\n\n\n<p>Por outro lado, a educa\u00e7\u00e3o especial pode ocorrer em ambientes segregados, como salas de recursos dentro de escolas regulares ou institui\u00e7\u00f5es especializadas. Nesses locais, os alunos recebem aten\u00e7\u00e3o mais individualizada e intensiva, com profissionais especializados em suas necessidades espec\u00edficas. As salas de recursos oferecem suporte adicional enquanto os alunos tamb\u00e9m participam de algumas atividades na sala de aula regular.<\/p>\n\n\n\n<figure class=\"wp-block-image size-large\"><a href=\"https:\/\/www.primecursos.com.br\/blog\/wp-content\/uploads\/2024\/05\/dinamica-conversa.jpg\"><img decoding=\"async\" width=\"1024\" height=\"576\" src=\"https:\/\/www.primecursos.com.br\/blog\/wp-content\/uploads\/2024\/05\/dinamica-conversa-1024x576.jpg\" alt=\"din\u00e2mica em grupo durante conversa\" class=\"wp-image-14625\" srcset=\"https:\/\/www.primecursos.com.br\/blog\/wp-content\/uploads\/2024\/05\/dinamica-conversa-1024x576.jpg 1024w, https:\/\/www.primecursos.com.br\/blog\/wp-content\/uploads\/2024\/05\/dinamica-conversa-300x169.jpg 300w, https:\/\/www.primecursos.com.br\/blog\/wp-content\/uploads\/2024\/05\/dinamica-conversa-768x432.jpg 768w, https:\/\/www.primecursos.com.br\/blog\/wp-content\/uploads\/2024\/05\/dinamica-conversa-150x84.jpg 150w, https:\/\/www.primecursos.com.br\/blog\/wp-content\/uploads\/2024\/05\/dinamica-conversa.jpg 1200w\" sizes=\"(max-width: 1024px) 100vw, 1024px\" \/><\/a><\/figure>\n\n\n\n<p>As institui\u00e7\u00f5es especializadas s\u00e3o ambientes educacionais completamente dedicados a alunos com defici\u00eancias significativas, oferecendo um curr\u00edculo e m\u00e9todos de ensino totalmente adaptados. Esses ambientes proporcionam uma estrutura mais controlada, com equipamentos e profissionais especializados para atender \u00e0s necessidades \u00fanicas dos alunos. Embora sejam separados das escolas regulares, essas institui\u00e7\u00f5es visam oferecer a melhor educa\u00e7\u00e3o poss\u00edvel para seus alunos, focando no desenvolvimento m\u00e1ximo de suas habilidades e potencial.<\/p>\n\n\n\n<h2 class=\"wp-block-heading\" id=\"h-papel-dos-professores-e-especialistas\">Papel dos Professores e Especialistas<\/h2>\n\n\n\n<p>Na educa\u00e7\u00e3o inclusiva, os professores desempenham um papel central na <a href=\"https:\/\/www.primecursos.com.br\/blog\/como-aplicar-educacao-inclusiva-de-forma-efetiva-em-escola\/\">adapta\u00e7\u00e3o do ensino<\/a> para atender a todos os alunos. Eles colaboram com especialistas, como terapeutas e psic\u00f3logos, para desenvolver estrat\u00e9gias de ensino que sejam acess\u00edveis e eficazes para estudantes com diferentes habilidades. O trabalho em equipe e a forma\u00e7\u00e3o cont\u00ednua s\u00e3o essenciais para garantir que os professores estejam preparados para enfrentar os desafios da inclus\u00e3o.<\/p>\n\n\n\n<p>Assistentes e auxiliares educacionais tamb\u00e9m s\u00e3o fundamentais na educa\u00e7\u00e3o inclusiva. Eles fornecem suporte adicional aos professores e aos alunos, ajudando a implementar adapta\u00e7\u00f5es e a garantir que todos os estudantes possam participar plenamente das atividades de aprendizagem. Esses profissionais trabalham diretamente com alunos que necessitam de apoio extra, facilitando sua integra\u00e7\u00e3o na sala de aula regular.<\/p>\n\n\n\n<p>Na educa\u00e7\u00e3o especial, o papel dos especialistas \u00e9 ainda mais pronunciado. Professores de educa\u00e7\u00e3o especial s\u00e3o altamente treinados para trabalhar com alunos com defici\u00eancias significativas, utilizando m\u00e9todos de ensino individualizados e recursos especializados. Al\u00e9m dos professores, outros profissionais como fonoaudi\u00f3logos, terapeutas ocupacionais e psicopedagogos desempenham um papel crucial, oferecendo interven\u00e7\u00f5es terap\u00eauticas que complementam o ensino e ajudam os alunos a desenvolverem suas habilidades de forma hol\u00edstica.<\/p>\n\n\n\n<figure class=\"wp-block-image size-large\"><a href=\"https:\/\/www.primecursos.com.br\/blog\/wp-content\/uploads\/2024\/05\/dinamica-abraco.jpg\"><img decoding=\"async\" width=\"1024\" height=\"576\" src=\"https:\/\/www.primecursos.com.br\/blog\/wp-content\/uploads\/2024\/05\/dinamica-abraco-1024x576.jpg\" alt=\"duas pessoas se abra\u00e7ando em um roda de estudo\" class=\"wp-image-14589\" srcset=\"https:\/\/www.primecursos.com.br\/blog\/wp-content\/uploads\/2024\/05\/dinamica-abraco-1024x576.jpg 1024w, https:\/\/www.primecursos.com.br\/blog\/wp-content\/uploads\/2024\/05\/dinamica-abraco-300x169.jpg 300w, https:\/\/www.primecursos.com.br\/blog\/wp-content\/uploads\/2024\/05\/dinamica-abraco-768x432.jpg 768w, https:\/\/www.primecursos.com.br\/blog\/wp-content\/uploads\/2024\/05\/dinamica-abraco-150x84.jpg 150w, https:\/\/www.primecursos.com.br\/blog\/wp-content\/uploads\/2024\/05\/dinamica-abraco.jpg 1200w\" sizes=\"(max-width: 1024px) 100vw, 1024px\" \/><\/a><\/figure>\n\n\n\n<h2 class=\"wp-block-heading\" id=\"h-beneficios-e-desafios\">Benef\u00edcios e Desafios<\/h2>\n\n\n\n<p>A educa\u00e7\u00e3o inclusiva oferece in\u00fameros benef\u00edcios, como a promo\u00e7\u00e3o de um ambiente escolar mais diversificado e acolhedor, onde todos os alunos aprendem a respeitar e valorizar as diferen\u00e7as. Para os estudantes com defici\u00eancias, a inclus\u00e3o pode melhorar a autoestima e proporcionar oportunidades de socializa\u00e7\u00e3o com seus pares. No entanto, essa abordagem tamb\u00e9m apresenta desafios, como a necessidade de treinamento cont\u00ednuo para professores e a adapta\u00e7\u00e3o de recursos e infraestruturas escolares.<\/p>\n\n\n\n<p>A educa\u00e7\u00e3o especial, por sua vez, proporciona um ensino altamente individualizado, atendendo \u00e0s necessidades espec\u00edficas dos alunos com defici\u00eancias significativas. Os benef\u00edcios incluem um ambiente mais controlado e recursos especializados que podem acelerar o desenvolvimento acad\u00eamico e pessoal desses estudantes. Contudo, essa abordagem pode enfrentar desafios como a segrega\u00e7\u00e3o social dos alunos e a necessidade de investimentos significativos em profissionais especializados e infraestrutura adequada.<\/p>\n\n\n\n<figure class=\"wp-block-image size-large\"><a href=\"https:\/\/www.primecursos.com.br\/blog\/wp-content\/uploads\/2024\/06\/criancas-escola-inclusiva.jpg\"><img decoding=\"async\" width=\"1024\" height=\"576\" src=\"https:\/\/www.primecursos.com.br\/blog\/wp-content\/uploads\/2024\/06\/criancas-escola-inclusiva-1024x576.jpg\" alt=\"crian\u00e7as juntas em uma escola inclusiva\" class=\"wp-image-15056\" srcset=\"https:\/\/www.primecursos.com.br\/blog\/wp-content\/uploads\/2024\/06\/criancas-escola-inclusiva-1024x576.jpg 1024w, https:\/\/www.primecursos.com.br\/blog\/wp-content\/uploads\/2024\/06\/criancas-escola-inclusiva-300x169.jpg 300w, https:\/\/www.primecursos.com.br\/blog\/wp-content\/uploads\/2024\/06\/criancas-escola-inclusiva-768x432.jpg 768w, https:\/\/www.primecursos.com.br\/blog\/wp-content\/uploads\/2024\/06\/criancas-escola-inclusiva-150x84.jpg 150w, https:\/\/www.primecursos.com.br\/blog\/wp-content\/uploads\/2024\/06\/criancas-escola-inclusiva.jpg 1200w\" sizes=\"(max-width: 1024px) 100vw, 1024px\" \/><\/a><\/figure>\n\n\n\n<p>Tanto a educa\u00e7\u00e3o inclusiva quanto a educa\u00e7\u00e3o especial desempenham pap\u00e9is vitais no sistema educacional, cada uma com suas abordagens e benef\u00edcios espec\u00edficos. A educa\u00e7\u00e3o inclusiva promove a integra\u00e7\u00e3o e a valoriza\u00e7\u00e3o da diversidade dentro das salas de aula regulares, enquanto a educa\u00e7\u00e3o especial oferece um suporte mais individualizado e intensivo para estudantes com necessidades significativas. Ambas as abordagens s\u00e3o essenciais para garantir que todos os alunos tenham acesso a uma educa\u00e7\u00e3o de qualidade que atenda \u00e0s suas necessidades \u00fanicas.<\/p>\n\n\n\n<p>Entender as diferen\u00e7as e complementaridades entre a educa\u00e7\u00e3o inclusiva e a educa\u00e7\u00e3o especial \u00e9 crucial para criar ambientes de aprendizagem mais eficazes e acolhedores. Educadores, pais e gestores devem trabalhar juntos para implementar as melhores pr\u00e1ticas de ambas as abordagens, garantindo que cada aluno possa alcan\u00e7ar seu pleno potencial.<\/p>\n\n\n\n<h2 class=\"wp-block-heading has-text-align-center\" id=\"h-quer-aprender-mais-sobre-educacao-inclusiva\">Quer aprender mais sobre Educa\u00e7\u00e3o Inclusiva?<\/h2>\n\n\n<style>.kb-image14704_29e0a7-68 .kb-image-has-overlay:after{opacity:0.3;}<\/style>\n<div class=\"wp-block-kadence-image kb-image14704_29e0a7-68\"><figure class=\"aligncenter size-full\"><a href=\"https:\/\/www.primecursos.com.br\/blog\/wp-content\/uploads\/2020\/01\/curso-de-educa\u00e7\u00e3o-inclusiva-e1579204886793.gif\" class=\"kb-advanced-image-link\"><img decoding=\"async\" width=\"768\" height=\"213\" src=\"https:\/\/www.primecursos.com.br\/blog\/wp-content\/uploads\/2020\/01\/curso-de-educa\u00e7\u00e3o-inclusiva-e1579204886793.gif\" alt=\"\" class=\"kb-img wp-image-6795\"\/><\/a><\/figure><\/div>\n\n\n\n<p>Na <strong>Prime Cursos<\/strong>, oferecemos cursos online especializados que podem ajud\u00e1-lo a aprofundar seus conhecimentos sobre <strong><a href=\"https:\/\/www.primecursos.com.br\/educacao-inclusiva\/\">Educa\u00e7\u00e3o Inclusiva<\/a><\/strong> e estrat\u00e9gias de ensino diferenciadas. Se voc\u00ea \u00e9 professor, gestor escolar ou simplesmente algu\u00e9m interessado em tornar a educa\u00e7\u00e3o mais acess\u00edvel e equitativa, nossos cursos s\u00e3o ideais para voc\u00ea. <strong>Inscreva-se hoje mesmo<\/strong> em nossos cursos e fa\u00e7a parte dessa transforma\u00e7\u00e3o educacional! Visite nosso site e descubra como podemos ajud\u00e1-lo a implementar pr\u00e1ticas inclusivas na sua escola ou comunidade.<\/p>\n\n\n\n<p><strong>Transforme a educa\u00e7\u00e3o, transforme vidas. A Prime Cursos est\u00e1 aqui para ajud\u00e1-lo a fazer a diferen\u00e7a.<\/strong><\/p>\n\n\n<style>.wp-block-kadence-advancedbtn.kb-btns14704_29d834-25{gap:var(--global-kb-gap-xs, 0.5rem );justify-content:center;align-items:center;}.kt-btns14704_29d834-25 .kt-button{font-weight:normal;font-style:normal;}.kt-btns14704_29d834-25 .kt-btn-wrap-0{margin-right:5px;}.wp-block-kadence-advancedbtn.kt-btns14704_29d834-25 .kt-btn-wrap-0 .kt-button{color:#555555;border-color:#555555;}.wp-block-kadence-advancedbtn.kt-btns14704_29d834-25 .kt-btn-wrap-0 .kt-button:hover, .wp-block-kadence-advancedbtn.kt-btns14704_29d834-25 .kt-btn-wrap-0 .kt-button:focus{color:#ffffff;border-color:#444444;}.wp-block-kadence-advancedbtn.kt-btns14704_29d834-25 .kt-btn-wrap-0 .kt-button::before{display:none;}.wp-block-kadence-advancedbtn.kt-btns14704_29d834-25 .kt-btn-wrap-0 .kt-button:hover, .wp-block-kadence-advancedbtn.kt-btns14704_29d834-25 .kt-btn-wrap-0 .kt-button:focus{background:#444444;}<\/style>\n<div class=\"wp-block-kadence-advancedbtn kb-buttons-wrap kb-btns14704_29d834-25\"><style>ul.menu .wp-block-kadence-advancedbtn .kb-btn14704_762c3c-00.kb-button{width:initial;}<\/style><a class=\"kb-button kt-button button kb-btn14704_762c3c-00 kt-btn-size-standard kt-btn-width-type-full kb-btn-global-inherit  kt-btn-has-text-true kt-btn-has-svg-false  wp-block-button__link wp-block-kadence-singlebtn\" href=\"https:\/\/www.primecursos.com.br\/educacao-inclusiva\/\"><span class=\"kt-btn-inner-text\">Curso de Educa\u00e7\u00e3o Inclusiva Gr\u00e1tis<\/span><\/a><\/div>\n","protected":false},"excerpt":{"rendered":"<p>A educa\u00e7\u00e3o \u00e9 um direito fundamental de todos, e garantir que ela seja acess\u00edvel e adequada para todos&#8230;<\/p>\n","protected":false},"author":21,"featured_media":15056,"comment_status":"open","ping_status":"closed","sticky":false,"template":"","format":"standard","meta":{"_kad_blocks_custom_css":"","_kad_blocks_head_custom_js":"","_kad_blocks_body_custom_js":"","_kad_blocks_footer_custom_js":"","_kadence_starter_templates_imported_post":false,"_kad_post_transparent":"","_kad_post_title":"","_kad_post_layout":"","_kad_post_sidebar_id":"","_kad_post_content_style":"","_kad_post_vertical_padding":"","_kad_post_feature":"","_kad_post_feature_position":"","_kad_post_header":false,"_kad_post_footer":false,"_kad_post_classname":"","footnotes":""},"categories":[1],"tags":[162],"class_list":["post-15383","post","type-post","status-publish","format-standard","has-post-thumbnail","hentry","category-artigos","tag-educacao-infantil"],"yoast_head":"<!-- This site is optimized with the Yoast SEO plugin v27.5 - https:\/\/yoast.com\/product\/yoast-seo-wordpress\/ -->\n<title>Saiba a Diferen\u00e7a entre Educa\u00e7\u00e3o Inclusiva e Especial | Prime Cursos<\/title>\n<meta name=\"description\" content=\"Descubra as principais diferen\u00e7as entre educa\u00e7\u00e3o inclusiva e especial, suas abordagens, benef\u00edcios e desafios para uma educa\u00e7\u00e3o de qualidade.\" \/>\n<meta name=\"robots\" content=\"index, follow, max-snippet:-1, max-image-preview:large, max-video-preview:-1\" \/>\n<link rel=\"canonical\" href=\"https:\/\/www.primecursos.com.br\/blog\/saiba-a-diferenca-entre-educacao-inclusiva-e-especial\/\" \/>\n<meta property=\"og:locale\" content=\"pt_BR\" \/>\n<meta property=\"og:type\" content=\"article\" \/>\n<meta property=\"og:title\" content=\"Saiba a Diferen\u00e7a entre Educa\u00e7\u00e3o Inclusiva e Especial | Prime Cursos\" \/>\n<meta property=\"og:description\" content=\"Descubra as principais diferen\u00e7as entre educa\u00e7\u00e3o inclusiva e especial, suas abordagens, benef\u00edcios e desafios para uma educa\u00e7\u00e3o de qualidade.\" \/>\n<meta property=\"og:url\" content=\"https:\/\/www.primecursos.com.br\/blog\/saiba-a-diferenca-entre-educacao-inclusiva-e-especial\/\" \/>\n<meta property=\"og:site_name\" content=\"Prime Cursos\" \/>\n<meta property=\"article:publisher\" content=\"https:\/\/www.facebook.com\/primecursos\/\" \/>\n<meta property=\"article:published_time\" content=\"2024-09-26T08:30:00+00:00\" \/>\n<meta property=\"og:image\" content=\"https:\/\/www.primecursos.com.br\/blog\/wp-content\/uploads\/2024\/06\/criancas-escola-inclusiva.jpg\" \/>\n\t<meta property=\"og:image:width\" content=\"1200\" \/>\n\t<meta property=\"og:image:height\" content=\"675\" \/>\n\t<meta property=\"og:image:type\" content=\"image\/jpeg\" \/>\n<meta name=\"author\" content=\"wendrio\" \/>\n<meta name=\"twitter:label1\" content=\"Escrito por\" \/>\n\t<meta name=\"twitter:data1\" content=\"wendrio\" \/>\n\t<meta name=\"twitter:label2\" content=\"Est. tempo de leitura\" \/>\n\t<meta name=\"twitter:data2\" content=\"18 minutos\" \/>\n<script type=\"application\/ld+json\" class=\"yoast-schema-graph\">{\"@context\":\"https:\\\/\\\/schema.org\",\"@graph\":[{\"@type\":\"Article\",\"@id\":\"https:\\\/\\\/www.primecursos.com.br\\\/blog\\\/saiba-a-diferenca-entre-educacao-inclusiva-e-especial\\\/#article\",\"isPartOf\":{\"@id\":\"https:\\\/\\\/www.primecursos.com.br\\\/blog\\\/saiba-a-diferenca-entre-educacao-inclusiva-e-especial\\\/\"},\"author\":{\"name\":\"wendrio\",\"@id\":\"https:\\\/\\\/www.primecursos.com.br\\\/blog\\\/#\\\/schema\\\/person\\\/01f0d387ad571bac4dae0550e79e3a86\"},\"headline\":\"Saiba a Diferen\u00e7a entre Educa\u00e7\u00e3o Inclusiva e Especial\",\"datePublished\":\"2024-09-26T08:30:00+00:00\",\"mainEntityOfPage\":{\"@id\":\"https:\\\/\\\/www.primecursos.com.br\\\/blog\\\/saiba-a-diferenca-entre-educacao-inclusiva-e-especial\\\/\"},\"wordCount\":1604,\"commentCount\":0,\"publisher\":{\"@id\":\"https:\\\/\\\/www.primecursos.com.br\\\/blog\\\/#organization\"},\"image\":{\"@id\":\"https:\\\/\\\/www.primecursos.com.br\\\/blog\\\/saiba-a-diferenca-entre-educacao-inclusiva-e-especial\\\/#primaryimage\"},\"thumbnailUrl\":\"https:\\\/\\\/www.primecursos.com.br\\\/blog\\\/wp-content\\\/uploads\\\/2024\\\/06\\\/criancas-escola-inclusiva.jpg\",\"keywords\":[\"educa\u00e7\u00e3o infantil\"],\"articleSection\":[\"Artigos\"],\"inLanguage\":\"pt-BR\",\"potentialAction\":[{\"@type\":\"CommentAction\",\"name\":\"Comment\",\"target\":[\"https:\\\/\\\/www.primecursos.com.br\\\/blog\\\/saiba-a-diferenca-entre-educacao-inclusiva-e-especial\\\/#respond\"]}]},{\"@type\":\"WebPage\",\"@id\":\"https:\\\/\\\/www.primecursos.com.br\\\/blog\\\/saiba-a-diferenca-entre-educacao-inclusiva-e-especial\\\/\",\"url\":\"https:\\\/\\\/www.primecursos.com.br\\\/blog\\\/saiba-a-diferenca-entre-educacao-inclusiva-e-especial\\\/\",\"name\":\"Saiba a Diferen\u00e7a entre Educa\u00e7\u00e3o Inclusiva e Especial | Prime Cursos\",\"isPartOf\":{\"@id\":\"https:\\\/\\\/www.primecursos.com.br\\\/blog\\\/#website\"},\"primaryImageOfPage\":{\"@id\":\"https:\\\/\\\/www.primecursos.com.br\\\/blog\\\/saiba-a-diferenca-entre-educacao-inclusiva-e-especial\\\/#primaryimage\"},\"image\":{\"@id\":\"https:\\\/\\\/www.primecursos.com.br\\\/blog\\\/saiba-a-diferenca-entre-educacao-inclusiva-e-especial\\\/#primaryimage\"},\"thumbnailUrl\":\"https:\\\/\\\/www.primecursos.com.br\\\/blog\\\/wp-content\\\/uploads\\\/2024\\\/06\\\/criancas-escola-inclusiva.jpg\",\"datePublished\":\"2024-09-26T08:30:00+00:00\",\"description\":\"Descubra as principais diferen\u00e7as entre educa\u00e7\u00e3o inclusiva e especial, suas abordagens, benef\u00edcios e desafios para uma educa\u00e7\u00e3o de qualidade.\",\"breadcrumb\":{\"@id\":\"https:\\\/\\\/www.primecursos.com.br\\\/blog\\\/saiba-a-diferenca-entre-educacao-inclusiva-e-especial\\\/#breadcrumb\"},\"inLanguage\":\"pt-BR\",\"potentialAction\":[{\"@type\":\"ReadAction\",\"target\":[\"https:\\\/\\\/www.primecursos.com.br\\\/blog\\\/saiba-a-diferenca-entre-educacao-inclusiva-e-especial\\\/\"]}]},{\"@type\":\"ImageObject\",\"inLanguage\":\"pt-BR\",\"@id\":\"https:\\\/\\\/www.primecursos.com.br\\\/blog\\\/saiba-a-diferenca-entre-educacao-inclusiva-e-especial\\\/#primaryimage\",\"url\":\"https:\\\/\\\/www.primecursos.com.br\\\/blog\\\/wp-content\\\/uploads\\\/2024\\\/06\\\/criancas-escola-inclusiva.jpg\",\"contentUrl\":\"https:\\\/\\\/www.primecursos.com.br\\\/blog\\\/wp-content\\\/uploads\\\/2024\\\/06\\\/criancas-escola-inclusiva.jpg\",\"width\":1200,\"height\":675,\"caption\":\"crian\u00e7as juntas em uma escola inclusiva\"},{\"@type\":\"BreadcrumbList\",\"@id\":\"https:\\\/\\\/www.primecursos.com.br\\\/blog\\\/saiba-a-diferenca-entre-educacao-inclusiva-e-especial\\\/#breadcrumb\",\"itemListElement\":[{\"@type\":\"ListItem\",\"position\":1,\"name\":\"In\u00edcio\",\"item\":\"https:\\\/\\\/www.primecursos.com.br\\\/blog\\\/\"},{\"@type\":\"ListItem\",\"position\":2,\"name\":\"Artigos\",\"item\":\"https:\\\/\\\/www.primecursos.com.br\\\/blog\\\/artigos\\\/\"},{\"@type\":\"ListItem\",\"position\":3,\"name\":\"Saiba a Diferen\u00e7a entre Educa\u00e7\u00e3o Inclusiva e Especial\"}]},{\"@type\":\"WebSite\",\"@id\":\"https:\\\/\\\/www.primecursos.com.br\\\/blog\\\/#website\",\"url\":\"https:\\\/\\\/www.primecursos.com.br\\\/blog\\\/\",\"name\":\"Prime Cursos\",\"description\":\"Cursos gr\u00e1tis com certificado v\u00e1lido\",\"publisher\":{\"@id\":\"https:\\\/\\\/www.primecursos.com.br\\\/blog\\\/#organization\"},\"potentialAction\":[{\"@type\":\"SearchAction\",\"target\":{\"@type\":\"EntryPoint\",\"urlTemplate\":\"https:\\\/\\\/www.primecursos.com.br\\\/blog\\\/?s={search_term_string}\"},\"query-input\":{\"@type\":\"PropertyValueSpecification\",\"valueRequired\":true,\"valueName\":\"search_term_string\"}}],\"inLanguage\":\"pt-BR\"},{\"@type\":\"Organization\",\"@id\":\"https:\\\/\\\/www.primecursos.com.br\\\/blog\\\/#organization\",\"name\":\"Prime Cursos Online\",\"url\":\"https:\\\/\\\/www.primecursos.com.br\\\/blog\\\/\",\"logo\":{\"@type\":\"ImageObject\",\"inLanguage\":\"pt-BR\",\"@id\":\"https:\\\/\\\/www.primecursos.com.br\\\/blog\\\/#\\\/schema\\\/logo\\\/image\\\/\",\"url\":\"https:\\\/\\\/www.primecursos.com.br\\\/blog\\\/wp-content\\\/uploads\\\/2018\\\/03\\\/prime-cursos-gratis-online-logo-070318b-1.png\",\"contentUrl\":\"https:\\\/\\\/www.primecursos.com.br\\\/blog\\\/wp-content\\\/uploads\\\/2018\\\/03\\\/prime-cursos-gratis-online-logo-070318b-1.png\",\"width\":330,\"height\":80,\"caption\":\"Prime Cursos Online\"},\"image\":{\"@id\":\"https:\\\/\\\/www.primecursos.com.br\\\/blog\\\/#\\\/schema\\\/logo\\\/image\\\/\"},\"sameAs\":[\"https:\\\/\\\/www.facebook.com\\\/primecursos\\\/\",\"https:\\\/\\\/x.com\\\/primecursosbr\"]},{\"@type\":\"Person\",\"@id\":\"https:\\\/\\\/www.primecursos.com.br\\\/blog\\\/#\\\/schema\\\/person\\\/01f0d387ad571bac4dae0550e79e3a86\",\"name\":\"wendrio\",\"image\":{\"@type\":\"ImageObject\",\"inLanguage\":\"pt-BR\",\"@id\":\"https:\\\/\\\/secure.gravatar.com\\\/avatar\\\/6f07427728d161f72b644ff96e0dea03323c271dce3e9f65c49a2358ceb16957?s=96&d=mm&r=g\",\"url\":\"https:\\\/\\\/secure.gravatar.com\\\/avatar\\\/6f07427728d161f72b644ff96e0dea03323c271dce3e9f65c49a2358ceb16957?s=96&d=mm&r=g\",\"contentUrl\":\"https:\\\/\\\/secure.gravatar.com\\\/avatar\\\/6f07427728d161f72b644ff96e0dea03323c271dce3e9f65c49a2358ceb16957?s=96&d=mm&r=g\",\"caption\":\"wendrio\"},\"url\":\"https:\\\/\\\/www.primecursos.com.br\\\/blog\\\/author\\\/wendrioskt\\\/\"}]}<\/script>\n<!-- \/ Yoast SEO plugin. -->","yoast_head_json":{"title":"Saiba a Diferen\u00e7a entre Educa\u00e7\u00e3o Inclusiva e Especial | Prime Cursos","description":"Descubra as principais diferen\u00e7as entre educa\u00e7\u00e3o inclusiva e especial, suas abordagens, benef\u00edcios e desafios para uma educa\u00e7\u00e3o de qualidade.","robots":{"index":"index","follow":"follow","max-snippet":"max-snippet:-1","max-image-preview":"max-image-preview:large","max-video-preview":"max-video-preview:-1"},"canonical":"https:\/\/www.primecursos.com.br\/blog\/saiba-a-diferenca-entre-educacao-inclusiva-e-especial\/","og_locale":"pt_BR","og_type":"article","og_title":"Saiba a Diferen\u00e7a entre Educa\u00e7\u00e3o Inclusiva e Especial | Prime Cursos","og_description":"Descubra as principais diferen\u00e7as entre educa\u00e7\u00e3o inclusiva e especial, suas abordagens, benef\u00edcios e desafios para uma educa\u00e7\u00e3o de qualidade.","og_url":"https:\/\/www.primecursos.com.br\/blog\/saiba-a-diferenca-entre-educacao-inclusiva-e-especial\/","og_site_name":"Prime Cursos","article_publisher":"https:\/\/www.facebook.com\/primecursos\/","article_published_time":"2024-09-26T08:30:00+00:00","og_image":[{"width":1200,"height":675,"url":"https:\/\/www.primecursos.com.br\/blog\/wp-content\/uploads\/2024\/06\/criancas-escola-inclusiva.jpg","type":"image\/jpeg"}],"author":"wendrio","twitter_misc":{"Escrito por":"wendrio","Est. tempo de leitura":"18 minutos"},"schema":{"@context":"https:\/\/schema.org","@graph":[{"@type":"Article","@id":"https:\/\/www.primecursos.com.br\/blog\/saiba-a-diferenca-entre-educacao-inclusiva-e-especial\/#article","isPartOf":{"@id":"https:\/\/www.primecursos.com.br\/blog\/saiba-a-diferenca-entre-educacao-inclusiva-e-especial\/"},"author":{"name":"wendrio","@id":"https:\/\/www.primecursos.com.br\/blog\/#\/schema\/person\/01f0d387ad571bac4dae0550e79e3a86"},"headline":"Saiba a Diferen\u00e7a entre Educa\u00e7\u00e3o Inclusiva e Especial","datePublished":"2024-09-26T08:30:00+00:00","mainEntityOfPage":{"@id":"https:\/\/www.primecursos.com.br\/blog\/saiba-a-diferenca-entre-educacao-inclusiva-e-especial\/"},"wordCount":1604,"commentCount":0,"publisher":{"@id":"https:\/\/www.primecursos.com.br\/blog\/#organization"},"image":{"@id":"https:\/\/www.primecursos.com.br\/blog\/saiba-a-diferenca-entre-educacao-inclusiva-e-especial\/#primaryimage"},"thumbnailUrl":"https:\/\/www.primecursos.com.br\/blog\/wp-content\/uploads\/2024\/06\/criancas-escola-inclusiva.jpg","keywords":["educa\u00e7\u00e3o infantil"],"articleSection":["Artigos"],"inLanguage":"pt-BR","potentialAction":[{"@type":"CommentAction","name":"Comment","target":["https:\/\/www.primecursos.com.br\/blog\/saiba-a-diferenca-entre-educacao-inclusiva-e-especial\/#respond"]}]},{"@type":"WebPage","@id":"https:\/\/www.primecursos.com.br\/blog\/saiba-a-diferenca-entre-educacao-inclusiva-e-especial\/","url":"https:\/\/www.primecursos.com.br\/blog\/saiba-a-diferenca-entre-educacao-inclusiva-e-especial\/","name":"Saiba a Diferen\u00e7a entre Educa\u00e7\u00e3o Inclusiva e Especial | Prime Cursos","isPartOf":{"@id":"https:\/\/www.primecursos.com.br\/blog\/#website"},"primaryImageOfPage":{"@id":"https:\/\/www.primecursos.com.br\/blog\/saiba-a-diferenca-entre-educacao-inclusiva-e-especial\/#primaryimage"},"image":{"@id":"https:\/\/www.primecursos.com.br\/blog\/saiba-a-diferenca-entre-educacao-inclusiva-e-especial\/#primaryimage"},"thumbnailUrl":"https:\/\/www.primecursos.com.br\/blog\/wp-content\/uploads\/2024\/06\/criancas-escola-inclusiva.jpg","datePublished":"2024-09-26T08:30:00+00:00","description":"Descubra as principais diferen\u00e7as entre educa\u00e7\u00e3o inclusiva e especial, suas abordagens, benef\u00edcios e desafios para uma educa\u00e7\u00e3o de qualidade.","breadcrumb":{"@id":"https:\/\/www.primecursos.com.br\/blog\/saiba-a-diferenca-entre-educacao-inclusiva-e-especial\/#breadcrumb"},"inLanguage":"pt-BR","potentialAction":[{"@type":"ReadAction","target":["https:\/\/www.primecursos.com.br\/blog\/saiba-a-diferenca-entre-educacao-inclusiva-e-especial\/"]}]},{"@type":"ImageObject","inLanguage":"pt-BR","@id":"https:\/\/www.primecursos.com.br\/blog\/saiba-a-diferenca-entre-educacao-inclusiva-e-especial\/#primaryimage","url":"https:\/\/www.primecursos.com.br\/blog\/wp-content\/uploads\/2024\/06\/criancas-escola-inclusiva.jpg","contentUrl":"https:\/\/www.primecursos.com.br\/blog\/wp-content\/uploads\/2024\/06\/criancas-escola-inclusiva.jpg","width":1200,"height":675,"caption":"crian\u00e7as juntas em uma escola inclusiva"},{"@type":"BreadcrumbList","@id":"https:\/\/www.primecursos.com.br\/blog\/saiba-a-diferenca-entre-educacao-inclusiva-e-especial\/#breadcrumb","itemListElement":[{"@type":"ListItem","position":1,"name":"In\u00edcio","item":"https:\/\/www.primecursos.com.br\/blog\/"},{"@type":"ListItem","position":2,"name":"Artigos","item":"https:\/\/www.primecursos.com.br\/blog\/artigos\/"},{"@type":"ListItem","position":3,"name":"Saiba a Diferen\u00e7a entre Educa\u00e7\u00e3o Inclusiva e Especial"}]},{"@type":"WebSite","@id":"https:\/\/www.primecursos.com.br\/blog\/#website","url":"https:\/\/www.primecursos.com.br\/blog\/","name":"Prime Cursos","description":"Cursos gr\u00e1tis com certificado v\u00e1lido","publisher":{"@id":"https:\/\/www.primecursos.com.br\/blog\/#organization"},"potentialAction":[{"@type":"SearchAction","target":{"@type":"EntryPoint","urlTemplate":"https:\/\/www.primecursos.com.br\/blog\/?s={search_term_string}"},"query-input":{"@type":"PropertyValueSpecification","valueRequired":true,"valueName":"search_term_string"}}],"inLanguage":"pt-BR"},{"@type":"Organization","@id":"https:\/\/www.primecursos.com.br\/blog\/#organization","name":"Prime Cursos Online","url":"https:\/\/www.primecursos.com.br\/blog\/","logo":{"@type":"ImageObject","inLanguage":"pt-BR","@id":"https:\/\/www.primecursos.com.br\/blog\/#\/schema\/logo\/image\/","url":"https:\/\/www.primecursos.com.br\/blog\/wp-content\/uploads\/2018\/03\/prime-cursos-gratis-online-logo-070318b-1.png","contentUrl":"https:\/\/www.primecursos.com.br\/blog\/wp-content\/uploads\/2018\/03\/prime-cursos-gratis-online-logo-070318b-1.png","width":330,"height":80,"caption":"Prime Cursos Online"},"image":{"@id":"https:\/\/www.primecursos.com.br\/blog\/#\/schema\/logo\/image\/"},"sameAs":["https:\/\/www.facebook.com\/primecursos\/","https:\/\/x.com\/primecursosbr"]},{"@type":"Person","@id":"https:\/\/www.primecursos.com.br\/blog\/#\/schema\/person\/01f0d387ad571bac4dae0550e79e3a86","name":"wendrio","image":{"@type":"ImageObject","inLanguage":"pt-BR","@id":"https:\/\/secure.gravatar.com\/avatar\/6f07427728d161f72b644ff96e0dea03323c271dce3e9f65c49a2358ceb16957?s=96&d=mm&r=g","url":"https:\/\/secure.gravatar.com\/avatar\/6f07427728d161f72b644ff96e0dea03323c271dce3e9f65c49a2358ceb16957?s=96&d=mm&r=g","contentUrl":"https:\/\/secure.gravatar.com\/avatar\/6f07427728d161f72b644ff96e0dea03323c271dce3e9f65c49a2358ceb16957?s=96&d=mm&r=g","caption":"wendrio"},"url":"https:\/\/www.primecursos.com.br\/blog\/author\/wendrioskt\/"}]}},"taxonomy_info":{"category":[{"value":1,"label":"Artigos"}],"post_tag":[{"value":162,"label":"educa\u00e7\u00e3o infantil"}]},"featured_image_src_large":["https:\/\/www.primecursos.com.br\/blog\/wp-content\/uploads\/2024\/06\/criancas-escola-inclusiva-1024x576.jpg",1024,576,true],"author_info":{"display_name":"wendrio","author_link":"https:\/\/www.primecursos.com.br\/blog\/author\/wendrioskt\/"},"comment_info":0,"category_info":[{"term_id":1,"name":"Artigos","slug":"artigos","term_group":0,"term_taxonomy_id":1,"taxonomy":"category","description":"","parent":0,"count":983,"filter":"raw","cat_ID":1,"category_count":983,"category_description":"","cat_name":"Artigos","category_nicename":"artigos","category_parent":0}],"tag_info":[{"term_id":162,"name":"educa\u00e7\u00e3o infantil","slug":"educacao-infantil","term_group":0,"term_taxonomy_id":162,"taxonomy":"post_tag","description":"","parent":0,"count":2,"filter":"raw"}],"_links":{"self":[{"href":"https:\/\/www.primecursos.com.br\/blog\/wp-json\/wp\/v2\/posts\/15383","targetHints":{"allow":["GET"]}}],"collection":[{"href":"https:\/\/www.primecursos.com.br\/blog\/wp-json\/wp\/v2\/posts"}],"about":[{"href":"https:\/\/www.primecursos.com.br\/blog\/wp-json\/wp\/v2\/types\/post"}],"author":[{"embeddable":true,"href":"https:\/\/www.primecursos.com.br\/blog\/wp-json\/wp\/v2\/users\/21"}],"replies":[{"embeddable":true,"href":"https:\/\/www.primecursos.com.br\/blog\/wp-json\/wp\/v2\/comments?post=15383"}],"version-history":[{"count":0,"href":"https:\/\/www.primecursos.com.br\/blog\/wp-json\/wp\/v2\/posts\/15383\/revisions"}],"wp:featuredmedia":[{"embeddable":true,"href":"https:\/\/www.primecursos.com.br\/blog\/wp-json\/wp\/v2\/media\/15056"}],"wp:attachment":[{"href":"https:\/\/www.primecursos.com.br\/blog\/wp-json\/wp\/v2\/media?parent=15383"}],"wp:term":[{"taxonomy":"category","embeddable":true,"href":"https:\/\/www.primecursos.com.br\/blog\/wp-json\/wp\/v2\/categories?post=15383"},{"taxonomy":"post_tag","embeddable":true,"href":"https:\/\/www.primecursos.com.br\/blog\/wp-json\/wp\/v2\/tags?post=15383"}],"curies":[{"name":"wp","href":"https:\/\/api.w.org\/{rel}","templated":true}]}}