{"id":15683,"date":"2024-10-10T08:43:00","date_gmt":"2024-10-10T08:43:00","guid":{"rendered":"https:\/\/www.primecursos.com.br\/blog\/?p=15683"},"modified":"2024-08-21T19:58:35","modified_gmt":"2024-08-21T19:58:35","slug":"o-que-podemos-fazer-para-melhorar-a-inclusao-na-escola","status":"publish","type":"post","link":"https:\/\/www.primecursos.com.br\/blog\/o-que-podemos-fazer-para-melhorar-a-inclusao-na-escola\/","title":{"rendered":"O que podemos fazer para melhorar a inclus\u00e3o na escola?"},"content":{"rendered":"\n<p>A inclus\u00e3o escolar \u00e9 um tema cada vez mais discutido e reconhecido como essencial para a constru\u00e7\u00e3o de uma sociedade mais justa e equitativa. No entanto, transformar esse ideal em realidade dentro das escolas ainda apresenta desafios significativos. Como podemos garantir que todos os alunos, independentemente de suas diferen\u00e7as, tenham acesso a uma educa\u00e7\u00e3o de qualidade e se sintam verdadeiramente inclu\u00eddos no ambiente escolar?<\/p>\n\n\n\n<p>Para melhorar a inclus\u00e3o na escola, \u00e9 fundamental adotar uma abordagem que envolva a comunidade escolar como um todo. Isso inclui a adapta\u00e7\u00e3o de m\u00e9todos de ensino, a forma\u00e7\u00e3o continuada dos professores, o uso de tecnologias assistivas, e, acima de tudo, a promo\u00e7\u00e3o de uma cultura que valorize a diversidade. Neste post, vamos explorar estrat\u00e9gias pr\u00e1ticas e eficazes que podem ser implementadas para <strong>fortalecer a inclus\u00e3o nas escolas<\/strong>, garantindo que cada aluno tenha a oportunidade de atingir seu pleno potencial.<\/p>\n\n\n\n<!--more-->\n\n\n\n<h2 class=\"wp-block-heading\" id=\"h-o-que-e-educacao-inclusiva\">O que \u00e9 educa\u00e7\u00e3o inclusiva?<\/h2>\n\n\n\n<p><a href=\"https:\/\/www.primecursos.com.br\/blog\/como-aplicar-educacao-inclusiva-de-forma-efetiva-em-escola\/\">Educa\u00e7\u00e3o inclusiva \u00e9 um modelo educacional<\/a> que se baseia no princ\u00edpio de que todos os alunos, incluindo aqueles com defici\u00eancias ou necessidades especiais, devem aprender juntos, no mesmo ambiente escolar.<\/p>\n\n\n\n<p>Em vez de separar alunos com necessidades especiais em classes ou escolas especiais, a educa\u00e7\u00e3o inclusiva integra esses alunos nas salas de aula regulares. Isso n\u00e3o apenas promove a igualdade de oportunidades, mas tamb\u00e9m encoraja a aceita\u00e7\u00e3o e o respeito pela diversidade.<\/p>\n\n\n\n<h2 class=\"wp-block-heading\" id=\"h-a-importancia-da-educacao-inclusiva\">A import\u00e2ncia da educa\u00e7\u00e3o inclusiva<\/h2>\n\n\n\n<p>Entender a import\u00e2ncia da educa\u00e7\u00e3o inclusiva \u00e9 fundamental para implementar pr\u00e1ticas eficazes. Ela n\u00e3o s\u00f3 promove a igualdade e a equidade, mas tamb\u00e9m <a href=\"http:\/\/portal.mec.gov.br\/seesp\/arquivos\/pdf\/aescola.pdf\" target=\"_blank\" rel=\"noreferrer noopener nofollow\">desenvolve habilidades sociais cruciais<\/a> e prepara os alunos para a vida em uma sociedade diversificada.<\/p>\n\n\n\n<h3 class=\"wp-block-heading\" id=\"h-promove-a-igualdade-e-a-equidade\">Promove a igualdade e a equidade<\/h3>\n\n\n\n<p>A educa\u00e7\u00e3o inclusiva garante que todos os alunos tenham as mesmas oportunidades de aprendizado, independentemente de suas habilidades. Isso ajuda a eliminar barreiras que podem impedir alguns alunos de alcan\u00e7ar seu pleno potencial. <\/p>\n\n\n\n<p>A igualdade na educa\u00e7\u00e3o significa fornecer recursos e apoio adequados para que todos os alunos possam aprender e progredir, reconhecendo que cada um tem necessidades e talentos \u00fanicos.<\/p>\n\n\n\n<h3 class=\"wp-block-heading\" id=\"h-desenvolve-habilidades-sociais\">Desenvolve habilidades sociais<\/h3>\n\n\n\n<p>Ao aprenderem juntos, os alunos com e sem necessidades especiais desenvolvem habilidades sociais importantes, como empatia, compreens\u00e3o e coopera\u00e7\u00e3o. Eles aprendem a valorizar as diferen\u00e7as e a trabalhar em conjunto. <\/p>\n\n\n\n<p>Essa intera\u00e7\u00e3o di\u00e1ria entre alunos com diferentes habilidades promove um ambiente de respeito e aceita\u00e7\u00e3o, onde todos se sentem valorizados e inclu\u00eddos. Al\u00e9m disso, essas habilidades sociais s\u00e3o fundamentais para a vida fora da escola, preparando os alunos para intera\u00e7\u00f5es futuras em ambientes diversos e inclusivos.<\/p>\n\n\n\n<h3 class=\"wp-block-heading\" id=\"h-prepara-para-a-vida-em-sociedade\">Prepara para a vida em sociedade<\/h3>\n\n\n\n<p>Eles aprendem a lidar com a diversidade e a trabalhar com pessoas de diferentes origens e habilidades, o que \u00e9 essencial no mundo atual. Em um ambiente inclusivo, os alunos se tornam mais abertos e tolerantes, prontos para contribuir de maneira positiva e eficaz em uma sociedade multicultural. <\/p>\n\n\n\n<p>Essa prepara\u00e7\u00e3o n\u00e3o apenas beneficia os alunos individualmente, mas tamb\u00e9m contribui para a constru\u00e7\u00e3o de comunidades mais coesas e harmoniosas, onde a diversidade \u00e9 vista como uma for\u00e7a e n\u00e3o como uma barreira.<\/p>\n\n\n<style>.kb-image15683_f29d59-e4 .kb-image-has-overlay:after{opacity:0.3;}<\/style>\n<figure class=\"wp-block-kadence-image kb-image15683_f29d59-e4 size-large\"><a href=\"https:\/\/www.primecursos.com.br\/blog\/wp-content\/uploads\/2020\/01\/curso-de-educa\u00e7\u00e3o-inclusiva-e1579204469477.jpg\" class=\"kb-advanced-image-link\"><img decoding=\"async\" width=\"1024\" height=\"512\" src=\"https:\/\/www.primecursos.com.br\/blog\/wp-content\/uploads\/2020\/01\/curso-de-educa\u00e7\u00e3o-inclusiva-1024x512.jpg\" alt=\"Uma professora e tr\u00eas crian\u00e7as em uma sala de aula, promovendo a educa\u00e7\u00e3o inclusiva. Uma das crian\u00e7as est\u00e1 em uma cadeira de rodas, outra est\u00e1 usando \u00f3culos escuros, e a terceira est\u00e1 sentada ao lado delas. Todos est\u00e3o sorrindo e compartilhando uma mesa.\" class=\"kb-img wp-image-6793\"\/><\/a><\/figure>\n\n\n\n<h2 class=\"wp-block-heading\" id=\"h-estrategias-para-aplicar-a-educacao-inclusiva-de-forma-efetiva\">Estrat\u00e9gias para aplicar a educa\u00e7\u00e3o inclusiva de forma efetiva<\/h2>\n\n\n\n<p>Para que a educa\u00e7\u00e3o inclusiva seja efetiva, \u00e9 necess\u00e1rio adotar estrat\u00e9gias espec\u00edficas que promovam um ambiente acolhedor e adaptado \u00e0s necessidades de todos os alunos. A seguir, <a href=\"https:\/\/www.primecursos.com.br\/blog\/como-aplicar-educacao-inclusiva-de-forma-efetiva-em-escola\/\">apresentamos algumas dessas estrat\u00e9gias<\/a>.<\/p>\n\n\n\n<h3 class=\"wp-block-heading\" id=\"h-6-formacao-de-professores\">6. Forma\u00e7\u00e3o de professores<\/h3>\n\n\n\n<p>Para que a educa\u00e7\u00e3o inclusiva seja bem-sucedida, \u00e9 crucial que os professores estejam preparados para lidar com a diversidade em sala de aula. Isso inclui forma\u00e7\u00e3o cont\u00ednua em m\u00e9todos de ensino inclusivos, compreens\u00e3o das necessidades dos alunos com defici\u00eancias e estrat\u00e9gias para adaptar o curr\u00edculo. <\/p>\n\n\n\n<p>Cursos de capacita\u00e7\u00e3o, workshops e semin\u00e1rios s\u00e3o essenciais para atualizar os educadores sobre as melhores pr\u00e1ticas inclusivas e novas tecnologias educacionais. Al\u00e9m disso, o suporte de especialistas em educa\u00e7\u00e3o especial pode fornecer orienta\u00e7\u00e3o valiosa no desenvolvimento de planos de aula e na implementa\u00e7\u00e3o de estrat\u00e9gias inclusivas.<\/p>\n\n\n\n<h3 class=\"wp-block-heading\" id=\"h-5-adaptacao-do-curriculo\">5. Adapta\u00e7\u00e3o do curr\u00edculo<\/h3>\n\n\n\n<p>O curr\u00edculo deve ser adaptado para atender \u00e0s necessidades de todos os alunos. Isso pode incluir a modifica\u00e7\u00e3o de atividades, a utiliza\u00e7\u00e3o de materiais did\u00e1ticos diversificados e a implementa\u00e7\u00e3o de diferentes m\u00e9todos de avalia\u00e7\u00e3o. Por exemplo, atividades pr\u00e1ticas e projetos colaborativos podem ser ajustados para garantir que todos os alunos possam participar e contribuir. <\/p>\n\n\n\n<p>A personaliza\u00e7\u00e3o do aprendizado, permitindo que os alunos trabalhem no seu pr\u00f3prio ritmo e utilizando diferentes formatos de apresenta\u00e7\u00e3o (visual, auditivo, t\u00e1til), tamb\u00e9m pode ser ben\u00e9fica.<\/p>\n\n\n\n<h3 class=\"wp-block-heading\" id=\"h-4-tecnologia-assistiva\">4. Tecnologia assistiva<\/h3>\n\n\n\n<p>O uso de tecnologia assistiva pode ser uma grande aliada na educa\u00e7\u00e3o inclusiva. Ferramentas como softwares de leitura de texto, teclados adaptados e dispositivos de comunica\u00e7\u00e3o aumentativa podem ajudar os alunos com necessidades especiais a participar plenamente das atividades de sala de aula. <\/p>\n\n\n\n<p>Al\u00e9m disso, aplicativos educacionais que oferecem recursos de acessibilidade, como legendas autom\u00e1ticas e interfaces amig\u00e1veis para diferentes tipos de defici\u00eancia, podem ser integrados ao dia a dia escolar. A forma\u00e7\u00e3o dos professores no uso dessas tecnologias \u00e9 igualmente importante para maximizar seu potencial.<\/p>\n\n\n<style>.kb-image15683_454577-ea .kb-image-has-overlay:after{opacity:0.3;}<\/style>\n<figure class=\"wp-block-kadence-image kb-image15683_454577-ea size-large\"><a href=\"https:\/\/www.primecursos.com.br\/blog\/wp-content\/uploads\/2014\/10\/O-bom-uso-da-tecnologia-e-da-internet-para-melhorar-o-ensino.jpg\" class=\"kb-advanced-image-link\"><img decoding=\"async\" width=\"1024\" height=\"664\" src=\"https:\/\/www.primecursos.com.br\/blog\/wp-content\/uploads\/2014\/10\/O-bom-uso-da-tecnologia-e-da-internet-para-melhorar-o-ensino-1024x664.jpg\" alt=\"O bom uso da tecnologia e internet para melhorar o ensino. Crian\u00e7as na escola utilizando computadores para realizar tarefas.\" class=\"kb-img wp-image-1214\" srcset=\"https:\/\/www.primecursos.com.br\/blog\/wp-content\/uploads\/2014\/10\/O-bom-uso-da-tecnologia-e-da-internet-para-melhorar-o-ensino-1024x664.jpg 1024w, https:\/\/www.primecursos.com.br\/blog\/wp-content\/uploads\/2014\/10\/O-bom-uso-da-tecnologia-e-da-internet-para-melhorar-o-ensino-300x194.jpg 300w, https:\/\/www.primecursos.com.br\/blog\/wp-content\/uploads\/2014\/10\/O-bom-uso-da-tecnologia-e-da-internet-para-melhorar-o-ensino.jpg 1079w\" sizes=\"(max-width: 1024px) 100vw, 1024px\" \/><\/a><\/figure>\n\n\n\n<h3 class=\"wp-block-heading\" id=\"h-3-ambiente-escolar-acessivel\">3. Ambiente escolar acess\u00edvel<\/h3>\n\n\n\n<p>A infraestrutura da escola deve ser acess\u00edvel a todos os alunos. Isso inclui rampas de acesso, banheiros adaptados, sinaliza\u00e7\u00e3o adequada e outras modifica\u00e7\u00f5es que possam ser necess\u00e1rias para garantir a mobilidade e o conforto de todos. Al\u00e9m das adapta\u00e7\u00f5es f\u00edsicas, o ambiente de aprendizagem deve ser acolhedor e livre de barreiras atitudinais. <\/p>\n\n\n\n<p>Criar espa\u00e7os de aprendizagem flex\u00edveis, como salas de aula com mobili\u00e1rio ajust\u00e1vel e \u00e1reas de estudo silenciosas, pode facilitar a inclus\u00e3o de alunos com diferentes necessidades.<\/p>\n\n\n\n<h3 class=\"wp-block-heading\" id=\"h-2-envolvimento-da-comunidade-e-da-familia\">2. Envolvimento da comunidade e da fam\u00edlia<\/h3>\n\n\n\n<p>A educa\u00e7\u00e3o inclusiva \u00e9 mais eficaz quando h\u00e1 um envolvimento ativo da comunidade e das fam\u00edlias dos alunos. Isso inclui a participa\u00e7\u00e3o em reuni\u00f5es escolares, colabora\u00e7\u00e3o em atividades educacionais e apoio no desenvolvimento de estrat\u00e9gias inclusivas. <\/p>\n\n\n\n<p>Programas de engajamento comunit\u00e1rio, como eventos escolares abertos \u00e0 comunidade e grupos de apoio para pais, podem fortalecer o senso de pertencimento e coopera\u00e7\u00e3o. A comunica\u00e7\u00e3o regular entre escola e fam\u00edlia, utilizando ferramentas como aplicativos de mensagens e reuni\u00f5es virtuais, tamb\u00e9m \u00e9 fundamental para manter todas as partes informadas e envolvidas.<\/p>\n\n\n\n<h3 class=\"wp-block-heading\" id=\"h-1-cultura-escolar-inclusiva\">1. Cultura escolar inclusiva<\/h3>\n\n\n\n<p>A cria\u00e7\u00e3o de uma cultura escolar que valorize a inclus\u00e3o \u00e9 fundamental. Isso envolve promover valores de respeito e aceita\u00e7\u00e3o, al\u00e9m de combater qualquer forma de discrimina\u00e7\u00e3o ou preconceito. <\/p>\n\n\n\n<p>Iniciativas como campanhas de conscientiza\u00e7\u00e3o, celebra\u00e7\u00e3o de datas importantes relacionadas \u00e0 inclus\u00e3o e diversidade, e a implementa\u00e7\u00e3o de programas de media\u00e7\u00e3o de conflitos podem ajudar a construir um ambiente escolar mais inclusivo. Al\u00e9m disso, pol\u00edticas escolares claras que promovam a inclus\u00e3o e penalizem a discrimina\u00e7\u00e3o s\u00e3o essenciais para sustentar esses valores.<\/p>\n\n\n\n<p>Implementar essas estrat\u00e9gias de forma integrada e cont\u00ednua pode transformar a educa\u00e7\u00e3o inclusiva em uma pr\u00e1tica efetiva e significativa, beneficiando todos os alunos e preparando-os para uma sociedade mais justa e equitativa.<\/p>\n\n\n<style>.kb-image15683_624c74-4d .kb-image-has-overlay:after{opacity:0.3;}<\/style>\n<figure class=\"wp-block-kadence-image kb-image15683_624c74-4d size-large\"><a href=\"https:\/\/www.primecursos.com.br\/blog\/wp-content\/uploads\/2024\/06\/IMG_0505.png\" class=\"kb-advanced-image-link\"><img decoding=\"async\" width=\"1024\" height=\"683\" src=\"https:\/\/www.primecursos.com.br\/blog\/wp-content\/uploads\/2024\/06\/IMG_0505-1024x683.png\" alt=\"Ilustra\u00e7\u00e3o colorida de figuras representando a diversidade humana, incluindo diferentes defici\u00eancias e caracter\u00edsticas f\u00edsicas, simbolizando a educa\u00e7\u00e3o inclusiva.\" class=\"kb-img wp-image-15019\" srcset=\"https:\/\/www.primecursos.com.br\/blog\/wp-content\/uploads\/2024\/06\/IMG_0505-1024x683.png 1024w, https:\/\/www.primecursos.com.br\/blog\/wp-content\/uploads\/2024\/06\/IMG_0505-300x200.png 300w, https:\/\/www.primecursos.com.br\/blog\/wp-content\/uploads\/2024\/06\/IMG_0505-768x512.png 768w, https:\/\/www.primecursos.com.br\/blog\/wp-content\/uploads\/2024\/06\/IMG_0505-150x100.png 150w, https:\/\/www.primecursos.com.br\/blog\/wp-content\/uploads\/2024\/06\/IMG_0505.png 1200w\" sizes=\"(max-width: 1024px) 100vw, 1024px\" \/><\/a><\/figure>\n\n\n\n<h2 class=\"wp-block-heading\" id=\"h-trajetorias-de-sucesso-escolar-na-educacao-inclusiva\">Trajet\u00f3rias de sucesso escolar na educa\u00e7\u00e3o inclusiva<\/h2>\n\n\n\n<p>As trajet\u00f3rias de vida na educa\u00e7\u00e3o inclusiva destacadas pelo projeto &#8220;<a href=\"https:\/\/trajetoriaescolar.org.br\/historias-de-vida\/\" target=\"_blank\" rel=\"noreferrer noopener nofollow\">Trajet\u00f3rias de Sucesso Escolar<\/a>&#8221; s\u00e3o exemplos poderosos de como a educa\u00e7\u00e3o pode transformar vidas quando h\u00e1 estrat\u00e9gias inclusivas e suporte adequado. S\u00e3o diversas hist\u00f3rias de supera\u00e7\u00e3o e sucesso de estudantes que, apesar das dificuldades iniciais, conseguiram retomar seus estudos e alcan\u00e7ar novas conquistas.<\/p>\n\n\n\n<p>Um exemplo impactante \u00e9 o de Franciane, que, ap\u00f3s enfrentar desafios que a afastaram da escola, retornou ao ambiente escolar e hoje se destaca por sua gratid\u00e3o e sucesso. Ela representa muitos jovens que, com o apoio certo, conseguem transformar suas hist\u00f3rias de vida e superar obst\u00e1culos que antes pareciam intranspon\u00edveis.<\/p>\n\n\n\n<p>Outra hist\u00f3ria inspiradora \u00e9 a de Aline Assan Beleza, que encontrou na educa\u00e7\u00e3o inclusiva a for\u00e7a para se consolidar como uma lideran\u00e7a ind\u00edgena em sua comunidade. As a\u00e7\u00f5es do projeto foram fundamentais para fortalecer sua trajet\u00f3ria educacional, mostrando o impacto positivo que uma educa\u00e7\u00e3o inclusiva pode ter n\u00e3o s\u00f3 no indiv\u00edduo, mas em toda uma comunidade.<\/p>\n\n\n\n<p>Essas hist\u00f3rias ressaltam a import\u00e2ncia de uma abordagem educacional que valorize a diversidade e ofere\u00e7a oportunidades iguais a todos, independentemente de suas condi\u00e7\u00f5es. A educa\u00e7\u00e3o inclusiva, portanto, \u00e9 um caminho fundamental para construir uma sociedade mais justa e equitativa, onde todos t\u00eam a chance de atingir seu potencial m\u00e1ximo.<\/p>\n\n\n<style>.kb-image15683_367177-ae .kb-image-has-overlay:after{opacity:0.3;}<\/style>\n<figure class=\"wp-block-kadence-image kb-image15683_367177-ae size-large\"><a href=\"https:\/\/www.primecursos.com.br\/blog\/wp-content\/uploads\/2024\/06\/criancas-escola-inclusiva.jpg\" class=\"kb-advanced-image-link\"><img decoding=\"async\" width=\"1024\" height=\"576\" src=\"https:\/\/www.primecursos.com.br\/blog\/wp-content\/uploads\/2024\/06\/criancas-escola-inclusiva-1024x576.jpg\" alt=\"crian\u00e7as juntas em uma escola inclusiva\" class=\"kb-img wp-image-15056\" srcset=\"https:\/\/www.primecursos.com.br\/blog\/wp-content\/uploads\/2024\/06\/criancas-escola-inclusiva-1024x576.jpg 1024w, https:\/\/www.primecursos.com.br\/blog\/wp-content\/uploads\/2024\/06\/criancas-escola-inclusiva-300x169.jpg 300w, https:\/\/www.primecursos.com.br\/blog\/wp-content\/uploads\/2024\/06\/criancas-escola-inclusiva-768x432.jpg 768w, https:\/\/www.primecursos.com.br\/blog\/wp-content\/uploads\/2024\/06\/criancas-escola-inclusiva-150x84.jpg 150w, https:\/\/www.primecursos.com.br\/blog\/wp-content\/uploads\/2024\/06\/criancas-escola-inclusiva.jpg 1200w\" sizes=\"(max-width: 1024px) 100vw, 1024px\" \/><\/a><\/figure>\n\n\n\n<p>Os resultados foram not\u00e1veis. Os alunos com necessidades especiais n\u00e3o apenas apresentaram melhorias significativas em seu desempenho acad\u00eamico, mas tamb\u00e9m desenvolveram habilidades sociais e emocionais importantes. O ambiente inclusivo promoveu uma cultura de respeito e aceita\u00e7\u00e3o, beneficiando todos os alunos e preparando-os melhor para a vida em sociedade.<\/p>\n\n\n\n<h2 class=\"wp-block-heading\" id=\"h-desafios-da-educacao-inclusiva\">Desafios da educa\u00e7\u00e3o inclusiva<\/h2>\n\n\n\n<p>A educa\u00e7\u00e3o inclusiva, apesar de seus muitos benef\u00edcios, <a href=\"https:\/\/educapes.capes.gov.br\/bitstream\/capes\/575784\/1\/ARTIGO%2520GUILHERME%2520EDUCA%C3%87%C3%83O%2520INCLUSIVA%2520%25281%2529%2520%25282%2529.pdf\" target=\"_blank\" rel=\"noreferrer noopener nofollow\">enfrenta desafios importantes<\/a>. A falta de recursos financeiros e materiais \u00e9 um dos principais obst\u00e1culos, limitando o acesso a tecnologias assistivas e \u00e0 forma\u00e7\u00e3o adequada para professores. Al\u00e9m disso, h\u00e1 resist\u00eancia \u00e0 mudan\u00e7a por parte de alguns educadores e administradores, que podem preferir m\u00e9todos tradicionais de ensino. <\/p>\n\n\n\n<p>Superar esses desafios exige conscientiza\u00e7\u00e3o, forma\u00e7\u00e3o cont\u00ednua e uma mudan\u00e7a de mentalidade que valorize a diversidade e o potencial de todos os alunos. A colabora\u00e7\u00e3o e a inova\u00e7\u00e3o s\u00e3o essenciais para enfrentar essas barreiras.<\/p>\n\n\n\n<h2 class=\"wp-block-heading\" id=\"h-praticas-inovadoras-para-educacao-inclusiva\">Pr\u00e1ticas inovadoras para educa\u00e7\u00e3o inclusiva<\/h2>\n\n\n\n<p>Pr\u00e1ticas inovadoras podem transformar a forma como a educa\u00e7\u00e3o inclusiva \u00e9 implementada, trazendo novos m\u00e9todos e abordagens que atendem melhor \u00e0s necessidades de todos os alunos. A seguir, discutiremos algumas dessas pr\u00e1ticas.<\/p>\n\n\n\n<h3 class=\"wp-block-heading\" id=\"h-aprendizagem-baseada-em-projetos\">Aprendizagem baseada em projetos<\/h3>\n\n\n\n<p>A <a href=\"https:\/\/publicacoescesu.cps.sp.gov.br\/fma\/article\/download\/62\/61\" target=\"_blank\" rel=\"noreferrer noopener nofollow\">aprendizagem baseada em projetos (ABP)<\/a> \u00e9 uma abordagem pedag\u00f3gica que pode ser muito eficaz na educa\u00e7\u00e3o inclusiva. Nela, os alunos trabalham em projetos interdisciplinares que exigem colabora\u00e7\u00e3o, resolu\u00e7\u00e3o de problemas e aplica\u00e7\u00e3o pr\u00e1tica do conhecimento. Essa metodologia permite que alunos com diferentes habilidades contribuam de maneiras diversas e igualmente valorizadas.<\/p>\n\n\n\n<h3 class=\"wp-block-heading\" id=\"h-ensino-colaborativo\">Ensino colaborativo<\/h3>\n\n\n\n<p>O ensino colaborativo envolve a parceria entre professores de educa\u00e7\u00e3o regular e educa\u00e7\u00e3o especial. Essa colabora\u00e7\u00e3o permite que os alunos recebam instru\u00e7\u00e3o diferenciada e suporte individualizado, enquanto permanecem inclu\u00eddos na sala de aula regular. Professores podem co-ensinar, planejando e executando aulas juntos para atender \u00e0s necessidades de todos os alunos.<\/p>\n\n\n\n<h3 class=\"wp-block-heading\" id=\"h-grupos-de-apoio-entre-pares\">Grupos de apoio entre pares<\/h3>\n\n\n\n<p>Grupos de apoio entre pares podem ser uma forma eficaz de promover a inclus\u00e3o. Alunos s\u00e3o agrupados para trabalhar juntos em tarefas, com colegas ajudando uns aos outros. Essa pr\u00e1tica n\u00e3o apenas melhora o aprendizado acad\u00eamico, mas tamb\u00e9m fortalece as rela\u00e7\u00f5es sociais e a empatia entre os alunos.<\/p>\n\n\n\n<h2 class=\"wp-block-heading\" id=\"h-politicas-e-legislacao-de-suporte\">Pol\u00edticas e legisla\u00e7\u00e3o de suporte<\/h2>\n\n\n\n<p>A cria\u00e7\u00e3o e implementa\u00e7\u00e3o de pol\u00edticas e legisla\u00e7\u00e3o de suporte s\u00e3o cruciais para garantir que a educa\u00e7\u00e3o inclusiva seja aplicada de maneira eficaz. Essas pol\u00edticas fornecem a estrutura necess\u00e1ria para pr\u00e1ticas inclusivas e asseguram que os direitos dos alunos sejam protegidos.<\/p>\n\n\n\n<h3 class=\"wp-block-heading\" id=\"h-convencao-sobre-os-direitos-das-pessoas-com-deficiencia\">Conven\u00e7\u00e3o sobre os direitos das pessoas com defici\u00eancia<\/h3>\n\n\n\n<p>A <a href=\"https:\/\/www.gov.br\/governodigital\/pt-br\/legislacao\/ConvenoDireitosPessoasDeficinciaComentada.pdf\" target=\"_blank\" rel=\"noreferrer noopener nofollow\">Conven\u00e7\u00e3o sobre os Direitos das Pessoas com Defici\u00eancia<\/a>, adotada pela ONU, estabelece que a educa\u00e7\u00e3o inclusiva \u00e9 um direito humano fundamental. Ela exige que os estados membros garantam um sistema educacional inclusivo em todos os n\u00edveis.<\/p>\n\n\n\n<h3 class=\"wp-block-heading\" id=\"h-lei-brasileira-de-inclusao\">Lei brasileira de inclus\u00e3o<\/h3>\n\n\n\n<p>No Brasil, <a href=\"https:\/\/www.planalto.gov.br\/ccivil_03\/_ato2015-2018\/2015\/lei\/l13146.htm\" target=\"_blank\" rel=\"noreferrer noopener nofollow\">a Lei Brasileira de Inclus\u00e3o (Lei n\u00ba 13.146\/2015)<\/a> refor\u00e7a o direito \u00e0 educa\u00e7\u00e3o inclusiva, estabelecendo que as institui\u00e7\u00f5es de ensino devem adotar medidas para garantir a inclus\u00e3o de pessoas com defici\u00eancia. Isso inclui adapta\u00e7\u00f5es curriculares, acessibilidade e forma\u00e7\u00e3o de professores.<\/p>\n\n\n\n<h3 class=\"wp-block-heading\" id=\"h-politica-nacional-de-educacao-especial-na-perspectiva-da-educacao-inclusiva\">Pol\u00edtica nacional de educa\u00e7\u00e3o especial na perspectiva da educa\u00e7\u00e3o inclusiva<\/h3>\n\n\n\n<p>A Pol\u00edtica Nacional de Educa\u00e7\u00e3o Especial na Perspectiva da Educa\u00e7\u00e3o Inclusiva, desenvolvida pelo Minist\u00e9rio da Educa\u00e7\u00e3o, orienta as escolas sobre como implementar pr\u00e1ticas inclusivas. Ela destaca a import\u00e2ncia da forma\u00e7\u00e3o de professores, adapta\u00e7\u00f5es curriculares e uso de tecnologias assistivas.<\/p>\n\n\n<style>.kb-image15683_fa6aa0-57 .kb-image-has-overlay:after{opacity:0.3;}<\/style>\n<div class=\"wp-block-kadence-image kb-image15683_fa6aa0-57\"><figure class=\"aligncenter size-full\"><a href=\"https:\/\/www.primecursos.com.br\/blog\/wp-content\/uploads\/2020\/01\/curso-de-educa\u00e7\u00e3o-inclusiva.png\" class=\"kb-advanced-image-link\"><img decoding=\"async\" width=\"768\" height=\"406\" src=\"https:\/\/www.primecursos.com.br\/blog\/wp-content\/uploads\/2020\/01\/curso-de-educa\u00e7\u00e3o-inclusiva.png\" alt=\"Ilustra\u00e7\u00e3o de um grupo diversificado de crian\u00e7as e dois adultos, simbolizando inclus\u00e3o na escola. O grupo inclui uma crian\u00e7a com defici\u00eancia visual, outra em cadeira de rodas, e crian\u00e7as de diferentes etnias, mostrando um ambiente educacional acolhedor e inclusivo.\" class=\"kb-img wp-image-6796\" srcset=\"https:\/\/www.primecursos.com.br\/blog\/wp-content\/uploads\/2020\/01\/curso-de-educa\u00e7\u00e3o-inclusiva.png 768w, https:\/\/www.primecursos.com.br\/blog\/wp-content\/uploads\/2020\/01\/curso-de-educa\u00e7\u00e3o-inclusiva-300x159.png 300w, https:\/\/www.primecursos.com.br\/blog\/wp-content\/uploads\/2020\/01\/curso-de-educa\u00e7\u00e3o-inclusiva-696x368.png 696w\" sizes=\"(max-width: 768px) 100vw, 768px\" \/><\/a><\/figure><\/div>\n\n\n\n<p>Aplicar a educa\u00e7\u00e3o inclusiva de forma efetiva \u00e9 um desafio, mas os benef\u00edcios s\u00e3o ineg\u00e1veis. Promover a igualdade de oportunidades, desenvolver habilidades sociais e preparar os alunos para a vida em sociedade s\u00e3o apenas alguns dos muitos aspectos positivos da educa\u00e7\u00e3o inclusiva. <\/p>\n\n\n\n<p>Com a forma\u00e7\u00e3o adequada dos professores, a adapta\u00e7\u00e3o do curr\u00edculo, o uso de tecnologia assistiva e o envolvimento da comunidade, \u00e9 poss\u00edvel criar um ambiente escolar que acolha e valorize todos os alunos. Superar os desafios exige compromisso e colabora\u00e7\u00e3o, mas os resultados valem a pena: uma sociedade mais justa, equitativa e inclusiva.<\/p>\n\n\n\n<h2 class=\"wp-block-heading has-text-align-center\" id=\"h-quer-aprender-mais-sobre-educacao-inclusiva\">Quer aprender mais sobre Educa\u00e7\u00e3o Inclusiva?<\/h2>\n\n\n<style>.kb-image14704_29e0a7-68 .kb-image-has-overlay:after{opacity:0.3;}<\/style>\n<div class=\"wp-block-kadence-image kb-image14704_29e0a7-68\"><figure class=\"aligncenter size-full\"><a href=\"https:\/\/www.primecursos.com.br\/blog\/wp-content\/uploads\/2020\/01\/curso-de-educa\u00e7\u00e3o-inclusiva-e1579204886793.gif\" class=\"kb-advanced-image-link\"><img decoding=\"async\" width=\"768\" height=\"213\" src=\"https:\/\/www.primecursos.com.br\/blog\/wp-content\/uploads\/2020\/01\/curso-de-educa\u00e7\u00e3o-inclusiva-e1579204886793.gif\" alt=\"\" class=\"kb-img wp-image-6795\"\/><\/a><\/figure><\/div>\n\n\n\n<p>Na <strong>Prime Cursos<\/strong>, oferecemos cursos online especializados que podem ajud\u00e1-lo a aprofundar seus conhecimentos sobre <strong><a href=\"https:\/\/www.primecursos.com.br\/educacao-inclusiva\/\">Educa\u00e7\u00e3o Inclusiva<\/a><\/strong> e estrat\u00e9gias de ensino diferenciadas. Se voc\u00ea \u00e9 professor, gestor escolar ou simplesmente algu\u00e9m interessado em tornar a educa\u00e7\u00e3o mais acess\u00edvel e equitativa, nossos cursos s\u00e3o ideais para voc\u00ea. <strong>Inscreva-se hoje mesmo<\/strong> em nossos cursos e fa\u00e7a parte dessa transforma\u00e7\u00e3o educacional! Visite nosso site e descubra como podemos ajud\u00e1-lo a implementar pr\u00e1ticas inclusivas na sua escola ou comunidade.<\/p>\n\n\n\n<p><strong>Transforme a educa\u00e7\u00e3o, transforme vidas. A Prime Cursos est\u00e1 aqui para ajud\u00e1-lo a fazer a diferen\u00e7a.<\/strong><\/p>\n\n\n<style>.wp-block-kadence-advancedbtn.kb-btns14704_29d834-25{gap:var(--global-kb-gap-xs, 0.5rem );justify-content:center;align-items:center;}.kt-btns14704_29d834-25 .kt-button{font-weight:normal;font-style:normal;}.kt-btns14704_29d834-25 .kt-btn-wrap-0{margin-right:5px;}.wp-block-kadence-advancedbtn.kt-btns14704_29d834-25 .kt-btn-wrap-0 .kt-button{color:#555555;border-color:#555555;}.wp-block-kadence-advancedbtn.kt-btns14704_29d834-25 .kt-btn-wrap-0 .kt-button:hover, .wp-block-kadence-advancedbtn.kt-btns14704_29d834-25 .kt-btn-wrap-0 .kt-button:focus{color:#ffffff;border-color:#444444;}.wp-block-kadence-advancedbtn.kt-btns14704_29d834-25 .kt-btn-wrap-0 .kt-button::before{display:none;}.wp-block-kadence-advancedbtn.kt-btns14704_29d834-25 .kt-btn-wrap-0 .kt-button:hover, .wp-block-kadence-advancedbtn.kt-btns14704_29d834-25 .kt-btn-wrap-0 .kt-button:focus{background:#444444;}<\/style>\n<div class=\"wp-block-kadence-advancedbtn kb-buttons-wrap kb-btns14704_29d834-25\"><style>ul.menu .wp-block-kadence-advancedbtn .kb-btn14704_762c3c-00.kb-button{width:initial;}<\/style><a class=\"kb-button kt-button button kb-btn14704_762c3c-00 kt-btn-size-standard kt-btn-width-type-full kb-btn-global-inherit  kt-btn-has-text-true kt-btn-has-svg-false  wp-block-button__link wp-block-kadence-singlebtn\" href=\"https:\/\/www.primecursos.com.br\/educacao-inclusiva\/\"><span class=\"kt-btn-inner-text\">Curso de Educa\u00e7\u00e3o Inclusiva Gr\u00e1tis<\/span><\/a><\/div>\n","protected":false},"excerpt":{"rendered":"<p>A inclus\u00e3o escolar \u00e9 um tema cada vez mais discutido e reconhecido como essencial para a constru\u00e7\u00e3o de&#8230;<\/p>\n","protected":false},"author":24,"featured_media":15725,"comment_status":"closed","ping_status":"closed","sticky":false,"template":"","format":"standard","meta":{"_kad_blocks_custom_css":"","_kad_blocks_head_custom_js":"","_kad_blocks_body_custom_js":"","_kad_blocks_footer_custom_js":"","_kadence_starter_templates_imported_post":false,"_kad_post_transparent":"","_kad_post_title":"","_kad_post_layout":"","_kad_post_sidebar_id":"","_kad_post_content_style":"","_kad_post_vertical_padding":"","_kad_post_feature":"","_kad_post_feature_position":"","_kad_post_header":false,"_kad_post_footer":false,"_kad_post_classname":"","footnotes":""},"categories":[1],"tags":[],"class_list":["post-15683","post","type-post","status-publish","format-standard","has-post-thumbnail","hentry","category-artigos"],"yoast_head":"<!-- This site is optimized with the Yoast SEO plugin v27.5 - https:\/\/yoast.com\/product\/yoast-seo-wordpress\/ -->\n<title>O que podemos fazer para melhorar a inclus\u00e3o na escola? | Prime Cursos<\/title>\n<meta name=\"description\" content=\"Estrat\u00e9gias para melhorar a inclus\u00e3o nas escolas, garantindo que todos os alunos se sintam valorizados e apoiados em seu desenvolvimento.\" \/>\n<meta name=\"robots\" content=\"index, follow, max-snippet:-1, max-image-preview:large, max-video-preview:-1\" \/>\n<link rel=\"canonical\" href=\"https:\/\/www.primecursos.com.br\/blog\/o-que-podemos-fazer-para-melhorar-a-inclusao-na-escola\/\" \/>\n<meta property=\"og:locale\" content=\"pt_BR\" \/>\n<meta property=\"og:type\" content=\"article\" \/>\n<meta property=\"og:title\" content=\"O que podemos fazer para melhorar a inclus\u00e3o na escola? | Prime Cursos\" \/>\n<meta property=\"og:description\" content=\"Estrat\u00e9gias para melhorar a inclus\u00e3o nas escolas, garantindo que todos os alunos se sintam valorizados e apoiados em seu desenvolvimento.\" \/>\n<meta property=\"og:url\" content=\"https:\/\/www.primecursos.com.br\/blog\/o-que-podemos-fazer-para-melhorar-a-inclusao-na-escola\/\" \/>\n<meta property=\"og:site_name\" content=\"Prime Cursos\" \/>\n<meta property=\"article:publisher\" content=\"https:\/\/www.facebook.com\/primecursos\/\" \/>\n<meta property=\"article:published_time\" content=\"2024-10-10T08:43:00+00:00\" \/>\n<meta property=\"og:image\" content=\"https:\/\/www.primecursos.com.br\/blog\/wp-content\/uploads\/2024\/07\/Design-sem-nome-4.jpg\" \/>\n\t<meta property=\"og:image:width\" content=\"1200\" \/>\n\t<meta property=\"og:image:height\" content=\"800\" \/>\n\t<meta property=\"og:image:type\" content=\"image\/jpeg\" \/>\n<meta name=\"author\" content=\"Mikaela Prado\" \/>\n<meta name=\"twitter:label1\" content=\"Escrito por\" \/>\n\t<meta name=\"twitter:data1\" content=\"Mikaela Prado\" \/>\n\t<meta name=\"twitter:label2\" content=\"Est. tempo de leitura\" \/>\n\t<meta name=\"twitter:data2\" content=\"24 minutos\" \/>\n<script type=\"application\/ld+json\" class=\"yoast-schema-graph\">{\"@context\":\"https:\\\/\\\/schema.org\",\"@graph\":[{\"@type\":\"Article\",\"@id\":\"https:\\\/\\\/www.primecursos.com.br\\\/blog\\\/o-que-podemos-fazer-para-melhorar-a-inclusao-na-escola\\\/#article\",\"isPartOf\":{\"@id\":\"https:\\\/\\\/www.primecursos.com.br\\\/blog\\\/o-que-podemos-fazer-para-melhorar-a-inclusao-na-escola\\\/\"},\"author\":{\"name\":\"Mikaela Prado\",\"@id\":\"https:\\\/\\\/www.primecursos.com.br\\\/blog\\\/#\\\/schema\\\/person\\\/03c604e6dcddeff65800c5386e1a039f\"},\"headline\":\"O que podemos fazer para melhorar a inclus\u00e3o na escola?\",\"datePublished\":\"2024-10-10T08:43:00+00:00\",\"mainEntityOfPage\":{\"@id\":\"https:\\\/\\\/www.primecursos.com.br\\\/blog\\\/o-que-podemos-fazer-para-melhorar-a-inclusao-na-escola\\\/\"},\"wordCount\":2177,\"publisher\":{\"@id\":\"https:\\\/\\\/www.primecursos.com.br\\\/blog\\\/#organization\"},\"image\":{\"@id\":\"https:\\\/\\\/www.primecursos.com.br\\\/blog\\\/o-que-podemos-fazer-para-melhorar-a-inclusao-na-escola\\\/#primaryimage\"},\"thumbnailUrl\":\"https:\\\/\\\/www.primecursos.com.br\\\/blog\\\/wp-content\\\/uploads\\\/2024\\\/07\\\/Design-sem-nome-4.jpg\",\"articleSection\":[\"Artigos\"],\"inLanguage\":\"pt-BR\"},{\"@type\":\"WebPage\",\"@id\":\"https:\\\/\\\/www.primecursos.com.br\\\/blog\\\/o-que-podemos-fazer-para-melhorar-a-inclusao-na-escola\\\/\",\"url\":\"https:\\\/\\\/www.primecursos.com.br\\\/blog\\\/o-que-podemos-fazer-para-melhorar-a-inclusao-na-escola\\\/\",\"name\":\"O que podemos fazer para melhorar a inclus\u00e3o na escola? | Prime Cursos\",\"isPartOf\":{\"@id\":\"https:\\\/\\\/www.primecursos.com.br\\\/blog\\\/#website\"},\"primaryImageOfPage\":{\"@id\":\"https:\\\/\\\/www.primecursos.com.br\\\/blog\\\/o-que-podemos-fazer-para-melhorar-a-inclusao-na-escola\\\/#primaryimage\"},\"image\":{\"@id\":\"https:\\\/\\\/www.primecursos.com.br\\\/blog\\\/o-que-podemos-fazer-para-melhorar-a-inclusao-na-escola\\\/#primaryimage\"},\"thumbnailUrl\":\"https:\\\/\\\/www.primecursos.com.br\\\/blog\\\/wp-content\\\/uploads\\\/2024\\\/07\\\/Design-sem-nome-4.jpg\",\"datePublished\":\"2024-10-10T08:43:00+00:00\",\"description\":\"Estrat\u00e9gias para melhorar a inclus\u00e3o nas escolas, garantindo que todos os alunos se sintam valorizados e apoiados em seu desenvolvimento.\",\"breadcrumb\":{\"@id\":\"https:\\\/\\\/www.primecursos.com.br\\\/blog\\\/o-que-podemos-fazer-para-melhorar-a-inclusao-na-escola\\\/#breadcrumb\"},\"inLanguage\":\"pt-BR\",\"potentialAction\":[{\"@type\":\"ReadAction\",\"target\":[\"https:\\\/\\\/www.primecursos.com.br\\\/blog\\\/o-que-podemos-fazer-para-melhorar-a-inclusao-na-escola\\\/\"]}]},{\"@type\":\"ImageObject\",\"inLanguage\":\"pt-BR\",\"@id\":\"https:\\\/\\\/www.primecursos.com.br\\\/blog\\\/o-que-podemos-fazer-para-melhorar-a-inclusao-na-escola\\\/#primaryimage\",\"url\":\"https:\\\/\\\/www.primecursos.com.br\\\/blog\\\/wp-content\\\/uploads\\\/2024\\\/07\\\/Design-sem-nome-4.jpg\",\"contentUrl\":\"https:\\\/\\\/www.primecursos.com.br\\\/blog\\\/wp-content\\\/uploads\\\/2024\\\/07\\\/Design-sem-nome-4.jpg\",\"width\":1200,\"height\":800,\"caption\":\"Crian\u00e7as desenham juntas em uma mesa, exemplificando um ambiente de educa\u00e7\u00e3o inclusiva e colaborativa.\"},{\"@type\":\"BreadcrumbList\",\"@id\":\"https:\\\/\\\/www.primecursos.com.br\\\/blog\\\/o-que-podemos-fazer-para-melhorar-a-inclusao-na-escola\\\/#breadcrumb\",\"itemListElement\":[{\"@type\":\"ListItem\",\"position\":1,\"name\":\"In\u00edcio\",\"item\":\"https:\\\/\\\/www.primecursos.com.br\\\/blog\\\/\"},{\"@type\":\"ListItem\",\"position\":2,\"name\":\"Artigos\",\"item\":\"https:\\\/\\\/www.primecursos.com.br\\\/blog\\\/artigos\\\/\"},{\"@type\":\"ListItem\",\"position\":3,\"name\":\"O que podemos fazer para melhorar a inclus\u00e3o na escola?\"}]},{\"@type\":\"WebSite\",\"@id\":\"https:\\\/\\\/www.primecursos.com.br\\\/blog\\\/#website\",\"url\":\"https:\\\/\\\/www.primecursos.com.br\\\/blog\\\/\",\"name\":\"Prime Cursos\",\"description\":\"Cursos gr\u00e1tis com certificado v\u00e1lido\",\"publisher\":{\"@id\":\"https:\\\/\\\/www.primecursos.com.br\\\/blog\\\/#organization\"},\"potentialAction\":[{\"@type\":\"SearchAction\",\"target\":{\"@type\":\"EntryPoint\",\"urlTemplate\":\"https:\\\/\\\/www.primecursos.com.br\\\/blog\\\/?s={search_term_string}\"},\"query-input\":{\"@type\":\"PropertyValueSpecification\",\"valueRequired\":true,\"valueName\":\"search_term_string\"}}],\"inLanguage\":\"pt-BR\"},{\"@type\":\"Organization\",\"@id\":\"https:\\\/\\\/www.primecursos.com.br\\\/blog\\\/#organization\",\"name\":\"Prime Cursos Online\",\"url\":\"https:\\\/\\\/www.primecursos.com.br\\\/blog\\\/\",\"logo\":{\"@type\":\"ImageObject\",\"inLanguage\":\"pt-BR\",\"@id\":\"https:\\\/\\\/www.primecursos.com.br\\\/blog\\\/#\\\/schema\\\/logo\\\/image\\\/\",\"url\":\"https:\\\/\\\/www.primecursos.com.br\\\/blog\\\/wp-content\\\/uploads\\\/2018\\\/03\\\/prime-cursos-gratis-online-logo-070318b-1.png\",\"contentUrl\":\"https:\\\/\\\/www.primecursos.com.br\\\/blog\\\/wp-content\\\/uploads\\\/2018\\\/03\\\/prime-cursos-gratis-online-logo-070318b-1.png\",\"width\":330,\"height\":80,\"caption\":\"Prime Cursos Online\"},\"image\":{\"@id\":\"https:\\\/\\\/www.primecursos.com.br\\\/blog\\\/#\\\/schema\\\/logo\\\/image\\\/\"},\"sameAs\":[\"https:\\\/\\\/www.facebook.com\\\/primecursos\\\/\",\"https:\\\/\\\/x.com\\\/primecursosbr\"]},{\"@type\":\"Person\",\"@id\":\"https:\\\/\\\/www.primecursos.com.br\\\/blog\\\/#\\\/schema\\\/person\\\/03c604e6dcddeff65800c5386e1a039f\",\"name\":\"Mikaela Prado\",\"image\":{\"@type\":\"ImageObject\",\"inLanguage\":\"pt-BR\",\"@id\":\"https:\\\/\\\/secure.gravatar.com\\\/avatar\\\/9fbfe50fc098fcdda8a3fa5c9d5b5b871fbf4a0938e91460402e51368da6e192?s=96&d=mm&r=g\",\"url\":\"https:\\\/\\\/secure.gravatar.com\\\/avatar\\\/9fbfe50fc098fcdda8a3fa5c9d5b5b871fbf4a0938e91460402e51368da6e192?s=96&d=mm&r=g\",\"contentUrl\":\"https:\\\/\\\/secure.gravatar.com\\\/avatar\\\/9fbfe50fc098fcdda8a3fa5c9d5b5b871fbf4a0938e91460402e51368da6e192?s=96&d=mm&r=g\",\"caption\":\"Mikaela Prado\"},\"url\":\"https:\\\/\\\/www.primecursos.com.br\\\/blog\\\/author\\\/mikaela-pereira\\\/\"}]}<\/script>\n<!-- \/ Yoast SEO plugin. -->","yoast_head_json":{"title":"O que podemos fazer para melhorar a inclus\u00e3o na escola? | Prime Cursos","description":"Estrat\u00e9gias para melhorar a inclus\u00e3o nas escolas, garantindo que todos os alunos se sintam valorizados e apoiados em seu desenvolvimento.","robots":{"index":"index","follow":"follow","max-snippet":"max-snippet:-1","max-image-preview":"max-image-preview:large","max-video-preview":"max-video-preview:-1"},"canonical":"https:\/\/www.primecursos.com.br\/blog\/o-que-podemos-fazer-para-melhorar-a-inclusao-na-escola\/","og_locale":"pt_BR","og_type":"article","og_title":"O que podemos fazer para melhorar a inclus\u00e3o na escola? | Prime Cursos","og_description":"Estrat\u00e9gias para melhorar a inclus\u00e3o nas escolas, garantindo que todos os alunos se sintam valorizados e apoiados em seu desenvolvimento.","og_url":"https:\/\/www.primecursos.com.br\/blog\/o-que-podemos-fazer-para-melhorar-a-inclusao-na-escola\/","og_site_name":"Prime Cursos","article_publisher":"https:\/\/www.facebook.com\/primecursos\/","article_published_time":"2024-10-10T08:43:00+00:00","og_image":[{"width":1200,"height":800,"url":"https:\/\/www.primecursos.com.br\/blog\/wp-content\/uploads\/2024\/07\/Design-sem-nome-4.jpg","type":"image\/jpeg"}],"author":"Mikaela Prado","twitter_misc":{"Escrito por":"Mikaela Prado","Est. tempo de leitura":"24 minutos"},"schema":{"@context":"https:\/\/schema.org","@graph":[{"@type":"Article","@id":"https:\/\/www.primecursos.com.br\/blog\/o-que-podemos-fazer-para-melhorar-a-inclusao-na-escola\/#article","isPartOf":{"@id":"https:\/\/www.primecursos.com.br\/blog\/o-que-podemos-fazer-para-melhorar-a-inclusao-na-escola\/"},"author":{"name":"Mikaela Prado","@id":"https:\/\/www.primecursos.com.br\/blog\/#\/schema\/person\/03c604e6dcddeff65800c5386e1a039f"},"headline":"O que podemos fazer para melhorar a inclus\u00e3o na escola?","datePublished":"2024-10-10T08:43:00+00:00","mainEntityOfPage":{"@id":"https:\/\/www.primecursos.com.br\/blog\/o-que-podemos-fazer-para-melhorar-a-inclusao-na-escola\/"},"wordCount":2177,"publisher":{"@id":"https:\/\/www.primecursos.com.br\/blog\/#organization"},"image":{"@id":"https:\/\/www.primecursos.com.br\/blog\/o-que-podemos-fazer-para-melhorar-a-inclusao-na-escola\/#primaryimage"},"thumbnailUrl":"https:\/\/www.primecursos.com.br\/blog\/wp-content\/uploads\/2024\/07\/Design-sem-nome-4.jpg","articleSection":["Artigos"],"inLanguage":"pt-BR"},{"@type":"WebPage","@id":"https:\/\/www.primecursos.com.br\/blog\/o-que-podemos-fazer-para-melhorar-a-inclusao-na-escola\/","url":"https:\/\/www.primecursos.com.br\/blog\/o-que-podemos-fazer-para-melhorar-a-inclusao-na-escola\/","name":"O que podemos fazer para melhorar a inclus\u00e3o na escola? | Prime Cursos","isPartOf":{"@id":"https:\/\/www.primecursos.com.br\/blog\/#website"},"primaryImageOfPage":{"@id":"https:\/\/www.primecursos.com.br\/blog\/o-que-podemos-fazer-para-melhorar-a-inclusao-na-escola\/#primaryimage"},"image":{"@id":"https:\/\/www.primecursos.com.br\/blog\/o-que-podemos-fazer-para-melhorar-a-inclusao-na-escola\/#primaryimage"},"thumbnailUrl":"https:\/\/www.primecursos.com.br\/blog\/wp-content\/uploads\/2024\/07\/Design-sem-nome-4.jpg","datePublished":"2024-10-10T08:43:00+00:00","description":"Estrat\u00e9gias para melhorar a inclus\u00e3o nas escolas, garantindo que todos os alunos se sintam valorizados e apoiados em seu desenvolvimento.","breadcrumb":{"@id":"https:\/\/www.primecursos.com.br\/blog\/o-que-podemos-fazer-para-melhorar-a-inclusao-na-escola\/#breadcrumb"},"inLanguage":"pt-BR","potentialAction":[{"@type":"ReadAction","target":["https:\/\/www.primecursos.com.br\/blog\/o-que-podemos-fazer-para-melhorar-a-inclusao-na-escola\/"]}]},{"@type":"ImageObject","inLanguage":"pt-BR","@id":"https:\/\/www.primecursos.com.br\/blog\/o-que-podemos-fazer-para-melhorar-a-inclusao-na-escola\/#primaryimage","url":"https:\/\/www.primecursos.com.br\/blog\/wp-content\/uploads\/2024\/07\/Design-sem-nome-4.jpg","contentUrl":"https:\/\/www.primecursos.com.br\/blog\/wp-content\/uploads\/2024\/07\/Design-sem-nome-4.jpg","width":1200,"height":800,"caption":"Crian\u00e7as desenham juntas em uma mesa, exemplificando um ambiente de educa\u00e7\u00e3o inclusiva e colaborativa."},{"@type":"BreadcrumbList","@id":"https:\/\/www.primecursos.com.br\/blog\/o-que-podemos-fazer-para-melhorar-a-inclusao-na-escola\/#breadcrumb","itemListElement":[{"@type":"ListItem","position":1,"name":"In\u00edcio","item":"https:\/\/www.primecursos.com.br\/blog\/"},{"@type":"ListItem","position":2,"name":"Artigos","item":"https:\/\/www.primecursos.com.br\/blog\/artigos\/"},{"@type":"ListItem","position":3,"name":"O que podemos fazer para melhorar a inclus\u00e3o na escola?"}]},{"@type":"WebSite","@id":"https:\/\/www.primecursos.com.br\/blog\/#website","url":"https:\/\/www.primecursos.com.br\/blog\/","name":"Prime Cursos","description":"Cursos gr\u00e1tis com certificado v\u00e1lido","publisher":{"@id":"https:\/\/www.primecursos.com.br\/blog\/#organization"},"potentialAction":[{"@type":"SearchAction","target":{"@type":"EntryPoint","urlTemplate":"https:\/\/www.primecursos.com.br\/blog\/?s={search_term_string}"},"query-input":{"@type":"PropertyValueSpecification","valueRequired":true,"valueName":"search_term_string"}}],"inLanguage":"pt-BR"},{"@type":"Organization","@id":"https:\/\/www.primecursos.com.br\/blog\/#organization","name":"Prime Cursos Online","url":"https:\/\/www.primecursos.com.br\/blog\/","logo":{"@type":"ImageObject","inLanguage":"pt-BR","@id":"https:\/\/www.primecursos.com.br\/blog\/#\/schema\/logo\/image\/","url":"https:\/\/www.primecursos.com.br\/blog\/wp-content\/uploads\/2018\/03\/prime-cursos-gratis-online-logo-070318b-1.png","contentUrl":"https:\/\/www.primecursos.com.br\/blog\/wp-content\/uploads\/2018\/03\/prime-cursos-gratis-online-logo-070318b-1.png","width":330,"height":80,"caption":"Prime Cursos Online"},"image":{"@id":"https:\/\/www.primecursos.com.br\/blog\/#\/schema\/logo\/image\/"},"sameAs":["https:\/\/www.facebook.com\/primecursos\/","https:\/\/x.com\/primecursosbr"]},{"@type":"Person","@id":"https:\/\/www.primecursos.com.br\/blog\/#\/schema\/person\/03c604e6dcddeff65800c5386e1a039f","name":"Mikaela Prado","image":{"@type":"ImageObject","inLanguage":"pt-BR","@id":"https:\/\/secure.gravatar.com\/avatar\/9fbfe50fc098fcdda8a3fa5c9d5b5b871fbf4a0938e91460402e51368da6e192?s=96&d=mm&r=g","url":"https:\/\/secure.gravatar.com\/avatar\/9fbfe50fc098fcdda8a3fa5c9d5b5b871fbf4a0938e91460402e51368da6e192?s=96&d=mm&r=g","contentUrl":"https:\/\/secure.gravatar.com\/avatar\/9fbfe50fc098fcdda8a3fa5c9d5b5b871fbf4a0938e91460402e51368da6e192?s=96&d=mm&r=g","caption":"Mikaela Prado"},"url":"https:\/\/www.primecursos.com.br\/blog\/author\/mikaela-pereira\/"}]}},"taxonomy_info":{"category":[{"value":1,"label":"Artigos"}]},"featured_image_src_large":["https:\/\/www.primecursos.com.br\/blog\/wp-content\/uploads\/2024\/07\/Design-sem-nome-4-1024x683.jpg",1024,683,true],"author_info":{"display_name":"Mikaela Prado","author_link":"https:\/\/www.primecursos.com.br\/blog\/author\/mikaela-pereira\/"},"comment_info":0,"category_info":[{"term_id":1,"name":"Artigos","slug":"artigos","term_group":0,"term_taxonomy_id":1,"taxonomy":"category","description":"","parent":0,"count":983,"filter":"raw","cat_ID":1,"category_count":983,"category_description":"","cat_name":"Artigos","category_nicename":"artigos","category_parent":0}],"tag_info":false,"_links":{"self":[{"href":"https:\/\/www.primecursos.com.br\/blog\/wp-json\/wp\/v2\/posts\/15683","targetHints":{"allow":["GET"]}}],"collection":[{"href":"https:\/\/www.primecursos.com.br\/blog\/wp-json\/wp\/v2\/posts"}],"about":[{"href":"https:\/\/www.primecursos.com.br\/blog\/wp-json\/wp\/v2\/types\/post"}],"author":[{"embeddable":true,"href":"https:\/\/www.primecursos.com.br\/blog\/wp-json\/wp\/v2\/users\/24"}],"replies":[{"embeddable":true,"href":"https:\/\/www.primecursos.com.br\/blog\/wp-json\/wp\/v2\/comments?post=15683"}],"version-history":[{"count":0,"href":"https:\/\/www.primecursos.com.br\/blog\/wp-json\/wp\/v2\/posts\/15683\/revisions"}],"wp:featuredmedia":[{"embeddable":true,"href":"https:\/\/www.primecursos.com.br\/blog\/wp-json\/wp\/v2\/media\/15725"}],"wp:attachment":[{"href":"https:\/\/www.primecursos.com.br\/blog\/wp-json\/wp\/v2\/media?parent=15683"}],"wp:term":[{"taxonomy":"category","embeddable":true,"href":"https:\/\/www.primecursos.com.br\/blog\/wp-json\/wp\/v2\/categories?post=15683"},{"taxonomy":"post_tag","embeddable":true,"href":"https:\/\/www.primecursos.com.br\/blog\/wp-json\/wp\/v2\/tags?post=15683"}],"curies":[{"name":"wp","href":"https:\/\/api.w.org\/{rel}","templated":true}]}}