{"id":1988,"date":"2015-06-19T08:00:41","date_gmt":"2015-06-19T08:00:41","guid":{"rendered":"https:\/\/www.primecursos.com.br\/blog\/?p=1988"},"modified":"2019-08-02T01:58:05","modified_gmt":"2019-08-02T01:58:05","slug":"valorizar-curriculo-sem-experiencia-profissional","status":"publish","type":"post","link":"https:\/\/www.primecursos.com.br\/blog\/valorizar-curriculo-sem-experiencia-profissional\/","title":{"rendered":"Como valorizar um curr\u00edculo sem experi\u00eancia profissional"},"content":{"rendered":"<figure id=\"attachment_1991\" aria-describedby=\"caption-attachment-1991\" style=\"width: 620px\" class=\"wp-caption alignnone\"><img decoding=\"async\" class=\"wp-image-1991 size-prime-thumb-620\" title=\"Destacar suas qualidades\" src=\"https:\/\/www.primecursos.com.br\/blog\/wp-content\/uploads\/2015\/06\/curr\u00edculo-qualifica\u00e7\u00f5es-620x300.jpg\" alt=\"curr\u00edculo qualifica\u00e7\u00f5es\" width=\"620\" height=\"300\" \/><figcaption id=\"caption-attachment-1991\" class=\"wp-caption-text\">Valorizar o curr\u00edculo sem experi\u00eancia profissional <br \/>Cr\u00e9ditos da Imagem: Dan Zen\u00a0\u00a0 Via: Compfight<\/figcaption><\/figure>\n<p style=\"text-align: justify;\">Quem est\u00e1 em busca do primeiro emprego quase sempre se depara com uma d\u00favida b\u00e1sica: o que colocar no curr\u00edculo se n\u00e3o tenho experi\u00eancia profissional para apresentar? \u00c9 fato que o tempo de pr\u00e1tica da profiss\u00e3o, as fun\u00e7\u00f5es j\u00e1 exercidas e os projetos realizados contam muito num recrutamento.<\/p>\n<ul>\n<li><a href=\"https:\/\/www.primecursos.com.br\/blog\/modelos-de-curriculo-gratis-para-download\/\">Aproveite e Baixe Gr\u00e1tis seu modelo de curr\u00edculo<\/a><\/li>\n<\/ul>\n<p style=\"text-align: justify;\">Mas a falta de experi\u00eancia n\u00e3o deve ser encarada como o maior empecilho na disputa por uma vaga. Se o candidato inexperiente souber como elaborar o curr\u00edculo, ter\u00e1 boas chances de ser contratado.<\/p>\n<p style=\"text-align: justify;\">Algumas dicas simples ajudam a valorizar o curr\u00edculo de quem procura sua primeira oportunidade no <a href=\"https:\/\/www.primecursos.com.br\/blog\/mercado-de-trabalho\/\" target=\"_blank\" rel=\"noopener noreferrer\"><strong>mercado de trabalho<\/strong><\/a>. Confira:<\/p>\n<h2 style=\"text-align: justify;\">Destaque a forma\u00e7\u00e3o escolar<\/h2>\n<p style=\"text-align: justify;\">Indique o \u00faltimo grau de escolaridade, descrevendo o nome da institui\u00e7\u00e3o, o curso e o ano de conclus\u00e3o. Se o curso tiver \u00eanfase em alguma \u00e1rea, n\u00e3o deixe de mencionar. N\u00e3o \u00e9 necess\u00e1rio listar as notas obtidas, salvo se a vaga for acad\u00eamica ou exigir tal informa\u00e7\u00e3o.<\/p>\n<h2 style=\"text-align: justify;\">Evidencie o dom\u00ednio de idiomas e tecnologias<\/h2>\n<p style=\"text-align: justify;\">Essas duas caracter\u00edsticas s\u00e3o muito visadas pelas empresas atualmente. Se voc\u00ea fala outra l\u00edngua, inclua isso no curr\u00edculo, mas haja com sinceridade ao indicar o n\u00edvel de conhecimento do idioma. Habilidade com softwares e plataformas tamb\u00e9m contam pontos numa sele\u00e7\u00e3o.<\/p>\n<h2 style=\"text-align: justify;\">Enfatize trabalhos volunt\u00e1rios e viagens oportunas<\/h2>\n<p style=\"text-align: justify;\">Desde que tenham rela\u00e7\u00e3o com a vaga pleiteada, as pequenas experi\u00eancias tamb\u00e9m s\u00e3o valorizadas pelos recrutadores. Por isso, vale citar no curr\u00edculo atividades exercidas na empresa da fam\u00edlia, participa\u00e7\u00e3o na organiza\u00e7\u00e3o de eventos, atua\u00e7\u00e3o em projetos sociais, realiza\u00e7\u00e3o de inicia\u00e7\u00e3o cient\u00edfica, trabalhos em empresa j\u00fanior durante a faculdade, interc\u00e2mbios e outras viv\u00eancias.<\/p>\n<h2 style=\"text-align: justify;\">Realce os cursos extracurriculares<\/h2>\n<p style=\"text-align: justify;\">Dos programas de qualifica\u00e7\u00e3o que voc\u00ea j\u00e1 fez, cite aqueles que t\u00eam liga\u00e7\u00e3o com a vaga. Bons cursos complementares presenciais ou a dist\u00e2ncia contribuem para minimizar a falta de experi\u00eancia profissional.<\/p>\n<p style=\"text-align: justify;\">Para ajudar quem est\u00e1 ingressando no mercado a turbinar o curr\u00edculo, a <strong>Prime Cursos<\/strong> oferece uma s\u00e9rie de <a href=\"https:\/\/www.primecursos.com.br\/cursos\/\" target=\"_blank\" rel=\"noopener noreferrer\"><strong>cursos online<\/strong> <\/a>gratuitos com op\u00e7\u00e3o de certificado. Pr\u00e1ticos e bem completos, os programas contam com materiais atualizados e podem ser acompanhados a qualquer momento pela internet, de acordo com a disponibilidade de tempo do estudante.<\/p>\n<h2>Como conseguir o primeiro emprego sem experi\u00eancia<\/h2>\n<p><iframe src=\"\/\/www.youtube.com\/embed\/dOVmwp-lrVc\" width=\"600\" height=\"360\" frameborder=\"0\" allowfullscreen=\"allowfullscreen\"><\/iframe><\/p>\n<p style=\"text-align: center;\">Cr\u00e9ditos Canal Youtube &#8211; Empresa &amp; Renda<\/p>\n","protected":false},"excerpt":{"rendered":"<p>Quem busca o primeiro emprego deve valorizar sua forma\u00e7\u00e3o escolar e experiencias importantes para o mercado de trabalho. <\/p>\n","protected":false},"author":10,"featured_media":1991,"comment_status":"open","ping_status":"open","sticky":false,"template":"","format":"standard","meta":{"_kad_blocks_custom_css":"","_kad_blocks_head_custom_js":"","_kad_blocks_body_custom_js":"","_kad_blocks_footer_custom_js":"","_kadence_starter_templates_imported_post":false,"_kad_post_transparent":"","_kad_post_title":"","_kad_post_layout":"","_kad_post_sidebar_id":"","_kad_post_content_style":"","_kad_post_vertical_padding":"","_kad_post_feature":"","_kad_post_feature_position":"","_kad_post_header":false,"_kad_post_footer":false,"_kad_post_classname":"","footnotes":""},"categories":[],"tags":[15],"class_list":["post-1988","post","type-post","status-publish","format-standard","has-post-thumbnail","hentry","tag-empregos"],"yoast_head":"<!-- This site is optimized with the Yoast SEO plugin v27.5 - https:\/\/yoast.com\/product\/yoast-seo-wordpress\/ -->\n<title>Como valorizar um curr\u00edculo sem experi\u00eancia profissional | Prime Cursos<\/title>\n<meta name=\"description\" content=\"Aprenda como apresentar suas qualidades escolares, trabalhos volunt\u00e1rios e cursos extracurriculares.\" \/>\n<meta name=\"robots\" content=\"index, follow, max-snippet:-1, max-image-preview:large, max-video-preview:-1\" \/>\n<link rel=\"canonical\" href=\"https:\/\/www.primecursos.com.br\/blog\/valorizar-curriculo-sem-experiencia-profissional\/\" \/>\n<meta property=\"og:locale\" content=\"pt_BR\" \/>\n<meta property=\"og:type\" content=\"article\" \/>\n<meta property=\"og:title\" content=\"Como valorizar um curr\u00edculo sem experi\u00eancia profissional | Prime Cursos\" \/>\n<meta property=\"og:description\" content=\"Aprenda como apresentar suas qualidades escolares, trabalhos volunt\u00e1rios e cursos extracurriculares.\" \/>\n<meta property=\"og:url\" content=\"https:\/\/www.primecursos.com.br\/blog\/valorizar-curriculo-sem-experiencia-profissional\/\" \/>\n<meta property=\"og:site_name\" content=\"Prime Cursos\" \/>\n<meta property=\"article:publisher\" content=\"https:\/\/www.facebook.com\/primecursos\/\" \/>\n<meta property=\"article:published_time\" content=\"2015-06-19T08:00:41+00:00\" \/>\n<meta property=\"article:modified_time\" content=\"2019-08-02T01:58:05+00:00\" \/>\n<meta property=\"og:image\" content=\"https:\/\/www.primecursos.com.br\/blog\/wp-content\/uploads\/2015\/06\/curr\u00edculo-qualifica\u00e7\u00f5es.jpg\" \/>\n\t<meta property=\"og:image:width\" content=\"1024\" \/>\n\t<meta property=\"og:image:height\" content=\"679\" \/>\n\t<meta property=\"og:image:type\" content=\"image\/jpeg\" \/>\n<meta name=\"author\" content=\"Bruno West\" \/>\n<meta name=\"twitter:label1\" content=\"Escrito por\" \/>\n\t<meta name=\"twitter:data1\" content=\"Bruno West\" \/>\n\t<meta name=\"twitter:label2\" content=\"Est. tempo de leitura\" \/>\n\t<meta name=\"twitter:data2\" content=\"2 minutos\" \/>\n<script type=\"application\/ld+json\" class=\"yoast-schema-graph\">{\"@context\":\"https:\\\/\\\/schema.org\",\"@graph\":[{\"@type\":\"Article\",\"@id\":\"https:\\\/\\\/www.primecursos.com.br\\\/blog\\\/valorizar-curriculo-sem-experiencia-profissional\\\/#article\",\"isPartOf\":{\"@id\":\"https:\\\/\\\/www.primecursos.com.br\\\/blog\\\/valorizar-curriculo-sem-experiencia-profissional\\\/\"},\"author\":{\"name\":\"Bruno West\",\"@id\":\"https:\\\/\\\/www.primecursos.com.br\\\/blog\\\/#\\\/schema\\\/person\\\/f75c3b4178ad1d2652ae372dc8284315\"},\"headline\":\"Como valorizar um curr\u00edculo sem experi\u00eancia profissional\",\"datePublished\":\"2015-06-19T08:00:41+00:00\",\"dateModified\":\"2019-08-02T01:58:05+00:00\",\"mainEntityOfPage\":{\"@id\":\"https:\\\/\\\/www.primecursos.com.br\\\/blog\\\/valorizar-curriculo-sem-experiencia-profissional\\\/\"},\"wordCount\":453,\"commentCount\":1,\"publisher\":{\"@id\":\"https:\\\/\\\/www.primecursos.com.br\\\/blog\\\/#organization\"},\"image\":{\"@id\":\"https:\\\/\\\/www.primecursos.com.br\\\/blog\\\/valorizar-curriculo-sem-experiencia-profissional\\\/#primaryimage\"},\"thumbnailUrl\":\"https:\\\/\\\/www.primecursos.com.br\\\/blog\\\/wp-content\\\/uploads\\\/2015\\\/06\\\/curr\u00edculo-qualifica\u00e7\u00f5es.jpg\",\"keywords\":[\"Empregos\"],\"inLanguage\":\"pt-BR\",\"potentialAction\":[{\"@type\":\"CommentAction\",\"name\":\"Comment\",\"target\":[\"https:\\\/\\\/www.primecursos.com.br\\\/blog\\\/valorizar-curriculo-sem-experiencia-profissional\\\/#respond\"]}]},{\"@type\":\"WebPage\",\"@id\":\"https:\\\/\\\/www.primecursos.com.br\\\/blog\\\/valorizar-curriculo-sem-experiencia-profissional\\\/\",\"url\":\"https:\\\/\\\/www.primecursos.com.br\\\/blog\\\/valorizar-curriculo-sem-experiencia-profissional\\\/\",\"name\":\"Como valorizar um curr\u00edculo sem experi\u00eancia profissional | Prime Cursos\",\"isPartOf\":{\"@id\":\"https:\\\/\\\/www.primecursos.com.br\\\/blog\\\/#website\"},\"primaryImageOfPage\":{\"@id\":\"https:\\\/\\\/www.primecursos.com.br\\\/blog\\\/valorizar-curriculo-sem-experiencia-profissional\\\/#primaryimage\"},\"image\":{\"@id\":\"https:\\\/\\\/www.primecursos.com.br\\\/blog\\\/valorizar-curriculo-sem-experiencia-profissional\\\/#primaryimage\"},\"thumbnailUrl\":\"https:\\\/\\\/www.primecursos.com.br\\\/blog\\\/wp-content\\\/uploads\\\/2015\\\/06\\\/curr\u00edculo-qualifica\u00e7\u00f5es.jpg\",\"datePublished\":\"2015-06-19T08:00:41+00:00\",\"dateModified\":\"2019-08-02T01:58:05+00:00\",\"description\":\"Aprenda como apresentar suas qualidades escolares, trabalhos volunt\u00e1rios e cursos extracurriculares.\",\"breadcrumb\":{\"@id\":\"https:\\\/\\\/www.primecursos.com.br\\\/blog\\\/valorizar-curriculo-sem-experiencia-profissional\\\/#breadcrumb\"},\"inLanguage\":\"pt-BR\",\"potentialAction\":[{\"@type\":\"ReadAction\",\"target\":[\"https:\\\/\\\/www.primecursos.com.br\\\/blog\\\/valorizar-curriculo-sem-experiencia-profissional\\\/\"]}]},{\"@type\":\"ImageObject\",\"inLanguage\":\"pt-BR\",\"@id\":\"https:\\\/\\\/www.primecursos.com.br\\\/blog\\\/valorizar-curriculo-sem-experiencia-profissional\\\/#primaryimage\",\"url\":\"https:\\\/\\\/www.primecursos.com.br\\\/blog\\\/wp-content\\\/uploads\\\/2015\\\/06\\\/curr\u00edculo-qualifica\u00e7\u00f5es.jpg\",\"contentUrl\":\"https:\\\/\\\/www.primecursos.com.br\\\/blog\\\/wp-content\\\/uploads\\\/2015\\\/06\\\/curr\u00edculo-qualifica\u00e7\u00f5es.jpg\",\"width\":1024,\"height\":679,\"caption\":\"curr\u00edculo qualifica\u00e7\u00f5es\"},{\"@type\":\"BreadcrumbList\",\"@id\":\"https:\\\/\\\/www.primecursos.com.br\\\/blog\\\/valorizar-curriculo-sem-experiencia-profissional\\\/#breadcrumb\",\"itemListElement\":[{\"@type\":\"ListItem\",\"position\":1,\"name\":\"In\u00edcio\",\"item\":\"https:\\\/\\\/www.primecursos.com.br\\\/blog\\\/\"},{\"@type\":\"ListItem\",\"position\":2,\"name\":\"Como valorizar um curr\u00edculo sem experi\u00eancia profissional\"}]},{\"@type\":\"WebSite\",\"@id\":\"https:\\\/\\\/www.primecursos.com.br\\\/blog\\\/#website\",\"url\":\"https:\\\/\\\/www.primecursos.com.br\\\/blog\\\/\",\"name\":\"Prime Cursos\",\"description\":\"Cursos gr\u00e1tis com certificado v\u00e1lido\",\"publisher\":{\"@id\":\"https:\\\/\\\/www.primecursos.com.br\\\/blog\\\/#organization\"},\"potentialAction\":[{\"@type\":\"SearchAction\",\"target\":{\"@type\":\"EntryPoint\",\"urlTemplate\":\"https:\\\/\\\/www.primecursos.com.br\\\/blog\\\/?s={search_term_string}\"},\"query-input\":{\"@type\":\"PropertyValueSpecification\",\"valueRequired\":true,\"valueName\":\"search_term_string\"}}],\"inLanguage\":\"pt-BR\"},{\"@type\":\"Organization\",\"@id\":\"https:\\\/\\\/www.primecursos.com.br\\\/blog\\\/#organization\",\"name\":\"Prime Cursos Online\",\"url\":\"https:\\\/\\\/www.primecursos.com.br\\\/blog\\\/\",\"logo\":{\"@type\":\"ImageObject\",\"inLanguage\":\"pt-BR\",\"@id\":\"https:\\\/\\\/www.primecursos.com.br\\\/blog\\\/#\\\/schema\\\/logo\\\/image\\\/\",\"url\":\"https:\\\/\\\/www.primecursos.com.br\\\/blog\\\/wp-content\\\/uploads\\\/2018\\\/03\\\/prime-cursos-gratis-online-logo-070318b-1.png\",\"contentUrl\":\"https:\\\/\\\/www.primecursos.com.br\\\/blog\\\/wp-content\\\/uploads\\\/2018\\\/03\\\/prime-cursos-gratis-online-logo-070318b-1.png\",\"width\":330,\"height\":80,\"caption\":\"Prime Cursos Online\"},\"image\":{\"@id\":\"https:\\\/\\\/www.primecursos.com.br\\\/blog\\\/#\\\/schema\\\/logo\\\/image\\\/\"},\"sameAs\":[\"https:\\\/\\\/www.facebook.com\\\/primecursos\\\/\",\"https:\\\/\\\/x.com\\\/primecursosbr\"]},{\"@type\":\"Person\",\"@id\":\"https:\\\/\\\/www.primecursos.com.br\\\/blog\\\/#\\\/schema\\\/person\\\/f75c3b4178ad1d2652ae372dc8284315\",\"name\":\"Bruno West\",\"image\":{\"@type\":\"ImageObject\",\"inLanguage\":\"pt-BR\",\"@id\":\"https:\\\/\\\/secure.gravatar.com\\\/avatar\\\/3f4e7619846fa72d0a5106c7aebfc167807a00ac75982cb190722ab0a20b290b?s=96&d=mm&r=g\",\"url\":\"https:\\\/\\\/secure.gravatar.com\\\/avatar\\\/3f4e7619846fa72d0a5106c7aebfc167807a00ac75982cb190722ab0a20b290b?s=96&d=mm&r=g\",\"contentUrl\":\"https:\\\/\\\/secure.gravatar.com\\\/avatar\\\/3f4e7619846fa72d0a5106c7aebfc167807a00ac75982cb190722ab0a20b290b?s=96&d=mm&r=g\",\"caption\":\"Bruno West\"},\"sameAs\":[\"http:\\\/\\\/www.primecursos.com.br\"],\"url\":\"https:\\\/\\\/www.primecursos.com.br\\\/blog\\\/author\\\/bruno\\\/\"}]}<\/script>\n<!-- \/ Yoast SEO plugin. -->","yoast_head_json":{"title":"Como valorizar um curr\u00edculo sem experi\u00eancia profissional | Prime Cursos","description":"Aprenda como apresentar suas qualidades escolares, trabalhos volunt\u00e1rios e cursos extracurriculares.","robots":{"index":"index","follow":"follow","max-snippet":"max-snippet:-1","max-image-preview":"max-image-preview:large","max-video-preview":"max-video-preview:-1"},"canonical":"https:\/\/www.primecursos.com.br\/blog\/valorizar-curriculo-sem-experiencia-profissional\/","og_locale":"pt_BR","og_type":"article","og_title":"Como valorizar um curr\u00edculo sem experi\u00eancia profissional | Prime Cursos","og_description":"Aprenda como apresentar suas qualidades escolares, trabalhos volunt\u00e1rios e cursos extracurriculares.","og_url":"https:\/\/www.primecursos.com.br\/blog\/valorizar-curriculo-sem-experiencia-profissional\/","og_site_name":"Prime Cursos","article_publisher":"https:\/\/www.facebook.com\/primecursos\/","article_published_time":"2015-06-19T08:00:41+00:00","article_modified_time":"2019-08-02T01:58:05+00:00","og_image":[{"width":1024,"height":679,"url":"https:\/\/www.primecursos.com.br\/blog\/wp-content\/uploads\/2015\/06\/curr\u00edculo-qualifica\u00e7\u00f5es.jpg","type":"image\/jpeg"}],"author":"Bruno West","twitter_misc":{"Escrito por":"Bruno West","Est. tempo de leitura":"2 minutos"},"schema":{"@context":"https:\/\/schema.org","@graph":[{"@type":"Article","@id":"https:\/\/www.primecursos.com.br\/blog\/valorizar-curriculo-sem-experiencia-profissional\/#article","isPartOf":{"@id":"https:\/\/www.primecursos.com.br\/blog\/valorizar-curriculo-sem-experiencia-profissional\/"},"author":{"name":"Bruno West","@id":"https:\/\/www.primecursos.com.br\/blog\/#\/schema\/person\/f75c3b4178ad1d2652ae372dc8284315"},"headline":"Como valorizar um curr\u00edculo sem experi\u00eancia profissional","datePublished":"2015-06-19T08:00:41+00:00","dateModified":"2019-08-02T01:58:05+00:00","mainEntityOfPage":{"@id":"https:\/\/www.primecursos.com.br\/blog\/valorizar-curriculo-sem-experiencia-profissional\/"},"wordCount":453,"commentCount":1,"publisher":{"@id":"https:\/\/www.primecursos.com.br\/blog\/#organization"},"image":{"@id":"https:\/\/www.primecursos.com.br\/blog\/valorizar-curriculo-sem-experiencia-profissional\/#primaryimage"},"thumbnailUrl":"https:\/\/www.primecursos.com.br\/blog\/wp-content\/uploads\/2015\/06\/curr\u00edculo-qualifica\u00e7\u00f5es.jpg","keywords":["Empregos"],"inLanguage":"pt-BR","potentialAction":[{"@type":"CommentAction","name":"Comment","target":["https:\/\/www.primecursos.com.br\/blog\/valorizar-curriculo-sem-experiencia-profissional\/#respond"]}]},{"@type":"WebPage","@id":"https:\/\/www.primecursos.com.br\/blog\/valorizar-curriculo-sem-experiencia-profissional\/","url":"https:\/\/www.primecursos.com.br\/blog\/valorizar-curriculo-sem-experiencia-profissional\/","name":"Como valorizar um curr\u00edculo sem experi\u00eancia profissional | Prime Cursos","isPartOf":{"@id":"https:\/\/www.primecursos.com.br\/blog\/#website"},"primaryImageOfPage":{"@id":"https:\/\/www.primecursos.com.br\/blog\/valorizar-curriculo-sem-experiencia-profissional\/#primaryimage"},"image":{"@id":"https:\/\/www.primecursos.com.br\/blog\/valorizar-curriculo-sem-experiencia-profissional\/#primaryimage"},"thumbnailUrl":"https:\/\/www.primecursos.com.br\/blog\/wp-content\/uploads\/2015\/06\/curr\u00edculo-qualifica\u00e7\u00f5es.jpg","datePublished":"2015-06-19T08:00:41+00:00","dateModified":"2019-08-02T01:58:05+00:00","description":"Aprenda como apresentar suas qualidades escolares, trabalhos volunt\u00e1rios e cursos extracurriculares.","breadcrumb":{"@id":"https:\/\/www.primecursos.com.br\/blog\/valorizar-curriculo-sem-experiencia-profissional\/#breadcrumb"},"inLanguage":"pt-BR","potentialAction":[{"@type":"ReadAction","target":["https:\/\/www.primecursos.com.br\/blog\/valorizar-curriculo-sem-experiencia-profissional\/"]}]},{"@type":"ImageObject","inLanguage":"pt-BR","@id":"https:\/\/www.primecursos.com.br\/blog\/valorizar-curriculo-sem-experiencia-profissional\/#primaryimage","url":"https:\/\/www.primecursos.com.br\/blog\/wp-content\/uploads\/2015\/06\/curr\u00edculo-qualifica\u00e7\u00f5es.jpg","contentUrl":"https:\/\/www.primecursos.com.br\/blog\/wp-content\/uploads\/2015\/06\/curr\u00edculo-qualifica\u00e7\u00f5es.jpg","width":1024,"height":679,"caption":"curr\u00edculo qualifica\u00e7\u00f5es"},{"@type":"BreadcrumbList","@id":"https:\/\/www.primecursos.com.br\/blog\/valorizar-curriculo-sem-experiencia-profissional\/#breadcrumb","itemListElement":[{"@type":"ListItem","position":1,"name":"In\u00edcio","item":"https:\/\/www.primecursos.com.br\/blog\/"},{"@type":"ListItem","position":2,"name":"Como valorizar um curr\u00edculo sem experi\u00eancia profissional"}]},{"@type":"WebSite","@id":"https:\/\/www.primecursos.com.br\/blog\/#website","url":"https:\/\/www.primecursos.com.br\/blog\/","name":"Prime Cursos","description":"Cursos gr\u00e1tis com certificado v\u00e1lido","publisher":{"@id":"https:\/\/www.primecursos.com.br\/blog\/#organization"},"potentialAction":[{"@type":"SearchAction","target":{"@type":"EntryPoint","urlTemplate":"https:\/\/www.primecursos.com.br\/blog\/?s={search_term_string}"},"query-input":{"@type":"PropertyValueSpecification","valueRequired":true,"valueName":"search_term_string"}}],"inLanguage":"pt-BR"},{"@type":"Organization","@id":"https:\/\/www.primecursos.com.br\/blog\/#organization","name":"Prime Cursos Online","url":"https:\/\/www.primecursos.com.br\/blog\/","logo":{"@type":"ImageObject","inLanguage":"pt-BR","@id":"https:\/\/www.primecursos.com.br\/blog\/#\/schema\/logo\/image\/","url":"https:\/\/www.primecursos.com.br\/blog\/wp-content\/uploads\/2018\/03\/prime-cursos-gratis-online-logo-070318b-1.png","contentUrl":"https:\/\/www.primecursos.com.br\/blog\/wp-content\/uploads\/2018\/03\/prime-cursos-gratis-online-logo-070318b-1.png","width":330,"height":80,"caption":"Prime Cursos Online"},"image":{"@id":"https:\/\/www.primecursos.com.br\/blog\/#\/schema\/logo\/image\/"},"sameAs":["https:\/\/www.facebook.com\/primecursos\/","https:\/\/x.com\/primecursosbr"]},{"@type":"Person","@id":"https:\/\/www.primecursos.com.br\/blog\/#\/schema\/person\/f75c3b4178ad1d2652ae372dc8284315","name":"Bruno West","image":{"@type":"ImageObject","inLanguage":"pt-BR","@id":"https:\/\/secure.gravatar.com\/avatar\/3f4e7619846fa72d0a5106c7aebfc167807a00ac75982cb190722ab0a20b290b?s=96&d=mm&r=g","url":"https:\/\/secure.gravatar.com\/avatar\/3f4e7619846fa72d0a5106c7aebfc167807a00ac75982cb190722ab0a20b290b?s=96&d=mm&r=g","contentUrl":"https:\/\/secure.gravatar.com\/avatar\/3f4e7619846fa72d0a5106c7aebfc167807a00ac75982cb190722ab0a20b290b?s=96&d=mm&r=g","caption":"Bruno West"},"sameAs":["http:\/\/www.primecursos.com.br"],"url":"https:\/\/www.primecursos.com.br\/blog\/author\/bruno\/"}]}},"taxonomy_info":{"post_tag":[{"value":15,"label":"Empregos"}]},"featured_image_src_large":["https:\/\/www.primecursos.com.br\/blog\/wp-content\/uploads\/2015\/06\/curr\u00edculo-qualifica\u00e7\u00f5es-1024x679.jpg",1024,679,true],"author_info":{"display_name":"Bruno West","author_link":"https:\/\/www.primecursos.com.br\/blog\/author\/bruno\/"},"comment_info":1,"category_info":[],"tag_info":[{"term_id":15,"name":"Empregos","slug":"empregos","term_group":0,"term_taxonomy_id":15,"taxonomy":"post_tag","description":"","parent":0,"count":31,"filter":"raw"}],"_links":{"self":[{"href":"https:\/\/www.primecursos.com.br\/blog\/wp-json\/wp\/v2\/posts\/1988","targetHints":{"allow":["GET"]}}],"collection":[{"href":"https:\/\/www.primecursos.com.br\/blog\/wp-json\/wp\/v2\/posts"}],"about":[{"href":"https:\/\/www.primecursos.com.br\/blog\/wp-json\/wp\/v2\/types\/post"}],"author":[{"embeddable":true,"href":"https:\/\/www.primecursos.com.br\/blog\/wp-json\/wp\/v2\/users\/10"}],"replies":[{"embeddable":true,"href":"https:\/\/www.primecursos.com.br\/blog\/wp-json\/wp\/v2\/comments?post=1988"}],"version-history":[{"count":0,"href":"https:\/\/www.primecursos.com.br\/blog\/wp-json\/wp\/v2\/posts\/1988\/revisions"}],"wp:featuredmedia":[{"embeddable":true,"href":"https:\/\/www.primecursos.com.br\/blog\/wp-json\/wp\/v2\/media\/1991"}],"wp:attachment":[{"href":"https:\/\/www.primecursos.com.br\/blog\/wp-json\/wp\/v2\/media?parent=1988"}],"wp:term":[{"taxonomy":"category","embeddable":true,"href":"https:\/\/www.primecursos.com.br\/blog\/wp-json\/wp\/v2\/categories?post=1988"},{"taxonomy":"post_tag","embeddable":true,"href":"https:\/\/www.primecursos.com.br\/blog\/wp-json\/wp\/v2\/tags?post=1988"}],"curies":[{"name":"wp","href":"https:\/\/api.w.org\/{rel}","templated":true}]}}