{"id":19971,"date":"2025-11-05T14:24:58","date_gmt":"2025-11-05T14:24:58","guid":{"rendered":"https:\/\/www.primecursos.com.br\/blog\/?p=19971"},"modified":"2025-11-10T14:43:16","modified_gmt":"2025-11-10T14:43:16","slug":"encima-ou-em-cima-qual-a-diferenca-e-como-usar-corretamente","status":"publish","type":"post","link":"https:\/\/www.primecursos.com.br\/blog\/encima-ou-em-cima-qual-a-diferenca-e-como-usar-corretamente\/","title":{"rendered":"Encima ou Em cima: Qual a diferen\u00e7a e como usar corretamente?"},"content":{"rendered":"\n<p>Voc\u00ea sabe qual \u00e9 a diferen\u00e7a entre \u201cencima\u201d e \u201cem cima\u201d? Se j\u00e1 ficou em d\u00favida na hora de escrever essas palavras, saiba que voc\u00ea n\u00e3o est\u00e1 sozinho, pois por terem a mesma sonoridade, muitas pessoas as confundem. No entanto, embora ambas existam oficialmente na gram\u00e1tica da l\u00edngua portuguesa, o uso incorreto \u00e9 bastante comum.<\/p>\n\n\n\n<p>De forma resumida, quando falamos em \u201cem cima\u201d, estamos lidando com uma locu\u00e7\u00e3o adverbial que indica posi\u00e7\u00e3o ou localiza\u00e7\u00e3o. J\u00e1 \u201cencima\u201d, escrita junta, \u00e9 uma forma verbal do verbo \u201cencimar\u201d, usada para expressar a a\u00e7\u00e3o de colocar algo sobre outra coisa, al\u00e7ar ou coroar.<\/p>\n\n\n\n<p>Neste post, vamos explicar de forma clara e completa qual \u00e9 a diferen\u00e7a entre &#8220;encima&#8221; e &#8220;em cima&#8221;, mostrar exemplos pr\u00e1ticos de uso, apresentar suas origens gramaticais e dar dicas para que voc\u00ea nunca mais tenha d\u00favidas na hora de escolher entre as duas formas.<\/p>\n\n\n\n<!--more-->\n\n\n\n<h2 class=\"wp-block-heading\" id=\"h-o-que-sao-palavras-homonimas-homofonas\"><strong>O que s\u00e3o palavras hom\u00f4nimas hom\u00f3fonas?<\/strong><\/h2>\n\n\n\n<p>Antes de compreender as diferen\u00e7as entre as express\u00f5es, \u00e9 essencial entender o conceito lingu\u00edstico que explica essa confus\u00e3o. As palavras <a href=\"https:\/\/www.clubedoportugues.com.br\/em-cima-x-encima\/\" target=\"_blank\" rel=\"noreferrer noopener nofollow\">&#8220;encima&#8221; e &#8220;em cima&#8221;<\/a> s\u00e3o classificadas como hom\u00f4nimas hom\u00f3fonas, ou seja, apresentam a mesma sonoridade, mas grafias e significados diferentes. E, gra\u00e7as a isso, muitos escrevem uma no lugar da outra sem perceber.<\/p>\n\n\n<div class=\"wp-block-image\">\n<figure class=\"aligncenter size-full is-resized\"><a href=\"https:\/\/www.primecursos.com.br\/blog\/wp-content\/uploads\/2025\/02\/717befcb-f1cb-463d-a5b7-b9f7db8ca47e.jpeg\"><img decoding=\"async\" width=\"795\" height=\"400\" src=\"https:\/\/www.primecursos.com.br\/blog\/wp-content\/uploads\/2025\/02\/717befcb-f1cb-463d-a5b7-b9f7db8ca47e.jpeg\" alt=\"Tr\u00eas blocos de madeira empilhados verticalmente, cada um com um ponto de interroga\u00e7\u00e3o preto estampado na frente, simbolizando incerteza ou mist\u00e9rio. O fundo \u00e9 desfocado e em tons neutros.\" class=\"wp-image-20010\" style=\"width:842px;height:auto\" srcset=\"https:\/\/www.primecursos.com.br\/blog\/wp-content\/uploads\/2025\/02\/717befcb-f1cb-463d-a5b7-b9f7db8ca47e.jpeg 795w, https:\/\/www.primecursos.com.br\/blog\/wp-content\/uploads\/2025\/02\/717befcb-f1cb-463d-a5b7-b9f7db8ca47e-300x151.jpeg 300w, https:\/\/www.primecursos.com.br\/blog\/wp-content\/uploads\/2025\/02\/717befcb-f1cb-463d-a5b7-b9f7db8ca47e-768x386.jpeg 768w, https:\/\/www.primecursos.com.br\/blog\/wp-content\/uploads\/2025\/02\/717befcb-f1cb-463d-a5b7-b9f7db8ca47e-150x75.jpeg 150w\" sizes=\"(max-width: 795px) 100vw, 795px\" \/><\/a><\/figure>\n<\/div>\n\n\n<p>Tendo isso em vista, \u00e9 v\u00e1lido ressaltar que \u00e9 comum encontrarmos <a href=\"https:\/\/www.primecursos.com.br\/blog\/esclareca-suas-duvidas-coco-coco-ou-coco\/\">pares de termos semelhantes<\/a> que se diferenciam apenas pela fun\u00e7\u00e3o gramatical e pelo contexto de uso. Sendo assim, a aten\u00e7\u00e3o ao sentido \u00e9 o que define a escolha correta e entender isso \u00e9 o primeiro passo para escrever de forma precisa e evitar erros que comprometem a clareza do texto.<\/p>\n\n\n\n<p>Portanto, ao ouvir as express\u00f5es \u201cencima\u201d e \u201cem cima\u201d, lembre-se de que, embora soem id\u00eanticas, exercem pap\u00e9is diferentes na estrutura da frase. E, saber identific\u00e1-las corretamente \u00e9 uma forma de aprimorar o dom\u00ednio da escrita e garantir uma comunica\u00e7\u00e3o mais clara e assertiva.<\/p>\n\n\n\n<h2 class=\"wp-block-heading\" id=\"h-entenda-a-diferenca-entre-encima-e-em-cima\"><strong>Entenda a diferen\u00e7a entre &#8220;encima&#8221; e &#8220;em cima&#8221;<\/strong><\/h2>\n\n\n\n<p>Apesar de soarem parecidas e terem significados diferentes, \u201cencima\u201d e \u201cem cima\u201d pertencem a categorias gramaticais distintas e, por isso, s\u00e3o usadas em contextos diferentes. Essa distin\u00e7\u00e3o \u00e9 essencial para evitar erros de escrita, j\u00e1 que cada forma desempenha uma fun\u00e7\u00e3o pr\u00f3pria na l\u00edngua portuguesa.<\/p>\n\n\n\n<p>A palavra \u201cencima\u201d \u00e9 uma forma verbal derivada do verbo encimar, que tem o sentido de colocar sobre, elevar, coroar ou al\u00e7ar. J\u00e1 \u201cem cima\u201d \u00e9 uma locu\u00e7\u00e3o adverbial de lugar, usada para indicar posi\u00e7\u00e3o ou localiza\u00e7\u00e3o. Embora o som seja id\u00eantico, o valor sem\u00e2ntico muda completamente de uma para outra.<\/p>\n\n\n\n<h3 class=\"wp-block-heading\" id=\"h-quando-usar-encima-junto\"><strong>Quando usar \u201cencima\u201d (junto)?<\/strong><\/h3>\n\n\n\n<p>A palavra \u201cencima\u201d, escrita de forma unida, \u00e9 uma conjuga\u00e7\u00e3o do verbo <em>encimar<\/em>. Na pr\u00e1tica, esse verbo significa colocar sobre, p\u00f4r no alto ou elevar algo, transmitindo a ideia de a\u00e7\u00e3o e movimento. Assim, \u201cencima\u201d indica o ato de posicionar uma coisa acima de outra, sendo uma forma verbal.<\/p>\n\n\n<style>.wp-block-kadence-advancedgallery .kb-gallery-type-masonry.kb-gallery-id-19971_601b15-96{margin:-5px;}.kb-gallery-type-masonry.kb-gallery-id-19971_601b15-96 .kadence-blocks-gallery-item{padding:5px;}.kb-gallery-id-19971_601b15-96 .kadence-blocks-gallery-item .kb-gal-image-radius, .kb-gallery-id-19971_601b15-96 .kb-slide-item .kb-gal-image-radius img{border-radius:0px 0px 0px 0px;;}<\/style><div class=\"kb-gallery-wrap-id-19971_601b15-96 alignnone wp-block-kadence-advancedgallery\"><ul class=\"kb-gallery-ul kb-gallery-non-static kb-gallery-type-masonry kb-masonry-init kb-gallery-id-19971_601b15-96 kb-gallery-caption-style-bottom-hover kb-gallery-filter-none\" data-image-filter=\"none\" data-item-selector=\".kadence-blocks-gallery-item\" data-lightbox-caption=\"true\" data-columns-xxl=\"3\" data-columns-xl=\"3\" data-columns-md=\"3\" data-columns-sm=\"2\" data-columns-xs=\"1\" data-columns-ss=\"1\"><li class=\"kadence-blocks-gallery-item\" tabindex=\"0\"><div class=\"kadence-blocks-gallery-item-inner\"><figure class=\"kb-gallery-figure kadence-blocks-gallery-item-hide-caption\"><div class=\"kb-gal-image-radius\" style=\"max-width:819px;\"><div class=\"kb-gallery-image-contain kadence-blocks-gallery-intrinsic\" style=\"padding-bottom:125%;\"><img decoding=\"async\" src=\"https:\/\/www.primecursos.com.br\/blog\/wp-content\/uploads\/2025\/02\/frase-chapeu-encima-canva-819x1024.jpg\" width=\"819\" height=\"1024\" alt=\"frase chapeu encima canva\" data-full-image=\"https:\/\/www.primecursos.com.br\/blog\/wp-content\/uploads\/2025\/02\/frase-chapeu-encima-canva.jpg\" data-light-image=\"https:\/\/www.primecursos.com.br\/blog\/wp-content\/uploads\/2025\/02\/frase-chapeu-encima-canva.jpg\" data-id=\"22362\" class=\"wp-image-22362\" srcset=\"https:\/\/www.primecursos.com.br\/blog\/wp-content\/uploads\/2025\/02\/frase-chapeu-encima-canva-819x1024.jpg 819w, https:\/\/www.primecursos.com.br\/blog\/wp-content\/uploads\/2025\/02\/frase-chapeu-encima-canva-240x300.jpg 240w, https:\/\/www.primecursos.com.br\/blog\/wp-content\/uploads\/2025\/02\/frase-chapeu-encima-canva-768x960.jpg 768w, https:\/\/www.primecursos.com.br\/blog\/wp-content\/uploads\/2025\/02\/frase-chapeu-encima-canva-150x188.jpg 150w, https:\/\/www.primecursos.com.br\/blog\/wp-content\/uploads\/2025\/02\/frase-chapeu-encima-canva.jpg 1080w\" sizes=\"(max-width: 819px) 100vw, 819px\" \/><\/div><\/div><\/figure><\/div><\/li><li class=\"kadence-blocks-gallery-item\" tabindex=\"0\"><div class=\"kadence-blocks-gallery-item-inner\"><figure class=\"kb-gallery-figure kadence-blocks-gallery-item-hide-caption\"><div class=\"kb-gal-image-radius\" style=\"max-width:819px;\"><div class=\"kb-gallery-image-contain kadence-blocks-gallery-intrinsic\" style=\"padding-bottom:125%;\"><img decoding=\"async\" src=\"https:\/\/www.primecursos.com.br\/blog\/wp-content\/uploads\/2025\/02\/frase-estatua-encima-canva-819x1024.jpg\" width=\"819\" height=\"1024\" alt=\"frase estatua encima canva\" data-full-image=\"https:\/\/www.primecursos.com.br\/blog\/wp-content\/uploads\/2025\/02\/frase-estatua-encima-canva.jpg\" data-light-image=\"https:\/\/www.primecursos.com.br\/blog\/wp-content\/uploads\/2025\/02\/frase-estatua-encima-canva.jpg\" data-id=\"22363\" class=\"wp-image-22363\" srcset=\"https:\/\/www.primecursos.com.br\/blog\/wp-content\/uploads\/2025\/02\/frase-estatua-encima-canva-819x1024.jpg 819w, https:\/\/www.primecursos.com.br\/blog\/wp-content\/uploads\/2025\/02\/frase-estatua-encima-canva-240x300.jpg 240w, https:\/\/www.primecursos.com.br\/blog\/wp-content\/uploads\/2025\/02\/frase-estatua-encima-canva-768x960.jpg 768w, https:\/\/www.primecursos.com.br\/blog\/wp-content\/uploads\/2025\/02\/frase-estatua-encima-canva-150x188.jpg 150w, https:\/\/www.primecursos.com.br\/blog\/wp-content\/uploads\/2025\/02\/frase-estatua-encima-canva.jpg 1080w\" sizes=\"(max-width: 819px) 100vw, 819px\" \/><\/div><\/div><\/figure><\/div><\/li><li class=\"kadence-blocks-gallery-item\" tabindex=\"0\"><div class=\"kadence-blocks-gallery-item-inner\"><figure class=\"kb-gallery-figure kadence-blocks-gallery-item-hide-caption\"><div class=\"kb-gal-image-radius\" style=\"max-width:819px;\"><div class=\"kb-gallery-image-contain kadence-blocks-gallery-intrinsic\" style=\"padding-bottom:125%;\"><img decoding=\"async\" src=\"https:\/\/www.primecursos.com.br\/blog\/wp-content\/uploads\/2025\/02\/frase-pintor-encima-canva-819x1024.jpg\" width=\"819\" height=\"1024\" alt=\"frase pintor encima canva\" data-full-image=\"https:\/\/www.primecursos.com.br\/blog\/wp-content\/uploads\/2025\/02\/frase-pintor-encima-canva.jpg\" data-light-image=\"https:\/\/www.primecursos.com.br\/blog\/wp-content\/uploads\/2025\/02\/frase-pintor-encima-canva.jpg\" data-id=\"22364\" class=\"wp-image-22364\" srcset=\"https:\/\/www.primecursos.com.br\/blog\/wp-content\/uploads\/2025\/02\/frase-pintor-encima-canva-819x1024.jpg 819w, https:\/\/www.primecursos.com.br\/blog\/wp-content\/uploads\/2025\/02\/frase-pintor-encima-canva-240x300.jpg 240w, https:\/\/www.primecursos.com.br\/blog\/wp-content\/uploads\/2025\/02\/frase-pintor-encima-canva-768x960.jpg 768w, https:\/\/www.primecursos.com.br\/blog\/wp-content\/uploads\/2025\/02\/frase-pintor-encima-canva-150x188.jpg 150w, https:\/\/www.primecursos.com.br\/blog\/wp-content\/uploads\/2025\/02\/frase-pintor-encima-canva.jpg 1080w\" sizes=\"(max-width: 819px) 100vw, 819px\" \/><\/div><\/div><\/figure><\/div><\/li><\/ul><\/div>\n\n\n<p>Do ponto de vista gramatical, esse termo aparece geralmente na terceira pessoa do singular do presente do indicativo (ele\/ela encima) ou na segunda pessoa do singular do imperativo (tu encima). Em resumo, usamos essa palavra quando algu\u00e9m executa a a\u00e7\u00e3o de colocar algo sobre outra coisa ou quando h\u00e1 uma ordem direta para realizar uma a\u00e7\u00e3o.<\/p>\n\n\n\n<p>Embora gramaticalmente correta, essa forma verbal \u00e9 pouco usada no cotidiano, pois o verbo <em>encimar<\/em> n\u00e3o \u00e9 comum na fala popular. Na maior parte das situa\u00e7\u00f5es, opta-se por constru\u00e7\u00f5es como <em>colocar sobre<\/em> ou <em>estar em cima de<\/em>. Seguem alguns exemplos de aplica\u00e7\u00e3o:<\/p>\n\n\n\n<ul class=\"wp-block-list\">\n<li>O confeiteiro encima o bolo com flores de a\u00e7\u00facar antes de servir;<\/li>\n\n\n\n<li>Um belo chap\u00e9u encima a cabe\u00e7a do manequim na vitrine da loja;<\/li>\n\n\n\n<li>A est\u00e1tua do anjo encima a fonte do jardim central;<\/li>\n\n\n\n<li>O pintor encima a tela com um detalhe dourado para dar mais brilho;<\/li>\n\n\n\n<li>Durante a cerim\u00f4nia, a coroa encima a cabe\u00e7a do rei.<\/li>\n<\/ul>\n\n\n\n<h4 class=\"wp-block-heading\" id=\"h-conjugacao-do-verbo-encimar-no-presente-do-indicativo\"><strong>Conjuga\u00e7\u00e3o do verbo \u201cencimar\u201d no presente do indicativo:<\/strong><\/h4>\n\n\n\n<figure class=\"wp-block-table\"><table class=\"has-fixed-layout\"><tbody><tr><td><strong>Pessoa<\/strong><\/td><td><strong>Forma verbal<\/strong><\/td><\/tr><tr><td>Eu<\/td><td>Encimo<\/td><\/tr><tr><td>Tu<\/td><td>Encimas<\/td><\/tr><tr><td>Ele\/ela<\/td><td>Encima<\/td><\/tr><tr><td>N\u00f3s<\/td><td>Encimamos<\/td><\/tr><tr><td>V\u00f3s<\/td><td>Encimais<\/td><\/tr><tr><td>Eles\/elas<\/td><td>Encimam<\/td><\/tr><\/tbody><\/table><\/figure>\n\n\n\n<h4 class=\"wp-block-heading\" id=\"h-conjugacao-do-verbo-encimar-no-imperativo-afirmativo\"><strong>Conjuga\u00e7\u00e3o do verbo \u201cencimar\u201d no imperativo afirmativo:<\/strong><\/h4>\n\n\n\n<figure class=\"wp-block-table\"><table class=\"has-fixed-layout\"><tbody><tr><td><strong>Pessoa<\/strong><\/td><td><strong>Forma verbal<\/strong><\/td><\/tr><tr><td>Tu<\/td><td>Encima<\/td><\/tr><tr><td>Ele\/ela<\/td><td>Encime<\/td><\/tr><tr><td>N\u00f3s<\/td><td>Encimemos<\/td><\/tr><tr><td>V\u00f3s<\/td><td>Encimai<\/td><\/tr><tr><td>Eles\/elas<\/td><td>Encimem<\/td><\/tr><\/tbody><\/table><\/figure>\n\n\n\n<h3 class=\"wp-block-heading\" id=\"h-quando-usar-em-cima-separado\"><strong>Quando usar \u201cem cima\u201d (separado)?<\/strong><\/h3>\n\n\n\n<p>A express\u00e3o &#8220;em cima&#8221;, escrita separadamente, \u00e9 uma locu\u00e7\u00e3o adverbial de lugar, a qual \u00e9 amplamente utilizada na l\u00edngua portuguesa. Isso ocorre porque serve para indicar que algo ou algu\u00e9m est\u00e1 em uma posi\u00e7\u00e3o mais alta, superior ou sobre outra coisa, descrevendo tanto localiza\u00e7\u00f5es f\u00edsicas quanto simb\u00f3licas no discurso.<\/p>\n\n\n<style>.wp-block-kadence-advancedgallery .kb-gallery-type-masonry.kb-gallery-id-19971_a055e9-f2{margin:-5px;}.kb-gallery-type-masonry.kb-gallery-id-19971_a055e9-f2 .kadence-blocks-gallery-item{padding:5px;}.kb-gallery-id-19971_a055e9-f2 .kadence-blocks-gallery-item .kb-gal-image-radius, .kb-gallery-id-19971_a055e9-f2 .kb-slide-item .kb-gal-image-radius img{border-radius:0px 0px 0px 0px;;}<\/style><div class=\"kb-gallery-wrap-id-19971_a055e9-f2 alignnone wp-block-kadence-advancedgallery\"><ul class=\"kb-gallery-ul kb-gallery-non-static kb-gallery-type-masonry kb-masonry-init kb-gallery-id-19971_a055e9-f2 kb-gallery-caption-style-bottom-hover kb-gallery-filter-none\" data-image-filter=\"none\" data-item-selector=\".kadence-blocks-gallery-item\" data-lightbox-caption=\"true\" data-columns-xxl=\"3\" data-columns-xl=\"3\" data-columns-md=\"3\" data-columns-sm=\"2\" data-columns-xs=\"1\" data-columns-ss=\"1\"><li class=\"kadence-blocks-gallery-item\" tabindex=\"0\"><div class=\"kadence-blocks-gallery-item-inner\"><figure class=\"kb-gallery-figure kadence-blocks-gallery-item-hide-caption\"><div class=\"kb-gal-image-radius\" style=\"max-width:1080px;\"><div class=\"kb-gallery-image-contain kadence-blocks-gallery-intrinsic\" style=\"padding-bottom:125%;\"><img decoding=\"async\" src=\"https:\/\/www.primecursos.com.br\/blog\/wp-content\/uploads\/2025\/02\/chaves-em-cima-mesa-canva.jpg\" width=\"1080\" height=\"1350\" alt=\"chaves em cima mesa canva\" data-full-image=\"https:\/\/www.primecursos.com.br\/blog\/wp-content\/uploads\/2025\/02\/chaves-em-cima-mesa-canva.jpg\" data-light-image=\"https:\/\/www.primecursos.com.br\/blog\/wp-content\/uploads\/2025\/02\/chaves-em-cima-mesa-canva.jpg\" data-id=\"22367\" class=\"wp-image-22367\" srcset=\"https:\/\/www.primecursos.com.br\/blog\/wp-content\/uploads\/2025\/02\/chaves-em-cima-mesa-canva.jpg 1080w, https:\/\/www.primecursos.com.br\/blog\/wp-content\/uploads\/2025\/02\/chaves-em-cima-mesa-canva-240x300.jpg 240w, https:\/\/www.primecursos.com.br\/blog\/wp-content\/uploads\/2025\/02\/chaves-em-cima-mesa-canva-819x1024.jpg 819w, https:\/\/www.primecursos.com.br\/blog\/wp-content\/uploads\/2025\/02\/chaves-em-cima-mesa-canva-768x960.jpg 768w, https:\/\/www.primecursos.com.br\/blog\/wp-content\/uploads\/2025\/02\/chaves-em-cima-mesa-canva-150x188.jpg 150w\" sizes=\"(max-width: 1080px) 100vw, 1080px\" \/><\/div><\/div><\/figure><\/div><\/li><li class=\"kadence-blocks-gallery-item\" tabindex=\"0\"><div class=\"kadence-blocks-gallery-item-inner\"><figure class=\"kb-gallery-figure kadence-blocks-gallery-item-hide-caption\"><div class=\"kb-gal-image-radius\" style=\"max-width:1080px;\"><div class=\"kb-gallery-image-contain kadence-blocks-gallery-intrinsic\" style=\"padding-bottom:125%;\"><img decoding=\"async\" src=\"https:\/\/www.primecursos.com.br\/blog\/wp-content\/uploads\/2025\/02\/malas-em-cima-carro-canva.jpg\" width=\"1080\" height=\"1350\" alt=\"malas em cima carro canva\" data-full-image=\"https:\/\/www.primecursos.com.br\/blog\/wp-content\/uploads\/2025\/02\/malas-em-cima-carro-canva.jpg\" data-light-image=\"https:\/\/www.primecursos.com.br\/blog\/wp-content\/uploads\/2025\/02\/malas-em-cima-carro-canva.jpg\" data-id=\"22369\" class=\"wp-image-22369\" srcset=\"https:\/\/www.primecursos.com.br\/blog\/wp-content\/uploads\/2025\/02\/malas-em-cima-carro-canva.jpg 1080w, https:\/\/www.primecursos.com.br\/blog\/wp-content\/uploads\/2025\/02\/malas-em-cima-carro-canva-240x300.jpg 240w, https:\/\/www.primecursos.com.br\/blog\/wp-content\/uploads\/2025\/02\/malas-em-cima-carro-canva-819x1024.jpg 819w, https:\/\/www.primecursos.com.br\/blog\/wp-content\/uploads\/2025\/02\/malas-em-cima-carro-canva-768x960.jpg 768w, https:\/\/www.primecursos.com.br\/blog\/wp-content\/uploads\/2025\/02\/malas-em-cima-carro-canva-150x188.jpg 150w\" sizes=\"(max-width: 1080px) 100vw, 1080px\" \/><\/div><\/div><\/figure><\/div><\/li><li class=\"kadence-blocks-gallery-item\" tabindex=\"0\"><div class=\"kadence-blocks-gallery-item-inner\"><figure class=\"kb-gallery-figure kadence-blocks-gallery-item-hide-caption\"><div class=\"kb-gal-image-radius\" style=\"max-width:1080px;\"><div class=\"kb-gallery-image-contain kadence-blocks-gallery-intrinsic\" style=\"padding-bottom:125%;\"><img decoding=\"async\" src=\"https:\/\/www.primecursos.com.br\/blog\/wp-content\/uploads\/2025\/02\/em-cima-tapete-canva.jpg\" width=\"1080\" height=\"1350\" alt=\"em cima tapete canva\" data-full-image=\"https:\/\/www.primecursos.com.br\/blog\/wp-content\/uploads\/2025\/02\/em-cima-tapete-canva.jpg\" data-light-image=\"https:\/\/www.primecursos.com.br\/blog\/wp-content\/uploads\/2025\/02\/em-cima-tapete-canva.jpg\" data-id=\"22368\" class=\"wp-image-22368\" srcset=\"https:\/\/www.primecursos.com.br\/blog\/wp-content\/uploads\/2025\/02\/em-cima-tapete-canva.jpg 1080w, https:\/\/www.primecursos.com.br\/blog\/wp-content\/uploads\/2025\/02\/em-cima-tapete-canva-240x300.jpg 240w, https:\/\/www.primecursos.com.br\/blog\/wp-content\/uploads\/2025\/02\/em-cima-tapete-canva-819x1024.jpg 819w, https:\/\/www.primecursos.com.br\/blog\/wp-content\/uploads\/2025\/02\/em-cima-tapete-canva-768x960.jpg 768w, https:\/\/www.primecursos.com.br\/blog\/wp-content\/uploads\/2025\/02\/em-cima-tapete-canva-150x188.jpg 150w\" sizes=\"(max-width: 1080px) 100vw, 1080px\" \/><\/div><\/div><\/figure><\/div><\/li><\/ul><\/div>\n\n\n<p>Al\u00e9m disso, por ser de uso frequente, essa locu\u00e7\u00e3o tamb\u00e9m aparece em contextos figurados e express\u00f5es populares. Em frases do cotidiano, pode expressar ideias de urg\u00eancia, confirma\u00e7\u00e3o, vigil\u00e2ncia ou at\u00e9 mesmo envolvimento emocional, o que demonstra sua versatilidade e import\u00e2ncia na comunica\u00e7\u00e3o. A seguir, veja alguns exemplos:<\/p>\n\n\n\n<ul class=\"wp-block-list\">\n<li>Deixei minhas chaves em cima da mesa da cozinha;<\/li>\n\n\n\n<li>O gato adorava dormir em cima do telhado todas as noites;<\/li>\n\n\n\n<li>N\u00e3o pise em cima do tapete branco com os p\u00e9s sujos!;<\/li>\n\n\n\n<li>O livro est\u00e1 em cima da prateleira, bem ao lado do vaso;<\/li>\n\n\n\n<li>A crian\u00e7a pulou em cima da cama repetidamente;<\/li>\n\n\n\n<li>As malas ficaram em cima do carro enquanto nos prepar\u00e1vamos para sair.<\/li>\n<\/ul>\n\n\n\n<h4 class=\"wp-block-heading\" id=\"h-outros-significados-da-expressao\"><strong>Outros significados da express\u00e3o<\/strong><\/h4>\n\n\n\n<p>Como j\u00e1 vimos, al\u00e9m do sentido literal de localiza\u00e7\u00e3o, &#8220;em cima&#8221; tamb\u00e9m \u00e9 utilizado em contextos figurados, podendo transmitir diferentes sentidos, como a ideia de que tudo est\u00e1 bem ou resolvido, a no\u00e7\u00e3o de urg\u00eancia ou realiza\u00e7\u00e3o de algo no \u00faltimo momento, o estado de indecis\u00e3o diante de uma escolha ou ainda o ato de vigiar e acompanhar de perto uma situa\u00e7\u00e3o.<\/p>\n\n\n\n<p>Ademais, em outros casos, em cima pode indicar que algo foi elaborado a partir de determinado argumento ou informa\u00e7\u00e3o, al\u00e9m de tamb\u00e9m poder estar relacionada a situa\u00e7\u00f5es informais em que expressa o ato de paquerar ou demonstrar interesse afetivo por algu\u00e9m. A seguir, veja como aparece em situa\u00e7\u00f5es comuns do dia a dia:<\/p>\n\n\n<style>.wp-block-kadence-advancedgallery .kb-gallery-type-masonry.kb-gallery-id-19971_b40bf5-c2{margin:-5px;}.kb-gallery-type-masonry.kb-gallery-id-19971_b40bf5-c2 .kadence-blocks-gallery-item{padding:5px;}.kb-gallery-id-19971_b40bf5-c2 .kadence-blocks-gallery-item .kb-gal-image-radius, .kb-gallery-id-19971_b40bf5-c2 .kb-slide-item .kb-gal-image-radius img{border-radius:0px 0px 0px 0px;;}<\/style><div class=\"kb-gallery-wrap-id-19971_b40bf5-c2 alignnone wp-block-kadence-advancedgallery\"><ul class=\"kb-gallery-ul kb-gallery-non-static kb-gallery-type-masonry kb-masonry-init kb-gallery-id-19971_b40bf5-c2 kb-gallery-caption-style-bottom-hover kb-gallery-filter-none\" data-image-filter=\"none\" data-item-selector=\".kadence-blocks-gallery-item\" data-lightbox-caption=\"true\" data-columns-xxl=\"3\" data-columns-xl=\"3\" data-columns-md=\"3\" data-columns-sm=\"2\" data-columns-xs=\"1\" data-columns-ss=\"1\"><li class=\"kadence-blocks-gallery-item\" tabindex=\"0\"><div class=\"kadence-blocks-gallery-item-inner\"><figure class=\"kb-gallery-figure kadence-blocks-gallery-item-hide-caption\"><div class=\"kb-gal-image-radius\" style=\"max-width:1080px;\"><div class=\"kb-gallery-image-contain kadence-blocks-gallery-intrinsic\" style=\"padding-bottom:125%;\"><img decoding=\"async\" src=\"https:\/\/www.primecursos.com.br\/blog\/wp-content\/uploads\/2025\/02\/frase-em-cima-viagem-canva.jpg\" width=\"1080\" height=\"1350\" alt=\"frase em cima viagem canva\" data-full-image=\"https:\/\/www.primecursos.com.br\/blog\/wp-content\/uploads\/2025\/02\/frase-em-cima-viagem-canva.jpg\" data-light-image=\"https:\/\/www.primecursos.com.br\/blog\/wp-content\/uploads\/2025\/02\/frase-em-cima-viagem-canva.jpg\" data-id=\"22372\" class=\"wp-image-22372\" srcset=\"https:\/\/www.primecursos.com.br\/blog\/wp-content\/uploads\/2025\/02\/frase-em-cima-viagem-canva.jpg 1080w, https:\/\/www.primecursos.com.br\/blog\/wp-content\/uploads\/2025\/02\/frase-em-cima-viagem-canva-240x300.jpg 240w, https:\/\/www.primecursos.com.br\/blog\/wp-content\/uploads\/2025\/02\/frase-em-cima-viagem-canva-819x1024.jpg 819w, https:\/\/www.primecursos.com.br\/blog\/wp-content\/uploads\/2025\/02\/frase-em-cima-viagem-canva-768x960.jpg 768w, https:\/\/www.primecursos.com.br\/blog\/wp-content\/uploads\/2025\/02\/frase-em-cima-viagem-canva-150x188.jpg 150w\" sizes=\"(max-width: 1080px) 100vw, 1080px\" \/><\/div><\/div><\/figure><\/div><\/li><li class=\"kadence-blocks-gallery-item\" tabindex=\"0\"><div class=\"kadence-blocks-gallery-item-inner\"><figure class=\"kb-gallery-figure kadence-blocks-gallery-item-hide-caption\"><div class=\"kb-gal-image-radius\" style=\"max-width:1080px;\"><div class=\"kb-gallery-image-contain kadence-blocks-gallery-intrinsic\" style=\"padding-bottom:125%;\"><img decoding=\"async\" src=\"https:\/\/www.primecursos.com.br\/blog\/wp-content\/uploads\/2025\/02\/frase-gerente-em-cima-muro-canva.jpg\" width=\"1080\" height=\"1350\" alt=\"frase gerente em cima muro canva\" data-full-image=\"https:\/\/www.primecursos.com.br\/blog\/wp-content\/uploads\/2025\/02\/frase-gerente-em-cima-muro-canva.jpg\" data-light-image=\"https:\/\/www.primecursos.com.br\/blog\/wp-content\/uploads\/2025\/02\/frase-gerente-em-cima-muro-canva.jpg\" data-id=\"22373\" class=\"wp-image-22373\" srcset=\"https:\/\/www.primecursos.com.br\/blog\/wp-content\/uploads\/2025\/02\/frase-gerente-em-cima-muro-canva.jpg 1080w, https:\/\/www.primecursos.com.br\/blog\/wp-content\/uploads\/2025\/02\/frase-gerente-em-cima-muro-canva-240x300.jpg 240w, https:\/\/www.primecursos.com.br\/blog\/wp-content\/uploads\/2025\/02\/frase-gerente-em-cima-muro-canva-819x1024.jpg 819w, https:\/\/www.primecursos.com.br\/blog\/wp-content\/uploads\/2025\/02\/frase-gerente-em-cima-muro-canva-768x960.jpg 768w, https:\/\/www.primecursos.com.br\/blog\/wp-content\/uploads\/2025\/02\/frase-gerente-em-cima-muro-canva-150x188.jpg 150w\" sizes=\"(max-width: 1080px) 100vw, 1080px\" \/><\/div><\/div><\/figure><\/div><\/li><li class=\"kadence-blocks-gallery-item\" tabindex=\"0\"><div class=\"kadence-blocks-gallery-item-inner\"><figure class=\"kb-gallery-figure kadence-blocks-gallery-item-hide-caption\"><div class=\"kb-gal-image-radius\" style=\"max-width:1080px;\"><div class=\"kb-gallery-image-contain kadence-blocks-gallery-intrinsic\" style=\"padding-bottom:125%;\"><img decoding=\"async\" src=\"https:\/\/www.primecursos.com.br\/blog\/wp-content\/uploads\/2025\/02\/frase-noite-em-cima-canva.jpg\" width=\"1080\" height=\"1350\" alt=\"frase noite em cima canva\" data-full-image=\"https:\/\/www.primecursos.com.br\/blog\/wp-content\/uploads\/2025\/02\/frase-noite-em-cima-canva.jpg\" data-light-image=\"https:\/\/www.primecursos.com.br\/blog\/wp-content\/uploads\/2025\/02\/frase-noite-em-cima-canva.jpg\" data-id=\"22374\" class=\"wp-image-22374\" srcset=\"https:\/\/www.primecursos.com.br\/blog\/wp-content\/uploads\/2025\/02\/frase-noite-em-cima-canva.jpg 1080w, https:\/\/www.primecursos.com.br\/blog\/wp-content\/uploads\/2025\/02\/frase-noite-em-cima-canva-240x300.jpg 240w, https:\/\/www.primecursos.com.br\/blog\/wp-content\/uploads\/2025\/02\/frase-noite-em-cima-canva-819x1024.jpg 819w, https:\/\/www.primecursos.com.br\/blog\/wp-content\/uploads\/2025\/02\/frase-noite-em-cima-canva-768x960.jpg 768w, https:\/\/www.primecursos.com.br\/blog\/wp-content\/uploads\/2025\/02\/frase-noite-em-cima-canva-150x188.jpg 150w\" sizes=\"(max-width: 1080px) 100vw, 1080px\" \/><\/div><\/div><\/figure><\/div><\/li><\/ul><\/div>\n\n\n<ul class=\"wp-block-list\">\n<li>Tudo em cima para a viagem de amanh\u00e3?;<\/li>\n\n\n\n<li>Ele passou a noite toda dando em cima dela;<\/li>\n\n\n\n<li>O gerente ainda est\u00e1 em cima do muro sobre a nova contrata\u00e7\u00e3o;<\/li>\n\n\n\n<li>Cheguei em cima da hora para a reuni\u00e3o.<\/li>\n\n\n\n<li>O relat\u00f3rio foi feito em cima dos dados mais recentes.<\/li>\n<\/ul>\n\n\n\n<h2 class=\"wp-block-heading\" id=\"h-como-identificar-qual-forma-usar\"><strong>Como identificar qual forma usar?<\/strong><\/h2>\n\n\n\n<p>Para identificar corretamente quando usar &#8220;encima&#8221; e &#8220;em cima&#8221;, \u00e9 essencial observar o contexto e o papel que a palavra exerce na frase. O primeiro passo \u00e9 analisar se h\u00e1 uma a\u00e7\u00e3o sendo realizada ou apenas a indica\u00e7\u00e3o de uma posi\u00e7\u00e3o. Essa observa\u00e7\u00e3o ajuda a compreender o valor sem\u00e2ntico de cada termo e a escolher a forma adequada.<\/p>\n\n\n\n<p>Se a frase expressar movimento ou a\u00e7\u00e3o de colocar algo sobre outra coisa, deve-se empregar encima, pois trata-se de uma forma verbal derivada de <em>encimar<\/em>. J\u00e1 se a frase indicar posi\u00e7\u00e3o, local ou estado fixo em rela\u00e7\u00e3o a outro elemento, a forma correta \u00e9 em cima, que atua como locu\u00e7\u00e3o adverbial de lugar. Assim, o segredo est\u00e1 em perceber se o termo indica a\u00e7\u00e3o (encima) ou localiza\u00e7\u00e3o (em cima), o que garante clareza e precis\u00e3o na escrita.<\/p>\n\n\n\n<h2 class=\"wp-block-heading\" id=\"h-outras-expressoes-que-podem-gerar-confusao-com-essas-palavras\"><strong>Outras express\u00f5es que podem gerar confus\u00e3o com essas palavras<\/strong><\/h2>\n\n\n\n<p>Para encerrar, \u00e9 importante destacar que as express\u00f5es em cima, por cima e acima, embora pare\u00e7am semelhantes, possuem usos e sentidos espec\u00edficos que n\u00e3o permitem a substitui\u00e7\u00e3o entre elas.<\/p>\n\n\n\n<p>Al\u00e9m disso, \u00e9 comum que a semelhan\u00e7a entre essas express\u00f5es cause confus\u00e3o na escrita. Pois, o fato de acima ser grafado junto leva muitas pessoas a acreditarem que em cima tamb\u00e9m deva ser escrito de forma unida, o que n\u00e3o \u00e9 correto dependendo do contexto.<\/p>\n\n\n\n<ul class=\"wp-block-list\">\n<li><strong>Acima:<\/strong> indica a parte mais alta, marcando posi\u00e7\u00e3o superior em rela\u00e7\u00e3o a algo (hierarquia, altitude ou n\u00edvel). Exemplo: <em>A cordilheira est\u00e1 acima do vale.<\/em><\/li>\n\n\n\n<li><strong>Por cima:<\/strong> indica algo na parte superior, sem contato direto com a superf\u00edcie, frequentemente envolvendo ultrapassar ou passar. Exemplo: <em>O m\u00e9dico passou o instrumento cir\u00fargico por cima do ombro.<\/em><\/li>\n\n\n\n<li><strong>Em cima: <\/strong>indica posi\u00e7\u00e3o superior, geralmente com contato. Exemplo: <em>O gato dorme em cima do cobertor.<\/em><\/li>\n<\/ul>\n\n\n\n<figure class=\"wp-block-image size-full\"><a href=\"https:\/\/www.primecursos.com.br\/blog\/wp-content\/uploads\/2025\/04\/homem-pensando-canva.jpg\"><img decoding=\"async\" width=\"1020\" height=\"680\" src=\"https:\/\/www.primecursos.com.br\/blog\/wp-content\/uploads\/2025\/04\/homem-pensando-canva.jpg\" alt=\"Homem de meia-idade com express\u00e3o pensativa, usando su\u00e9ter lil\u00e1s, olha para o lado com a m\u00e3o no queixo, representando d\u00favida, reflex\u00e3o ou tomada de decis\u00e3o.\" class=\"wp-image-20735\" srcset=\"https:\/\/www.primecursos.com.br\/blog\/wp-content\/uploads\/2025\/04\/homem-pensando-canva.jpg 1020w, https:\/\/www.primecursos.com.br\/blog\/wp-content\/uploads\/2025\/04\/homem-pensando-canva-300x200.jpg 300w, https:\/\/www.primecursos.com.br\/blog\/wp-content\/uploads\/2025\/04\/homem-pensando-canva-768x512.jpg 768w, https:\/\/www.primecursos.com.br\/blog\/wp-content\/uploads\/2025\/04\/homem-pensando-canva-150x100.jpg 150w\" sizes=\"(max-width: 1020px) 100vw, 1020px\" \/><\/a><\/figure>\n\n\n\n<p>Agora que voc\u00ea entendeu a diferen\u00e7a, que tal testar? Crie frases usando \u201cencima\u201d e \u201cem cima\u201d corretamente e veja como a l\u00edngua portuguesa pode ser ainda mais interessante quando entendemos seus detalhes!<\/p>\n\n\n\n<p>Ademais, saber quando usar <strong>&#8220;encima&#8221;<\/strong> e <strong>&#8220;em cima&#8221;<\/strong> \u00e9 uma demonstra\u00e7\u00e3o de aten\u00e7\u00e3o aos detalhes e de bom conhecimento da l\u00edngua portuguesa. Embora tenham a mesma pron\u00fancia, essas express\u00f5es desempenham pap\u00e9is gramaticais completamente diferentes.<\/p>\n\n\n\n<p>Dominar diferen\u00e7as como essa n\u00e3o apenas melhora a escrita, mas tamb\u00e9m fortalece a comunica\u00e7\u00e3o e o entendimento da riqueza da nossa l\u00edngua. Afinal, \u00e9 nos detalhes que se revela o verdadeiro conhecimento do portugu\u00eas.<\/p>\n\n\n\n<h2 class=\"wp-block-heading has-text-align-center\" id=\"h-curso-de-lingua-portuguesa-atualizada-gratis\">Curso de L\u00edngua Portuguesa Atualizada Gr\u00e1tis<\/h2>\n\n\n<div class=\"wp-block-image\">\n<figure class=\"aligncenter size-full is-resized\"><a href=\"https:\/\/www.primecursos.com.br\/blog\/wp-content\/uploads\/2024\/08\/curso-de-lingua-portuguesa-atualizada.webp\"><img decoding=\"async\" width=\"540\" height=\"282\" src=\"https:\/\/www.primecursos.com.br\/blog\/wp-content\/uploads\/2024\/08\/curso-de-lingua-portuguesa-atualizada.webp\" alt=\"curso de l\u00edngua portuguesa atualizada da prime cursos \" class=\"wp-image-16411\" style=\"width:700px;height:auto\" srcset=\"https:\/\/www.primecursos.com.br\/blog\/wp-content\/uploads\/2024\/08\/curso-de-lingua-portuguesa-atualizada.webp 540w, https:\/\/www.primecursos.com.br\/blog\/wp-content\/uploads\/2024\/08\/curso-de-lingua-portuguesa-atualizada-300x157.webp 300w, https:\/\/www.primecursos.com.br\/blog\/wp-content\/uploads\/2024\/08\/curso-de-lingua-portuguesa-atualizada-150x78.webp 150w\" sizes=\"(max-width: 540px) 100vw, 540px\" \/><\/a><\/figure>\n<\/div>\n\n\n<p>Aprimore suas habilidades em L\u00edngua Portuguesa com o <a href=\"https:\/\/www.primecursos.com.br\/lingua-portuguesa-atualizada\/\"><strong>Curso de L\u00edngua Portuguesa Atualizada Online Gr\u00e1tis!<\/strong><\/a> Ideal para quem deseja se preparar para concursos p\u00fablicos ou simplesmente refor\u00e7ar seus conhecimentos. Durante o curso aprenda t\u00f3picos essenciais como gram\u00e1tica, interpreta\u00e7\u00e3o de textos, novas regras ortogr\u00e1ficas, reda\u00e7\u00e3o e muito mais. Com uma carga hor\u00e1ria de 35 horas e sem pr\u00e9-requisitos, voc\u00ea pode come\u00e7ar hoje mesmo e garantir sua qualifica\u00e7\u00e3o profissional com um certificado. Inscreva-se agora e conquiste seu diferencial no mercado de trabalho!<\/p>\n\n\n<style>.wp-block-kadence-advancedbtn.kb-btns16410_0c4703-b3{gap:var(--global-kb-gap-xs, 0.5rem );justify-content:center;align-items:center;}.kt-btns16410_0c4703-b3 .kt-button{font-weight:normal;font-style:normal;}.kt-btns16410_0c4703-b3 .kt-btn-wrap-0{margin-right:5px;}.wp-block-kadence-advancedbtn.kt-btns16410_0c4703-b3 .kt-btn-wrap-0 .kt-button{color:#555555;border-color:#555555;}.wp-block-kadence-advancedbtn.kt-btns16410_0c4703-b3 .kt-btn-wrap-0 .kt-button:hover, .wp-block-kadence-advancedbtn.kt-btns16410_0c4703-b3 .kt-btn-wrap-0 .kt-button:focus{color:#ffffff;border-color:#444444;}.wp-block-kadence-advancedbtn.kt-btns16410_0c4703-b3 .kt-btn-wrap-0 .kt-button::before{display:none;}.wp-block-kadence-advancedbtn.kt-btns16410_0c4703-b3 .kt-btn-wrap-0 .kt-button:hover, .wp-block-kadence-advancedbtn.kt-btns16410_0c4703-b3 .kt-btn-wrap-0 .kt-button:focus{background:#444444;}<\/style>\n<div class=\"wp-block-kadence-advancedbtn kb-buttons-wrap kb-btns16410_0c4703-b3\"><style>ul.menu .wp-block-kadence-advancedbtn .kb-btn16410_334062-4a.kb-button{width:initial;}<\/style><a class=\"kb-button kt-button button kb-btn16410_334062-4a kt-btn-size-xlarge kt-btn-width-type-full kb-btn-global-fill  kt-btn-has-text-true kt-btn-has-svg-false  wp-block-kadence-singlebtn\" href=\"https:\/\/www.primecursos.com.br\/lingua-portuguesa-atualizada\/\"><span class=\"kt-btn-inner-text\"><strong>Curso de L\u00edngua Portuguesa Atualizada Online Gr\u00e1tis<\/strong><\/span><\/a><\/div>\n","protected":false},"excerpt":{"rendered":"<p>Voc\u00ea sabe qual \u00e9 a diferen\u00e7a entre \u201cencima\u201d e \u201cem cima\u201d? Se j\u00e1 ficou em d\u00favida na hora&#8230;<\/p>\n","protected":false},"author":4,"featured_media":19970,"comment_status":"closed","ping_status":"closed","sticky":false,"template":"","format":"standard","meta":{"_kad_blocks_custom_css":"","_kad_blocks_head_custom_js":"","_kad_blocks_body_custom_js":"","_kad_blocks_footer_custom_js":"","_kadence_starter_templates_imported_post":false,"_kad_post_transparent":"default","_kad_post_title":"default","_kad_post_layout":"default","_kad_post_sidebar_id":"","_kad_post_content_style":"default","_kad_post_vertical_padding":"default","_kad_post_feature":"","_kad_post_feature_position":"","_kad_post_header":false,"_kad_post_footer":false,"_kad_post_classname":"","footnotes":""},"categories":[118],"tags":[],"class_list":["post-19971","post","type-post","status-publish","format-standard","has-post-thumbnail","hentry","category-dicas"],"yoast_head":"<!-- This site is optimized with the Yoast SEO plugin v27.5 - https:\/\/yoast.com\/product\/yoast-seo-wordpress\/ -->\n<title>Encima ou Em cima: Qual a diferen\u00e7a e como usar corretamente? | Prime Cursos<\/title>\n<meta name=\"description\" content=\"Descubra a diferen\u00e7a entre &quot;encima&quot; e &quot;em cima&quot; e aprenda a usar corretamente essas express\u00f5es no dia a dia. Leia o post e tire suas d\u00favidas!\" \/>\n<meta name=\"robots\" content=\"index, follow, max-snippet:-1, max-image-preview:large, max-video-preview:-1\" \/>\n<link rel=\"canonical\" href=\"https:\/\/www.primecursos.com.br\/blog\/encima-ou-em-cima-qual-a-diferenca-e-como-usar-corretamente\/\" \/>\n<meta property=\"og:locale\" content=\"pt_BR\" \/>\n<meta property=\"og:type\" content=\"article\" \/>\n<meta property=\"og:title\" content=\"Encima ou Em cima: Qual a diferen\u00e7a e como usar corretamente? | Prime Cursos\" \/>\n<meta property=\"og:description\" content=\"Descubra a diferen\u00e7a entre &quot;encima&quot; e &quot;em cima&quot; e aprenda a usar corretamente essas express\u00f5es no dia a dia. Leia o post e tire suas d\u00favidas!\" \/>\n<meta property=\"og:url\" content=\"https:\/\/www.primecursos.com.br\/blog\/encima-ou-em-cima-qual-a-diferenca-e-como-usar-corretamente\/\" \/>\n<meta property=\"og:site_name\" content=\"Prime Cursos\" \/>\n<meta property=\"article:publisher\" content=\"https:\/\/www.facebook.com\/primecursos\/\" \/>\n<meta property=\"article:published_time\" content=\"2025-11-05T14:24:58+00:00\" \/>\n<meta property=\"article:modified_time\" content=\"2025-11-10T14:43:16+00:00\" \/>\n<meta property=\"og:image\" content=\"https:\/\/www.primecursos.com.br\/blog\/wp-content\/uploads\/2025\/02\/8891477e-9a29-4c33-b437-de2373f45f8d.jpeg\" \/>\n\t<meta property=\"og:image:width\" content=\"795\" \/>\n\t<meta property=\"og:image:height\" content=\"400\" \/>\n\t<meta property=\"og:image:type\" content=\"image\/jpeg\" \/>\n<meta name=\"author\" content=\"Prime Cursos\" \/>\n<meta name=\"twitter:label1\" content=\"Escrito por\" \/>\n\t<meta name=\"twitter:data1\" content=\"Prime Cursos\" \/>\n\t<meta name=\"twitter:label2\" content=\"Est. tempo de leitura\" \/>\n\t<meta name=\"twitter:data2\" content=\"9 minutos\" \/>\n<script type=\"application\/ld+json\" class=\"yoast-schema-graph\">{\"@context\":\"https:\\\/\\\/schema.org\",\"@graph\":[{\"@type\":\"Article\",\"@id\":\"https:\\\/\\\/www.primecursos.com.br\\\/blog\\\/encima-ou-em-cima-qual-a-diferenca-e-como-usar-corretamente\\\/#article\",\"isPartOf\":{\"@id\":\"https:\\\/\\\/www.primecursos.com.br\\\/blog\\\/encima-ou-em-cima-qual-a-diferenca-e-como-usar-corretamente\\\/\"},\"author\":{\"name\":\"Prime Cursos\",\"@id\":\"https:\\\/\\\/www.primecursos.com.br\\\/blog\\\/#\\\/schema\\\/person\\\/bae8996a583c53ecdfb83f6d5e057bc1\"},\"headline\":\"Encima ou Em cima: Qual a diferen\u00e7a e como usar corretamente?\",\"datePublished\":\"2025-11-05T14:24:58+00:00\",\"dateModified\":\"2025-11-10T14:43:16+00:00\",\"mainEntityOfPage\":{\"@id\":\"https:\\\/\\\/www.primecursos.com.br\\\/blog\\\/encima-ou-em-cima-qual-a-diferenca-e-como-usar-corretamente\\\/\"},\"wordCount\":1527,\"publisher\":{\"@id\":\"https:\\\/\\\/www.primecursos.com.br\\\/blog\\\/#organization\"},\"image\":{\"@id\":\"https:\\\/\\\/www.primecursos.com.br\\\/blog\\\/encima-ou-em-cima-qual-a-diferenca-e-como-usar-corretamente\\\/#primaryimage\"},\"thumbnailUrl\":\"https:\\\/\\\/www.primecursos.com.br\\\/blog\\\/wp-content\\\/uploads\\\/2025\\\/02\\\/8891477e-9a29-4c33-b437-de2373f45f8d.jpeg\",\"articleSection\":[\"Dicas\"],\"inLanguage\":\"pt-BR\"},{\"@type\":\"WebPage\",\"@id\":\"https:\\\/\\\/www.primecursos.com.br\\\/blog\\\/encima-ou-em-cima-qual-a-diferenca-e-como-usar-corretamente\\\/\",\"url\":\"https:\\\/\\\/www.primecursos.com.br\\\/blog\\\/encima-ou-em-cima-qual-a-diferenca-e-como-usar-corretamente\\\/\",\"name\":\"Encima ou Em cima: Qual a diferen\u00e7a e como usar corretamente? | Prime Cursos\",\"isPartOf\":{\"@id\":\"https:\\\/\\\/www.primecursos.com.br\\\/blog\\\/#website\"},\"primaryImageOfPage\":{\"@id\":\"https:\\\/\\\/www.primecursos.com.br\\\/blog\\\/encima-ou-em-cima-qual-a-diferenca-e-como-usar-corretamente\\\/#primaryimage\"},\"image\":{\"@id\":\"https:\\\/\\\/www.primecursos.com.br\\\/blog\\\/encima-ou-em-cima-qual-a-diferenca-e-como-usar-corretamente\\\/#primaryimage\"},\"thumbnailUrl\":\"https:\\\/\\\/www.primecursos.com.br\\\/blog\\\/wp-content\\\/uploads\\\/2025\\\/02\\\/8891477e-9a29-4c33-b437-de2373f45f8d.jpeg\",\"datePublished\":\"2025-11-05T14:24:58+00:00\",\"dateModified\":\"2025-11-10T14:43:16+00:00\",\"description\":\"Descubra a diferen\u00e7a entre \\\"encima\\\" e \\\"em cima\\\" e aprenda a usar corretamente essas express\u00f5es no dia a dia. Leia o post e tire suas d\u00favidas!\",\"breadcrumb\":{\"@id\":\"https:\\\/\\\/www.primecursos.com.br\\\/blog\\\/encima-ou-em-cima-qual-a-diferenca-e-como-usar-corretamente\\\/#breadcrumb\"},\"inLanguage\":\"pt-BR\",\"potentialAction\":[{\"@type\":\"ReadAction\",\"target\":[\"https:\\\/\\\/www.primecursos.com.br\\\/blog\\\/encima-ou-em-cima-qual-a-diferenca-e-como-usar-corretamente\\\/\"]}]},{\"@type\":\"ImageObject\",\"inLanguage\":\"pt-BR\",\"@id\":\"https:\\\/\\\/www.primecursos.com.br\\\/blog\\\/encima-ou-em-cima-qual-a-diferenca-e-como-usar-corretamente\\\/#primaryimage\",\"url\":\"https:\\\/\\\/www.primecursos.com.br\\\/blog\\\/wp-content\\\/uploads\\\/2025\\\/02\\\/8891477e-9a29-4c33-b437-de2373f45f8d.jpeg\",\"contentUrl\":\"https:\\\/\\\/www.primecursos.com.br\\\/blog\\\/wp-content\\\/uploads\\\/2025\\\/02\\\/8891477e-9a29-4c33-b437-de2373f45f8d.jpeg\",\"width\":795,\"height\":400,\"caption\":\"8891477e 9a29 4c33 b437 de2373f45f8d\"},{\"@type\":\"BreadcrumbList\",\"@id\":\"https:\\\/\\\/www.primecursos.com.br\\\/blog\\\/encima-ou-em-cima-qual-a-diferenca-e-como-usar-corretamente\\\/#breadcrumb\",\"itemListElement\":[{\"@type\":\"ListItem\",\"position\":1,\"name\":\"In\u00edcio\",\"item\":\"https:\\\/\\\/www.primecursos.com.br\\\/blog\\\/\"},{\"@type\":\"ListItem\",\"position\":2,\"name\":\"Dicas\",\"item\":\"https:\\\/\\\/www.primecursos.com.br\\\/blog\\\/dicas\\\/\"},{\"@type\":\"ListItem\",\"position\":3,\"name\":\"Encima ou Em cima: Qual a diferen\u00e7a e como usar corretamente?\"}]},{\"@type\":\"WebSite\",\"@id\":\"https:\\\/\\\/www.primecursos.com.br\\\/blog\\\/#website\",\"url\":\"https:\\\/\\\/www.primecursos.com.br\\\/blog\\\/\",\"name\":\"Prime Cursos\",\"description\":\"Cursos gr\u00e1tis com certificado v\u00e1lido\",\"publisher\":{\"@id\":\"https:\\\/\\\/www.primecursos.com.br\\\/blog\\\/#organization\"},\"potentialAction\":[{\"@type\":\"SearchAction\",\"target\":{\"@type\":\"EntryPoint\",\"urlTemplate\":\"https:\\\/\\\/www.primecursos.com.br\\\/blog\\\/?s={search_term_string}\"},\"query-input\":{\"@type\":\"PropertyValueSpecification\",\"valueRequired\":true,\"valueName\":\"search_term_string\"}}],\"inLanguage\":\"pt-BR\"},{\"@type\":\"Organization\",\"@id\":\"https:\\\/\\\/www.primecursos.com.br\\\/blog\\\/#organization\",\"name\":\"Prime Cursos Online\",\"url\":\"https:\\\/\\\/www.primecursos.com.br\\\/blog\\\/\",\"logo\":{\"@type\":\"ImageObject\",\"inLanguage\":\"pt-BR\",\"@id\":\"https:\\\/\\\/www.primecursos.com.br\\\/blog\\\/#\\\/schema\\\/logo\\\/image\\\/\",\"url\":\"https:\\\/\\\/www.primecursos.com.br\\\/blog\\\/wp-content\\\/uploads\\\/2018\\\/03\\\/prime-cursos-gratis-online-logo-070318b-1.png\",\"contentUrl\":\"https:\\\/\\\/www.primecursos.com.br\\\/blog\\\/wp-content\\\/uploads\\\/2018\\\/03\\\/prime-cursos-gratis-online-logo-070318b-1.png\",\"width\":330,\"height\":80,\"caption\":\"Prime Cursos Online\"},\"image\":{\"@id\":\"https:\\\/\\\/www.primecursos.com.br\\\/blog\\\/#\\\/schema\\\/logo\\\/image\\\/\"},\"sameAs\":[\"https:\\\/\\\/www.facebook.com\\\/primecursos\\\/\",\"https:\\\/\\\/x.com\\\/primecursosbr\"]},{\"@type\":\"Person\",\"@id\":\"https:\\\/\\\/www.primecursos.com.br\\\/blog\\\/#\\\/schema\\\/person\\\/bae8996a583c53ecdfb83f6d5e057bc1\",\"name\":\"Prime Cursos\",\"image\":{\"@type\":\"ImageObject\",\"inLanguage\":\"pt-BR\",\"@id\":\"https:\\\/\\\/secure.gravatar.com\\\/avatar\\\/93f096802631e10882ddc586d19be9df70f23a82a91f309ccc98e708c6d98c4b?s=96&d=mm&r=g\",\"url\":\"https:\\\/\\\/secure.gravatar.com\\\/avatar\\\/93f096802631e10882ddc586d19be9df70f23a82a91f309ccc98e708c6d98c4b?s=96&d=mm&r=g\",\"contentUrl\":\"https:\\\/\\\/secure.gravatar.com\\\/avatar\\\/93f096802631e10882ddc586d19be9df70f23a82a91f309ccc98e708c6d98c4b?s=96&d=mm&r=g\",\"caption\":\"Prime Cursos\"},\"url\":\"https:\\\/\\\/www.primecursos.com.br\\\/blog\\\/author\\\/ticivitoria\\\/\"}]}<\/script>\n<!-- \/ Yoast SEO plugin. -->","yoast_head_json":{"title":"Encima ou Em cima: Qual a diferen\u00e7a e como usar corretamente? | Prime Cursos","description":"Descubra a diferen\u00e7a entre \"encima\" e \"em cima\" e aprenda a usar corretamente essas express\u00f5es no dia a dia. Leia o post e tire suas d\u00favidas!","robots":{"index":"index","follow":"follow","max-snippet":"max-snippet:-1","max-image-preview":"max-image-preview:large","max-video-preview":"max-video-preview:-1"},"canonical":"https:\/\/www.primecursos.com.br\/blog\/encima-ou-em-cima-qual-a-diferenca-e-como-usar-corretamente\/","og_locale":"pt_BR","og_type":"article","og_title":"Encima ou Em cima: Qual a diferen\u00e7a e como usar corretamente? | Prime Cursos","og_description":"Descubra a diferen\u00e7a entre \"encima\" e \"em cima\" e aprenda a usar corretamente essas express\u00f5es no dia a dia. Leia o post e tire suas d\u00favidas!","og_url":"https:\/\/www.primecursos.com.br\/blog\/encima-ou-em-cima-qual-a-diferenca-e-como-usar-corretamente\/","og_site_name":"Prime Cursos","article_publisher":"https:\/\/www.facebook.com\/primecursos\/","article_published_time":"2025-11-05T14:24:58+00:00","article_modified_time":"2025-11-10T14:43:16+00:00","og_image":[{"width":795,"height":400,"url":"https:\/\/www.primecursos.com.br\/blog\/wp-content\/uploads\/2025\/02\/8891477e-9a29-4c33-b437-de2373f45f8d.jpeg","type":"image\/jpeg"}],"author":"Prime Cursos","twitter_misc":{"Escrito por":"Prime Cursos","Est. tempo de leitura":"9 minutos"},"schema":{"@context":"https:\/\/schema.org","@graph":[{"@type":"Article","@id":"https:\/\/www.primecursos.com.br\/blog\/encima-ou-em-cima-qual-a-diferenca-e-como-usar-corretamente\/#article","isPartOf":{"@id":"https:\/\/www.primecursos.com.br\/blog\/encima-ou-em-cima-qual-a-diferenca-e-como-usar-corretamente\/"},"author":{"name":"Prime Cursos","@id":"https:\/\/www.primecursos.com.br\/blog\/#\/schema\/person\/bae8996a583c53ecdfb83f6d5e057bc1"},"headline":"Encima ou Em cima: Qual a diferen\u00e7a e como usar corretamente?","datePublished":"2025-11-05T14:24:58+00:00","dateModified":"2025-11-10T14:43:16+00:00","mainEntityOfPage":{"@id":"https:\/\/www.primecursos.com.br\/blog\/encima-ou-em-cima-qual-a-diferenca-e-como-usar-corretamente\/"},"wordCount":1527,"publisher":{"@id":"https:\/\/www.primecursos.com.br\/blog\/#organization"},"image":{"@id":"https:\/\/www.primecursos.com.br\/blog\/encima-ou-em-cima-qual-a-diferenca-e-como-usar-corretamente\/#primaryimage"},"thumbnailUrl":"https:\/\/www.primecursos.com.br\/blog\/wp-content\/uploads\/2025\/02\/8891477e-9a29-4c33-b437-de2373f45f8d.jpeg","articleSection":["Dicas"],"inLanguage":"pt-BR"},{"@type":"WebPage","@id":"https:\/\/www.primecursos.com.br\/blog\/encima-ou-em-cima-qual-a-diferenca-e-como-usar-corretamente\/","url":"https:\/\/www.primecursos.com.br\/blog\/encima-ou-em-cima-qual-a-diferenca-e-como-usar-corretamente\/","name":"Encima ou Em cima: Qual a diferen\u00e7a e como usar corretamente? | Prime Cursos","isPartOf":{"@id":"https:\/\/www.primecursos.com.br\/blog\/#website"},"primaryImageOfPage":{"@id":"https:\/\/www.primecursos.com.br\/blog\/encima-ou-em-cima-qual-a-diferenca-e-como-usar-corretamente\/#primaryimage"},"image":{"@id":"https:\/\/www.primecursos.com.br\/blog\/encima-ou-em-cima-qual-a-diferenca-e-como-usar-corretamente\/#primaryimage"},"thumbnailUrl":"https:\/\/www.primecursos.com.br\/blog\/wp-content\/uploads\/2025\/02\/8891477e-9a29-4c33-b437-de2373f45f8d.jpeg","datePublished":"2025-11-05T14:24:58+00:00","dateModified":"2025-11-10T14:43:16+00:00","description":"Descubra a diferen\u00e7a entre \"encima\" e \"em cima\" e aprenda a usar corretamente essas express\u00f5es no dia a dia. Leia o post e tire suas d\u00favidas!","breadcrumb":{"@id":"https:\/\/www.primecursos.com.br\/blog\/encima-ou-em-cima-qual-a-diferenca-e-como-usar-corretamente\/#breadcrumb"},"inLanguage":"pt-BR","potentialAction":[{"@type":"ReadAction","target":["https:\/\/www.primecursos.com.br\/blog\/encima-ou-em-cima-qual-a-diferenca-e-como-usar-corretamente\/"]}]},{"@type":"ImageObject","inLanguage":"pt-BR","@id":"https:\/\/www.primecursos.com.br\/blog\/encima-ou-em-cima-qual-a-diferenca-e-como-usar-corretamente\/#primaryimage","url":"https:\/\/www.primecursos.com.br\/blog\/wp-content\/uploads\/2025\/02\/8891477e-9a29-4c33-b437-de2373f45f8d.jpeg","contentUrl":"https:\/\/www.primecursos.com.br\/blog\/wp-content\/uploads\/2025\/02\/8891477e-9a29-4c33-b437-de2373f45f8d.jpeg","width":795,"height":400,"caption":"8891477e 9a29 4c33 b437 de2373f45f8d"},{"@type":"BreadcrumbList","@id":"https:\/\/www.primecursos.com.br\/blog\/encima-ou-em-cima-qual-a-diferenca-e-como-usar-corretamente\/#breadcrumb","itemListElement":[{"@type":"ListItem","position":1,"name":"In\u00edcio","item":"https:\/\/www.primecursos.com.br\/blog\/"},{"@type":"ListItem","position":2,"name":"Dicas","item":"https:\/\/www.primecursos.com.br\/blog\/dicas\/"},{"@type":"ListItem","position":3,"name":"Encima ou Em cima: Qual a diferen\u00e7a e como usar corretamente?"}]},{"@type":"WebSite","@id":"https:\/\/www.primecursos.com.br\/blog\/#website","url":"https:\/\/www.primecursos.com.br\/blog\/","name":"Prime Cursos","description":"Cursos gr\u00e1tis com certificado v\u00e1lido","publisher":{"@id":"https:\/\/www.primecursos.com.br\/blog\/#organization"},"potentialAction":[{"@type":"SearchAction","target":{"@type":"EntryPoint","urlTemplate":"https:\/\/www.primecursos.com.br\/blog\/?s={search_term_string}"},"query-input":{"@type":"PropertyValueSpecification","valueRequired":true,"valueName":"search_term_string"}}],"inLanguage":"pt-BR"},{"@type":"Organization","@id":"https:\/\/www.primecursos.com.br\/blog\/#organization","name":"Prime Cursos Online","url":"https:\/\/www.primecursos.com.br\/blog\/","logo":{"@type":"ImageObject","inLanguage":"pt-BR","@id":"https:\/\/www.primecursos.com.br\/blog\/#\/schema\/logo\/image\/","url":"https:\/\/www.primecursos.com.br\/blog\/wp-content\/uploads\/2018\/03\/prime-cursos-gratis-online-logo-070318b-1.png","contentUrl":"https:\/\/www.primecursos.com.br\/blog\/wp-content\/uploads\/2018\/03\/prime-cursos-gratis-online-logo-070318b-1.png","width":330,"height":80,"caption":"Prime Cursos Online"},"image":{"@id":"https:\/\/www.primecursos.com.br\/blog\/#\/schema\/logo\/image\/"},"sameAs":["https:\/\/www.facebook.com\/primecursos\/","https:\/\/x.com\/primecursosbr"]},{"@type":"Person","@id":"https:\/\/www.primecursos.com.br\/blog\/#\/schema\/person\/bae8996a583c53ecdfb83f6d5e057bc1","name":"Prime Cursos","image":{"@type":"ImageObject","inLanguage":"pt-BR","@id":"https:\/\/secure.gravatar.com\/avatar\/93f096802631e10882ddc586d19be9df70f23a82a91f309ccc98e708c6d98c4b?s=96&d=mm&r=g","url":"https:\/\/secure.gravatar.com\/avatar\/93f096802631e10882ddc586d19be9df70f23a82a91f309ccc98e708c6d98c4b?s=96&d=mm&r=g","contentUrl":"https:\/\/secure.gravatar.com\/avatar\/93f096802631e10882ddc586d19be9df70f23a82a91f309ccc98e708c6d98c4b?s=96&d=mm&r=g","caption":"Prime Cursos"},"url":"https:\/\/www.primecursos.com.br\/blog\/author\/ticivitoria\/"}]}},"taxonomy_info":{"category":[{"value":118,"label":"Dicas"}]},"featured_image_src_large":["https:\/\/www.primecursos.com.br\/blog\/wp-content\/uploads\/2025\/02\/8891477e-9a29-4c33-b437-de2373f45f8d.jpeg",795,400,false],"author_info":{"display_name":"Prime Cursos","author_link":"https:\/\/www.primecursos.com.br\/blog\/author\/ticivitoria\/"},"comment_info":0,"category_info":[{"term_id":118,"name":"Dicas","slug":"dicas","term_group":0,"term_taxonomy_id":118,"taxonomy":"category","description":"","parent":0,"count":60,"filter":"raw","cat_ID":118,"category_count":60,"category_description":"","cat_name":"Dicas","category_nicename":"dicas","category_parent":0}],"tag_info":false,"_links":{"self":[{"href":"https:\/\/www.primecursos.com.br\/blog\/wp-json\/wp\/v2\/posts\/19971","targetHints":{"allow":["GET"]}}],"collection":[{"href":"https:\/\/www.primecursos.com.br\/blog\/wp-json\/wp\/v2\/posts"}],"about":[{"href":"https:\/\/www.primecursos.com.br\/blog\/wp-json\/wp\/v2\/types\/post"}],"author":[{"embeddable":true,"href":"https:\/\/www.primecursos.com.br\/blog\/wp-json\/wp\/v2\/users\/4"}],"replies":[{"embeddable":true,"href":"https:\/\/www.primecursos.com.br\/blog\/wp-json\/wp\/v2\/comments?post=19971"}],"version-history":[{"count":0,"href":"https:\/\/www.primecursos.com.br\/blog\/wp-json\/wp\/v2\/posts\/19971\/revisions"}],"wp:featuredmedia":[{"embeddable":true,"href":"https:\/\/www.primecursos.com.br\/blog\/wp-json\/wp\/v2\/media\/19970"}],"wp:attachment":[{"href":"https:\/\/www.primecursos.com.br\/blog\/wp-json\/wp\/v2\/media?parent=19971"}],"wp:term":[{"taxonomy":"category","embeddable":true,"href":"https:\/\/www.primecursos.com.br\/blog\/wp-json\/wp\/v2\/categories?post=19971"},{"taxonomy":"post_tag","embeddable":true,"href":"https:\/\/www.primecursos.com.br\/blog\/wp-json\/wp\/v2\/tags?post=19971"}],"curies":[{"name":"wp","href":"https:\/\/api.w.org\/{rel}","templated":true}]}}