{"id":20476,"date":"2025-04-23T10:30:00","date_gmt":"2025-04-23T10:30:00","guid":{"rendered":"https:\/\/www.primecursos.com.br\/blog\/?p=20476"},"modified":"2025-03-31T21:47:34","modified_gmt":"2025-03-31T21:47:34","slug":"mudancas-na-lei-do-seguro-desemprego","status":"publish","type":"post","link":"https:\/\/www.primecursos.com.br\/blog\/mudancas-na-lei-do-seguro-desemprego\/","title":{"rendered":"Conhe\u00e7a as Mudan\u00e7as Recentes na Lei do Seguro-Desemprego"},"content":{"rendered":"\n<p>O Seguro-Desemprego \u00e9 um dos direitos mais importantes dos trabalhadores brasileiros, oferecendo um suporte financeiro tempor\u00e1rio para aqueles que enfrentam uma demiss\u00e3o sem justa causa.<\/p>\n\n\n\n<p>Criado para garantir uma transi\u00e7\u00e3o mais segura entre empregos, esse benef\u00edcio passou por diversas mudan\u00e7as ao longo dos anos. No entanto, muitas pessoas ainda t\u00eam em mente as regras antigas e desconhecem as atualiza\u00e7\u00f5es recentes. Neste post, vamos detalhar as principais altera\u00e7\u00f5es e como elas impactam diretamente quem precisa recorrer a esse direito.<\/p>\n\n\n\n<!--more-->\n\n\n\n<h2 class=\"wp-block-heading\" id=\"h-qual-legislacao-rege-o-seguro-desemprego\">Qual legisla\u00e7\u00e3o rege o seguro-desemprego?<\/h2>\n\n\n\n<p>A Lei 7.998\/1990 \u00e9 a legisla\u00e7\u00e3o que regulamenta o Programa do Seguro-Desemprego no Brasil. O benef\u00edcio, inspirado em modelos europeus, foi inicialmente criado em 1986, durante o Plano Cruzado, como parte das <a href=\"https:\/\/www12.senado.leg.br\/noticias\/materias\/2003\/04\/29\/sarney-lembra-criacao-do-seguro-desemprego-em-seu-governo\" target=\"_blank\" rel=\"noreferrer noopener nofollow\">pol\u00edticas sociais do governo de Jos\u00e9 Sarney<\/a>. Entretanto, foi consolidado pela constitui\u00e7\u00e3o apenas em 1988.<\/p>\n\n\n\n<figure class=\"wp-block-image size-large\"><a href=\"https:\/\/www.primecursos.com.br\/blog\/wp-content\/uploads\/2025\/03\/advogados-atualizacoes-seguro-desemprego-canva.jpg\"><img decoding=\"async\" width=\"1024\" height=\"768\" src=\"https:\/\/www.primecursos.com.br\/blog\/wp-content\/uploads\/2025\/03\/advogados-atualizacoes-seguro-desemprego-canva-1024x768.jpg\" alt=\"Grupo de advogados reunidos em uma mesa, analisando e discutindo as atualiza\u00e7\u00f5es na legisla\u00e7\u00e3o que regulamenta o seguro-desemprego. Livros e dispositivos eletr\u00f4nicos est\u00e3o sobre a mesa enquanto eles estudam as mudan\u00e7as legais.\" class=\"wp-image-20491\" srcset=\"https:\/\/www.primecursos.com.br\/blog\/wp-content\/uploads\/2025\/03\/advogados-atualizacoes-seguro-desemprego-canva-1024x768.jpg 1024w, https:\/\/www.primecursos.com.br\/blog\/wp-content\/uploads\/2025\/03\/advogados-atualizacoes-seguro-desemprego-canva-300x225.jpg 300w, https:\/\/www.primecursos.com.br\/blog\/wp-content\/uploads\/2025\/03\/advogados-atualizacoes-seguro-desemprego-canva-768x576.jpg 768w, https:\/\/www.primecursos.com.br\/blog\/wp-content\/uploads\/2025\/03\/advogados-atualizacoes-seguro-desemprego-canva-150x113.jpg 150w, https:\/\/www.primecursos.com.br\/blog\/wp-content\/uploads\/2025\/03\/advogados-atualizacoes-seguro-desemprego-canva.jpg 1200w\" sizes=\"(max-width: 1024px) 100vw, 1024px\" \/><\/a><\/figure>\n\n\n\n<p>Ademais, essa lei tamb\u00e9m instituiu o Fundo de Amparo ao Trabalhador (FAT), criado pelo Congresso Nacional em 1990. O FAT passou a ser a principal fonte de financiamento do seguro-desemprego, permitindo a amplia\u00e7\u00e3o da cobertura do benef\u00edcio e a melhoria de seus valores. Al\u00e9m disso, esse fundo tamb\u00e9m custeia programas de qualifica\u00e7\u00e3o profissional e o pagamento do abono salarial para trabalhadores de baixa renda.<\/p>\n\n\n\n<p>Por fim, ao longo dos anos, a <a href=\"https:\/\/www.planalto.gov.br\/ccivil_03\/leis\/l7998.htm\" target=\"_blank\" rel=\"noreferrer noopener nofollow\">Lei 7.998\/1990<\/a> passou por diversas atualiza\u00e7\u00f5es, sempre com o objetivo de modernizar o sistema e ampliar o acesso ao benef\u00edcio para um n\u00famero maior de trabalhadores brasileiros.<\/p>\n\n\n\n<h2 class=\"wp-block-heading\" id=\"h-principais-alteracoes-na-lei-do-seguro-desemprego\">Principais altera\u00e7\u00f5es na lei do seguro-desemprego<\/h2>\n\n\n\n<p>Desde sua cria\u00e7\u00e3o, o Seguro-Desemprego tem sido ajustado para acompanhar as transforma\u00e7\u00f5es do mercado de trabalho e garantir que continue atendendo \u00e0s necessidades dos brasileiros. Logo, suas atualiza\u00e7\u00f5es foram implementadas para garantir um benef\u00edcio mais justo, ampliar sua abrang\u00eancia e facilitar o acesso dos trabalhadores.<\/p>\n\n\n\n<figure class=\"wp-block-embed is-type-video is-provider-youtube wp-block-embed-youtube wp-embed-aspect-16-9 wp-has-aspect-ratio\"><div class=\"wp-block-embed__wrapper\">\n<iframe title=\"\ud83d\udea8 Seguro-Desemprego Atualizado! Veja o que mudou e como solicitar online \ud83d\udcbc\ud83d\udcf2\" width=\"720\" height=\"405\" src=\"https:\/\/www.youtube.com\/embed\/lkAFitbaSRY?feature=oembed\" frameborder=\"0\" allow=\"accelerometer; autoplay; clipboard-write; encrypted-media; gyroscope; picture-in-picture; web-share\" referrerpolicy=\"strict-origin-when-cross-origin\" allowfullscreen><\/iframe>\n<\/div><\/figure>\n\n\n\n<p><strong>Confira o podcast completo:<\/strong>&nbsp;<a href=\"https:\/\/www.youtube.com\/watch?v=uH4it4IGNxs\" target=\"_blank\" rel=\"noreferrer noopener nofollow\">\ud83c\udf99\ufe0fSeguro-Desemprego: Tudo que Voc\u00ea Precisa Saber com o Dr. Marcus Mingardi!\ud83d\udcbc\u2705<\/a><\/p>\n\n\n\n<p>Para isso, novas regras surgiram regulamentando sua concess\u00e3o e otimizando o processo de solicita\u00e7\u00e3o, garantindo um suporte mais eficiente para quem precisa desse aux\u00edlio tempor\u00e1rio. A seguir, confira as principais altera\u00e7\u00f5es que ocorreram e como elas impactam quem precisa do benef\u00edcio:<\/p>\n\n\n\n<h3 class=\"wp-block-heading\" id=\"h-3-expansao-para-novos-modelos-de-trabalho\">3. Expans\u00e3o para novos modelos de trabalho<\/h3>\n\n\n\n<p>Com a moderniza\u00e7\u00e3o das rela\u00e7\u00f5es de trabalho, o mercado passou a contar com novos formatos de contrata\u00e7\u00e3o, exigindo adequa\u00e7\u00f5es na legisla\u00e7\u00e3o do seguro-desemprego. Logo, para acompanhar essa evolu\u00e7\u00e3o, o benef\u00edcio foi expandido para incluir trabalhadores intermitentes e aqueles que desempenham suas fun\u00e7\u00f5es de forma remota.<\/p>\n\n\n\n<blockquote class=\"wp-block-quote is-layout-flow wp-block-quote-is-layout-flow\">\n<p>A Justi\u00e7a do Trabalho passou por uma moderniza\u00e7\u00e3o muito grande e todos os contratos de trabalho tamb\u00e9m passaram por essa atualiza\u00e7\u00e3o. Hoje, n\u00f3s temos v\u00e1rios tipos de trabalho: trabalho intermitente e trabalho a dist\u00e2ncia. Ent\u00e3o ele [Seguro-desemprego] est\u00e1 abrangendo todos esses trabalhos de forma integral, desde que haja o registro e seja reconhecido como emprego.<\/p>\n<cite><a href=\"https:\/\/www.youtube.com\/watch?v=uH4it4IGNxs\" target=\"_blank\" rel=\"noreferrer noopener nofollow\">Dr. Marcus Mingardi em entrevista para a Primecast<\/a><\/cite><\/blockquote>\n\n\n\n<p>Essa amplia\u00e7\u00e3o visa garantir que profissionais inseridos em novas din\u00e2micas de trabalho tenham acesso ao mesmo direito de prote\u00e7\u00e3o em casos de demiss\u00e3o involunt\u00e1ria, desde que cumpram os requisitos exigidos para receber o aux\u00edlio. Dessa forma, o seguro-desemprego se adapta \u00e0s transforma\u00e7\u00f5es do mercado sem comprometer sua estrutura e finalidade.<\/p>\n\n\n\n<h3 class=\"wp-block-heading\" id=\"h-2-valor-do-beneficio-vinculado-ao-salario-minimo\">2. Valor do benef\u00edcio vinculado ao sal\u00e1rio m\u00ednimo<\/h3>\n\n\n\n<p>Uma das mudan\u00e7as mais significativas foi a estipula\u00e7\u00e3o do valor m\u00ednimo do benef\u00edcio com base no sal\u00e1rio m\u00ednimo vigente, garantindo que nenhum trabalhador receba abaixo desse patamar.<\/p>\n\n\n\n<p>Al\u00e9m disso, a <a href=\"https:\/\/www.primecursos.com.br\/blog\/direito-seguro-desemprego-quais-requisitos\">f\u00f3rmula de c\u00e1lculo<\/a> tamb\u00e9m foi ajustada para oferecer um suporte financeiro mais adequado. Para quem tem sal\u00e1rio m\u00e9dio de at\u00e9 R$2.138,76, o aux\u00edlio corresponde a 80% desse valor. J\u00e1 para aqueles com sal\u00e1rio m\u00e9dio entre R$2.138,77 e R$3.564,96, o valor excedente a R$2.138,76 ser\u00e1 mutiplicado e somado a R$1.711,01.<\/p>\n\n\n\n<figure class=\"wp-block-pullquote\"><blockquote><p>\u00a7 2\u00ba O valor do benef\u00edcio n\u00e3o poder\u00e1 ser inferior ao valor do sal\u00e1rio m\u00ednimo.<\/p><cite><a href=\"https:\/\/www.planalto.gov.br\/ccivil_03\/leis\/l7998.htm\" target=\"_blank\" rel=\"noreferrer noopener nofollow\">\u00a7 2\u00ba do artigo 5\u00b0 da lei 7.998\/1990<\/a><\/cite><\/blockquote><\/figure>\n\n\n\n<p>Por fim, quem recebe acima de R$3.564,96 tem direito a um valor fixo de R$2.424,11. Essas mudan\u00e7as garantem um aux\u00edlio mais equilibrado, ajustado ao hist\u00f3rico salarial do trabalhador.<\/p>\n\n\n\n<h3 class=\"wp-block-heading\" id=\"h-1-digitalizacao-do-processo\">1. Digitaliza\u00e7\u00e3o do Processo<\/h3>\n\n\n\n<p>Outra mudan\u00e7a expressiva foi a digitaliza\u00e7\u00e3o do processo de solicita\u00e7\u00e3o, tornando o acesso ao seguro-desemprego mais \u00e1gil e eficiente. Atualmente, os trabalhadores podem realizar o pedido sem precisar comparecer fisicamente, reduzindo o desgaste e otimizando o tempo.<\/p>\n\n\n\n<p>O benef\u00edcio pode ser solicitado de maneira totalmente online por meio do aplicativo da Carteira de Trabalho Digital e do portal Emprega Brasil. Com essa moderniza\u00e7\u00e3o, o governo garantiu mais acessibilidade ao processo, facilitando a vida de quem precisa do aux\u00edlio.<\/p>\n\n\n\n<h2 class=\"wp-block-heading\">Por que \u00e9 importante que essas adapta\u00e7\u00f5es ocorram?<\/h2>\n\n\n\n<p>A moderniza\u00e7\u00e3o das leis trabalhistas \u00e9 essencial para garantir que os direitos dos trabalhadores acompanhem as transforma\u00e7\u00f5es do mercado de trabalho. Pois, com a evolu\u00e7\u00e3o das formas de emprego, novas demandas surgem, exigindo ajustes na legisla\u00e7\u00e3o para que os benef\u00edcios sejam acess\u00edveis a um n\u00famero maior de pessoas e reflitam a realidade econ\u00f4mica do pa\u00eds.<\/p>\n\n\n\n<p>Dessa forma, garantir que o seguro-desemprego e outros aux\u00edlios estejam alinhados a essas mudan\u00e7as \u00e9 fundamental para oferecer suporte adequado aos trabalhadores em diferentes cen\u00e1rios profissionais.<\/p>\n\n\n\n<figure class=\"wp-block-image size-large\"><a href=\"https:\/\/www.primecursos.com.br\/blog\/wp-content\/uploads\/2025\/03\/advogada-lendo-seguro-desemprego-canva.jpg\"><img decoding=\"async\" width=\"1024\" height=\"768\" src=\"https:\/\/www.primecursos.com.br\/blog\/wp-content\/uploads\/2025\/03\/advogada-lendo-seguro-desemprego-canva-1024x768.jpg\" alt=\"Advogada lendo em seu laptop as principais altera\u00e7\u00f5es que ocorreram na Lei sobre o seguro-desemprego, enquanto faz anota\u00e7\u00f5es.\" class=\"wp-image-20494\" srcset=\"https:\/\/www.primecursos.com.br\/blog\/wp-content\/uploads\/2025\/03\/advogada-lendo-seguro-desemprego-canva-1024x768.jpg 1024w, https:\/\/www.primecursos.com.br\/blog\/wp-content\/uploads\/2025\/03\/advogada-lendo-seguro-desemprego-canva-300x225.jpg 300w, https:\/\/www.primecursos.com.br\/blog\/wp-content\/uploads\/2025\/03\/advogada-lendo-seguro-desemprego-canva-768x576.jpg 768w, https:\/\/www.primecursos.com.br\/blog\/wp-content\/uploads\/2025\/03\/advogada-lendo-seguro-desemprego-canva-150x113.jpg 150w, https:\/\/www.primecursos.com.br\/blog\/wp-content\/uploads\/2025\/03\/advogada-lendo-seguro-desemprego-canva.jpg 1200w\" sizes=\"(max-width: 1024px) 100vw, 1024px\" \/><\/a><\/figure>\n\n\n\n<p>Desde sua cria\u00e7\u00e3o, o seguro-desemprego passou por diversas mudan\u00e7as, sempre com o objetivo de ampliar sua abrang\u00eancia e tornar seu acesso mais eficiente.<\/p>\n\n\n\n<p>Dito isso, as atualiza\u00e7\u00f5es recentes permitiram a adapta\u00e7\u00e3o do benef\u00edcio a novas din\u00e2micas de trabalho, garantindo que profissionais de diferentes categorias tenham direito ao suporte. Al\u00e9m disso, a vincula\u00e7\u00e3o ao sal\u00e1rio m\u00ednimo assegura que o valor pago seja condizente com as necessidades b\u00e1sicas do trabalhador, evitando defasagens e desigualdades no acesso ao benef\u00edcio.<\/p>\n\n\n\n<p>Por fim, essas mudan\u00e7as refor\u00e7am o papel social do seguro-desemprego e sua import\u00e2ncia na manuten\u00e7\u00e3o da estabilidade financeira dos empregados. Por isso,&nbsp;\u00e9 essencial que eles conhe\u00e7am seus direitos e fiquem atentos \u00e0s novas regras para garantir o acesso ao aux\u00edlio quando necess\u00e1rio.<\/p>\n\n\n\n<h2 class=\"wp-block-heading\" id=\"h-cursos-para-conseguir-um-novo-emprego\">Cursos para conseguir um novo emprego<\/h2>\n\n\n\n<p> Cursos podem qualificar uma pessoa para conseguir um novo emprego ao fornecer conhecimento, habilidades e certifica\u00e7\u00f5es relevantes para a \u00e1rea desejada, demonstrando um compromisso com o aprendizado cont\u00ednuo e ampliando sua rede profissional. Isso torna os candidatos mais atraentes para os empregadores, aumentando suas chances de sucesso no mercado de trabalho.<\/p>\n\n\n\n<p>Na Prime voc\u00ea encontra Cursos Gratuitos com Certificado de Conclus\u00e3o v\u00e1lido para: atividades extracurriculares, avalia\u00e7\u00f5es de empresas, provas de t\u00edtulos, concursos p\u00fablicos, enriquecer o seu curr\u00edculo e muito mais!<\/p>\n\n\n<style>.wp-block-kadence-advancedbtn.kb-btns11571_a53df1-89{gap:var(--global-kb-gap-xs, 0.5rem );justify-content:center;align-items:center;}.kt-btns11571_a53df1-89 .kt-button{font-weight:normal;font-style:normal;}.kt-btns11571_a53df1-89 .kt-btn-wrap-0{margin-right:5px;}.wp-block-kadence-advancedbtn.kt-btns11571_a53df1-89 .kt-btn-wrap-0 .kt-button{color:#555555;border-color:#555555;}.wp-block-kadence-advancedbtn.kt-btns11571_a53df1-89 .kt-btn-wrap-0 .kt-button:hover, .wp-block-kadence-advancedbtn.kt-btns11571_a53df1-89 .kt-btn-wrap-0 .kt-button:focus{color:#ffffff;border-color:#444444;}.wp-block-kadence-advancedbtn.kt-btns11571_a53df1-89 .kt-btn-wrap-0 .kt-button::before{display:none;}.wp-block-kadence-advancedbtn.kt-btns11571_a53df1-89 .kt-btn-wrap-0 .kt-button:hover, .wp-block-kadence-advancedbtn.kt-btns11571_a53df1-89 .kt-btn-wrap-0 .kt-button:focus{background:#444444;}<\/style>\n<div class=\"wp-block-kadence-advancedbtn kb-buttons-wrap kb-btns11571_a53df1-89\"><style>ul.menu .wp-block-kadence-advancedbtn .kb-btn11571_5758c4-2a.kb-button{width:initial;}<\/style><a class=\"kb-button kt-button button kb-btn11571_5758c4-2a kt-btn-size-xlarge kt-btn-width-type-full kb-btn-global-fill  kt-btn-has-text-true kt-btn-has-svg-false  wp-block-kadence-singlebtn\" href=\"https:\/\/www.primecursos.com.br\/\"><span class=\"kt-btn-inner-text\">Cursos Gr\u00e1tis Online<\/span><\/a><\/div>\n","protected":false},"excerpt":{"rendered":"<p>O Seguro-Desemprego \u00e9 um dos direitos mais importantes dos trabalhadores brasileiros, oferecendo um suporte financeiro tempor\u00e1rio para aqueles&#8230;<\/p>\n","protected":false},"author":25,"featured_media":20499,"comment_status":"closed","ping_status":"closed","sticky":false,"template":"","format":"standard","meta":{"_kad_blocks_custom_css":"","_kad_blocks_head_custom_js":"","_kad_blocks_body_custom_js":"","_kad_blocks_footer_custom_js":"","_kadence_starter_templates_imported_post":false,"_kad_post_transparent":"","_kad_post_title":"","_kad_post_layout":"","_kad_post_sidebar_id":"","_kad_post_content_style":"","_kad_post_vertical_padding":"","_kad_post_feature":"","_kad_post_feature_position":"","_kad_post_header":false,"_kad_post_footer":false,"_kad_post_classname":"","footnotes":""},"categories":[1],"tags":[],"class_list":["post-20476","post","type-post","status-publish","format-standard","has-post-thumbnail","hentry","category-artigos"],"yoast_head":"<!-- This site is optimized with the Yoast SEO plugin v27.5 - https:\/\/yoast.com\/product\/yoast-seo-wordpress\/ -->\n<title>Conhe\u00e7a as Mudan\u00e7as Recentes na Lei do Seguro-Desemprego | Prime Cursos<\/title>\n<meta name=\"description\" content=\"Tudo que voc\u00ea precisa saber sobre as mudan\u00e7as na lei do seguro-desemprego. Fique por dentro e garanta seus direitos!\" \/>\n<meta name=\"robots\" content=\"index, follow, max-snippet:-1, max-image-preview:large, max-video-preview:-1\" \/>\n<link rel=\"canonical\" href=\"https:\/\/www.primecursos.com.br\/blog\/mudancas-na-lei-do-seguro-desemprego\/\" \/>\n<meta property=\"og:locale\" content=\"pt_BR\" \/>\n<meta property=\"og:type\" content=\"article\" \/>\n<meta property=\"og:title\" content=\"Conhe\u00e7a as Mudan\u00e7as Recentes na Lei do Seguro-Desemprego | Prime Cursos\" \/>\n<meta property=\"og:description\" content=\"Tudo que voc\u00ea precisa saber sobre as mudan\u00e7as na lei do seguro-desemprego. Fique por dentro e garanta seus direitos!\" \/>\n<meta property=\"og:url\" content=\"https:\/\/www.primecursos.com.br\/blog\/mudancas-na-lei-do-seguro-desemprego\/\" \/>\n<meta property=\"og:site_name\" content=\"Prime Cursos\" \/>\n<meta property=\"article:publisher\" content=\"https:\/\/www.facebook.com\/primecursos\/\" \/>\n<meta property=\"article:published_time\" content=\"2025-04-23T10:30:00+00:00\" \/>\n<meta property=\"og:image\" content=\"https:\/\/www.primecursos.com.br\/blog\/wp-content\/uploads\/2025\/03\/primecast-01-mudancas-lei-seguro-desemprego.jpg\" \/>\n\t<meta property=\"og:image:width\" content=\"1280\" \/>\n\t<meta property=\"og:image:height\" content=\"720\" \/>\n\t<meta property=\"og:image:type\" content=\"image\/jpeg\" \/>\n<meta name=\"author\" content=\"yasmin.moreno\" \/>\n<meta name=\"twitter:label1\" content=\"Escrito por\" \/>\n\t<meta name=\"twitter:data1\" content=\"yasmin.moreno\" \/>\n\t<meta name=\"twitter:label2\" content=\"Est. tempo de leitura\" \/>\n\t<meta name=\"twitter:data2\" content=\"11 minutos\" \/>\n<script type=\"application\/ld+json\" class=\"yoast-schema-graph\">{\"@context\":\"https:\\\/\\\/schema.org\",\"@graph\":[{\"@type\":\"Article\",\"@id\":\"https:\\\/\\\/www.primecursos.com.br\\\/blog\\\/mudancas-na-lei-do-seguro-desemprego\\\/#article\",\"isPartOf\":{\"@id\":\"https:\\\/\\\/www.primecursos.com.br\\\/blog\\\/mudancas-na-lei-do-seguro-desemprego\\\/\"},\"author\":{\"name\":\"yasmin.moreno\",\"@id\":\"https:\\\/\\\/www.primecursos.com.br\\\/blog\\\/#\\\/schema\\\/person\\\/a84b284f4e319f54be681cfe0b7f2734\"},\"headline\":\"Conhe\u00e7a as Mudan\u00e7as Recentes na Lei do Seguro-Desemprego\",\"datePublished\":\"2025-04-23T10:30:00+00:00\",\"mainEntityOfPage\":{\"@id\":\"https:\\\/\\\/www.primecursos.com.br\\\/blog\\\/mudancas-na-lei-do-seguro-desemprego\\\/\"},\"wordCount\":1046,\"publisher\":{\"@id\":\"https:\\\/\\\/www.primecursos.com.br\\\/blog\\\/#organization\"},\"image\":{\"@id\":\"https:\\\/\\\/www.primecursos.com.br\\\/blog\\\/mudancas-na-lei-do-seguro-desemprego\\\/#primaryimage\"},\"thumbnailUrl\":\"https:\\\/\\\/www.primecursos.com.br\\\/blog\\\/wp-content\\\/uploads\\\/2025\\\/03\\\/primecast-01-mudancas-lei-seguro-desemprego.jpg\",\"articleSection\":[\"Artigos\"],\"inLanguage\":\"pt-BR\"},{\"@type\":\"WebPage\",\"@id\":\"https:\\\/\\\/www.primecursos.com.br\\\/blog\\\/mudancas-na-lei-do-seguro-desemprego\\\/\",\"url\":\"https:\\\/\\\/www.primecursos.com.br\\\/blog\\\/mudancas-na-lei-do-seguro-desemprego\\\/\",\"name\":\"Conhe\u00e7a as Mudan\u00e7as Recentes na Lei do Seguro-Desemprego | Prime Cursos\",\"isPartOf\":{\"@id\":\"https:\\\/\\\/www.primecursos.com.br\\\/blog\\\/#website\"},\"primaryImageOfPage\":{\"@id\":\"https:\\\/\\\/www.primecursos.com.br\\\/blog\\\/mudancas-na-lei-do-seguro-desemprego\\\/#primaryimage\"},\"image\":{\"@id\":\"https:\\\/\\\/www.primecursos.com.br\\\/blog\\\/mudancas-na-lei-do-seguro-desemprego\\\/#primaryimage\"},\"thumbnailUrl\":\"https:\\\/\\\/www.primecursos.com.br\\\/blog\\\/wp-content\\\/uploads\\\/2025\\\/03\\\/primecast-01-mudancas-lei-seguro-desemprego.jpg\",\"datePublished\":\"2025-04-23T10:30:00+00:00\",\"description\":\"Tudo que voc\u00ea precisa saber sobre as mudan\u00e7as na lei do seguro-desemprego. Fique por dentro e garanta seus direitos!\",\"breadcrumb\":{\"@id\":\"https:\\\/\\\/www.primecursos.com.br\\\/blog\\\/mudancas-na-lei-do-seguro-desemprego\\\/#breadcrumb\"},\"inLanguage\":\"pt-BR\",\"potentialAction\":[{\"@type\":\"ReadAction\",\"target\":[\"https:\\\/\\\/www.primecursos.com.br\\\/blog\\\/mudancas-na-lei-do-seguro-desemprego\\\/\"]}]},{\"@type\":\"ImageObject\",\"inLanguage\":\"pt-BR\",\"@id\":\"https:\\\/\\\/www.primecursos.com.br\\\/blog\\\/mudancas-na-lei-do-seguro-desemprego\\\/#primaryimage\",\"url\":\"https:\\\/\\\/www.primecursos.com.br\\\/blog\\\/wp-content\\\/uploads\\\/2025\\\/03\\\/primecast-01-mudancas-lei-seguro-desemprego.jpg\",\"contentUrl\":\"https:\\\/\\\/www.primecursos.com.br\\\/blog\\\/wp-content\\\/uploads\\\/2025\\\/03\\\/primecast-01-mudancas-lei-seguro-desemprego.jpg\",\"width\":1280,\"height\":720,\"caption\":\"Dr. Marcus Mingardi explicando as mundan\u00e7as que ocorreram na lei do Seguro-desemprego.\"},{\"@type\":\"BreadcrumbList\",\"@id\":\"https:\\\/\\\/www.primecursos.com.br\\\/blog\\\/mudancas-na-lei-do-seguro-desemprego\\\/#breadcrumb\",\"itemListElement\":[{\"@type\":\"ListItem\",\"position\":1,\"name\":\"In\u00edcio\",\"item\":\"https:\\\/\\\/www.primecursos.com.br\\\/blog\\\/\"},{\"@type\":\"ListItem\",\"position\":2,\"name\":\"Artigos\",\"item\":\"https:\\\/\\\/www.primecursos.com.br\\\/blog\\\/artigos\\\/\"},{\"@type\":\"ListItem\",\"position\":3,\"name\":\"Conhe\u00e7a as Mudan\u00e7as Recentes na Lei do Seguro-Desemprego\"}]},{\"@type\":\"WebSite\",\"@id\":\"https:\\\/\\\/www.primecursos.com.br\\\/blog\\\/#website\",\"url\":\"https:\\\/\\\/www.primecursos.com.br\\\/blog\\\/\",\"name\":\"Prime Cursos\",\"description\":\"Cursos gr\u00e1tis com certificado v\u00e1lido\",\"publisher\":{\"@id\":\"https:\\\/\\\/www.primecursos.com.br\\\/blog\\\/#organization\"},\"potentialAction\":[{\"@type\":\"SearchAction\",\"target\":{\"@type\":\"EntryPoint\",\"urlTemplate\":\"https:\\\/\\\/www.primecursos.com.br\\\/blog\\\/?s={search_term_string}\"},\"query-input\":{\"@type\":\"PropertyValueSpecification\",\"valueRequired\":true,\"valueName\":\"search_term_string\"}}],\"inLanguage\":\"pt-BR\"},{\"@type\":\"Organization\",\"@id\":\"https:\\\/\\\/www.primecursos.com.br\\\/blog\\\/#organization\",\"name\":\"Prime Cursos Online\",\"url\":\"https:\\\/\\\/www.primecursos.com.br\\\/blog\\\/\",\"logo\":{\"@type\":\"ImageObject\",\"inLanguage\":\"pt-BR\",\"@id\":\"https:\\\/\\\/www.primecursos.com.br\\\/blog\\\/#\\\/schema\\\/logo\\\/image\\\/\",\"url\":\"https:\\\/\\\/www.primecursos.com.br\\\/blog\\\/wp-content\\\/uploads\\\/2018\\\/03\\\/prime-cursos-gratis-online-logo-070318b-1.png\",\"contentUrl\":\"https:\\\/\\\/www.primecursos.com.br\\\/blog\\\/wp-content\\\/uploads\\\/2018\\\/03\\\/prime-cursos-gratis-online-logo-070318b-1.png\",\"width\":330,\"height\":80,\"caption\":\"Prime Cursos Online\"},\"image\":{\"@id\":\"https:\\\/\\\/www.primecursos.com.br\\\/blog\\\/#\\\/schema\\\/logo\\\/image\\\/\"},\"sameAs\":[\"https:\\\/\\\/www.facebook.com\\\/primecursos\\\/\",\"https:\\\/\\\/x.com\\\/primecursosbr\"]},{\"@type\":\"Person\",\"@id\":\"https:\\\/\\\/www.primecursos.com.br\\\/blog\\\/#\\\/schema\\\/person\\\/a84b284f4e319f54be681cfe0b7f2734\",\"name\":\"yasmin.moreno\",\"image\":{\"@type\":\"ImageObject\",\"inLanguage\":\"pt-BR\",\"@id\":\"https:\\\/\\\/secure.gravatar.com\\\/avatar\\\/c72c0671d03e6ce3833a273f26313d575d6a5344cf4ce5f64706726a55773792?s=96&d=mm&r=g\",\"url\":\"https:\\\/\\\/secure.gravatar.com\\\/avatar\\\/c72c0671d03e6ce3833a273f26313d575d6a5344cf4ce5f64706726a55773792?s=96&d=mm&r=g\",\"contentUrl\":\"https:\\\/\\\/secure.gravatar.com\\\/avatar\\\/c72c0671d03e6ce3833a273f26313d575d6a5344cf4ce5f64706726a55773792?s=96&d=mm&r=g\",\"caption\":\"yasmin.moreno\"},\"url\":\"https:\\\/\\\/www.primecursos.com.br\\\/blog\\\/author\\\/yasmin-moreno\\\/\"}]}<\/script>\n<!-- \/ Yoast SEO plugin. -->","yoast_head_json":{"title":"Conhe\u00e7a as Mudan\u00e7as Recentes na Lei do Seguro-Desemprego | Prime Cursos","description":"Tudo que voc\u00ea precisa saber sobre as mudan\u00e7as na lei do seguro-desemprego. Fique por dentro e garanta seus direitos!","robots":{"index":"index","follow":"follow","max-snippet":"max-snippet:-1","max-image-preview":"max-image-preview:large","max-video-preview":"max-video-preview:-1"},"canonical":"https:\/\/www.primecursos.com.br\/blog\/mudancas-na-lei-do-seguro-desemprego\/","og_locale":"pt_BR","og_type":"article","og_title":"Conhe\u00e7a as Mudan\u00e7as Recentes na Lei do Seguro-Desemprego | Prime Cursos","og_description":"Tudo que voc\u00ea precisa saber sobre as mudan\u00e7as na lei do seguro-desemprego. Fique por dentro e garanta seus direitos!","og_url":"https:\/\/www.primecursos.com.br\/blog\/mudancas-na-lei-do-seguro-desemprego\/","og_site_name":"Prime Cursos","article_publisher":"https:\/\/www.facebook.com\/primecursos\/","article_published_time":"2025-04-23T10:30:00+00:00","og_image":[{"width":1280,"height":720,"url":"https:\/\/www.primecursos.com.br\/blog\/wp-content\/uploads\/2025\/03\/primecast-01-mudancas-lei-seguro-desemprego.jpg","type":"image\/jpeg"}],"author":"yasmin.moreno","twitter_misc":{"Escrito por":"yasmin.moreno","Est. tempo de leitura":"11 minutos"},"schema":{"@context":"https:\/\/schema.org","@graph":[{"@type":"Article","@id":"https:\/\/www.primecursos.com.br\/blog\/mudancas-na-lei-do-seguro-desemprego\/#article","isPartOf":{"@id":"https:\/\/www.primecursos.com.br\/blog\/mudancas-na-lei-do-seguro-desemprego\/"},"author":{"name":"yasmin.moreno","@id":"https:\/\/www.primecursos.com.br\/blog\/#\/schema\/person\/a84b284f4e319f54be681cfe0b7f2734"},"headline":"Conhe\u00e7a as Mudan\u00e7as Recentes na Lei do Seguro-Desemprego","datePublished":"2025-04-23T10:30:00+00:00","mainEntityOfPage":{"@id":"https:\/\/www.primecursos.com.br\/blog\/mudancas-na-lei-do-seguro-desemprego\/"},"wordCount":1046,"publisher":{"@id":"https:\/\/www.primecursos.com.br\/blog\/#organization"},"image":{"@id":"https:\/\/www.primecursos.com.br\/blog\/mudancas-na-lei-do-seguro-desemprego\/#primaryimage"},"thumbnailUrl":"https:\/\/www.primecursos.com.br\/blog\/wp-content\/uploads\/2025\/03\/primecast-01-mudancas-lei-seguro-desemprego.jpg","articleSection":["Artigos"],"inLanguage":"pt-BR"},{"@type":"WebPage","@id":"https:\/\/www.primecursos.com.br\/blog\/mudancas-na-lei-do-seguro-desemprego\/","url":"https:\/\/www.primecursos.com.br\/blog\/mudancas-na-lei-do-seguro-desemprego\/","name":"Conhe\u00e7a as Mudan\u00e7as Recentes na Lei do Seguro-Desemprego | Prime Cursos","isPartOf":{"@id":"https:\/\/www.primecursos.com.br\/blog\/#website"},"primaryImageOfPage":{"@id":"https:\/\/www.primecursos.com.br\/blog\/mudancas-na-lei-do-seguro-desemprego\/#primaryimage"},"image":{"@id":"https:\/\/www.primecursos.com.br\/blog\/mudancas-na-lei-do-seguro-desemprego\/#primaryimage"},"thumbnailUrl":"https:\/\/www.primecursos.com.br\/blog\/wp-content\/uploads\/2025\/03\/primecast-01-mudancas-lei-seguro-desemprego.jpg","datePublished":"2025-04-23T10:30:00+00:00","description":"Tudo que voc\u00ea precisa saber sobre as mudan\u00e7as na lei do seguro-desemprego. Fique por dentro e garanta seus direitos!","breadcrumb":{"@id":"https:\/\/www.primecursos.com.br\/blog\/mudancas-na-lei-do-seguro-desemprego\/#breadcrumb"},"inLanguage":"pt-BR","potentialAction":[{"@type":"ReadAction","target":["https:\/\/www.primecursos.com.br\/blog\/mudancas-na-lei-do-seguro-desemprego\/"]}]},{"@type":"ImageObject","inLanguage":"pt-BR","@id":"https:\/\/www.primecursos.com.br\/blog\/mudancas-na-lei-do-seguro-desemprego\/#primaryimage","url":"https:\/\/www.primecursos.com.br\/blog\/wp-content\/uploads\/2025\/03\/primecast-01-mudancas-lei-seguro-desemprego.jpg","contentUrl":"https:\/\/www.primecursos.com.br\/blog\/wp-content\/uploads\/2025\/03\/primecast-01-mudancas-lei-seguro-desemprego.jpg","width":1280,"height":720,"caption":"Dr. Marcus Mingardi explicando as mundan\u00e7as que ocorreram na lei do Seguro-desemprego."},{"@type":"BreadcrumbList","@id":"https:\/\/www.primecursos.com.br\/blog\/mudancas-na-lei-do-seguro-desemprego\/#breadcrumb","itemListElement":[{"@type":"ListItem","position":1,"name":"In\u00edcio","item":"https:\/\/www.primecursos.com.br\/blog\/"},{"@type":"ListItem","position":2,"name":"Artigos","item":"https:\/\/www.primecursos.com.br\/blog\/artigos\/"},{"@type":"ListItem","position":3,"name":"Conhe\u00e7a as Mudan\u00e7as Recentes na Lei do Seguro-Desemprego"}]},{"@type":"WebSite","@id":"https:\/\/www.primecursos.com.br\/blog\/#website","url":"https:\/\/www.primecursos.com.br\/blog\/","name":"Prime Cursos","description":"Cursos gr\u00e1tis com certificado v\u00e1lido","publisher":{"@id":"https:\/\/www.primecursos.com.br\/blog\/#organization"},"potentialAction":[{"@type":"SearchAction","target":{"@type":"EntryPoint","urlTemplate":"https:\/\/www.primecursos.com.br\/blog\/?s={search_term_string}"},"query-input":{"@type":"PropertyValueSpecification","valueRequired":true,"valueName":"search_term_string"}}],"inLanguage":"pt-BR"},{"@type":"Organization","@id":"https:\/\/www.primecursos.com.br\/blog\/#organization","name":"Prime Cursos Online","url":"https:\/\/www.primecursos.com.br\/blog\/","logo":{"@type":"ImageObject","inLanguage":"pt-BR","@id":"https:\/\/www.primecursos.com.br\/blog\/#\/schema\/logo\/image\/","url":"https:\/\/www.primecursos.com.br\/blog\/wp-content\/uploads\/2018\/03\/prime-cursos-gratis-online-logo-070318b-1.png","contentUrl":"https:\/\/www.primecursos.com.br\/blog\/wp-content\/uploads\/2018\/03\/prime-cursos-gratis-online-logo-070318b-1.png","width":330,"height":80,"caption":"Prime Cursos Online"},"image":{"@id":"https:\/\/www.primecursos.com.br\/blog\/#\/schema\/logo\/image\/"},"sameAs":["https:\/\/www.facebook.com\/primecursos\/","https:\/\/x.com\/primecursosbr"]},{"@type":"Person","@id":"https:\/\/www.primecursos.com.br\/blog\/#\/schema\/person\/a84b284f4e319f54be681cfe0b7f2734","name":"yasmin.moreno","image":{"@type":"ImageObject","inLanguage":"pt-BR","@id":"https:\/\/secure.gravatar.com\/avatar\/c72c0671d03e6ce3833a273f26313d575d6a5344cf4ce5f64706726a55773792?s=96&d=mm&r=g","url":"https:\/\/secure.gravatar.com\/avatar\/c72c0671d03e6ce3833a273f26313d575d6a5344cf4ce5f64706726a55773792?s=96&d=mm&r=g","contentUrl":"https:\/\/secure.gravatar.com\/avatar\/c72c0671d03e6ce3833a273f26313d575d6a5344cf4ce5f64706726a55773792?s=96&d=mm&r=g","caption":"yasmin.moreno"},"url":"https:\/\/www.primecursos.com.br\/blog\/author\/yasmin-moreno\/"}]}},"taxonomy_info":{"category":[{"value":1,"label":"Artigos"}]},"featured_image_src_large":["https:\/\/www.primecursos.com.br\/blog\/wp-content\/uploads\/2025\/03\/primecast-01-mudancas-lei-seguro-desemprego-1024x576.jpg",1024,576,true],"author_info":{"display_name":"yasmin.moreno","author_link":"https:\/\/www.primecursos.com.br\/blog\/author\/yasmin-moreno\/"},"comment_info":0,"category_info":[{"term_id":1,"name":"Artigos","slug":"artigos","term_group":0,"term_taxonomy_id":1,"taxonomy":"category","description":"","parent":0,"count":983,"filter":"raw","cat_ID":1,"category_count":983,"category_description":"","cat_name":"Artigos","category_nicename":"artigos","category_parent":0}],"tag_info":false,"_links":{"self":[{"href":"https:\/\/www.primecursos.com.br\/blog\/wp-json\/wp\/v2\/posts\/20476","targetHints":{"allow":["GET"]}}],"collection":[{"href":"https:\/\/www.primecursos.com.br\/blog\/wp-json\/wp\/v2\/posts"}],"about":[{"href":"https:\/\/www.primecursos.com.br\/blog\/wp-json\/wp\/v2\/types\/post"}],"author":[{"embeddable":true,"href":"https:\/\/www.primecursos.com.br\/blog\/wp-json\/wp\/v2\/users\/25"}],"replies":[{"embeddable":true,"href":"https:\/\/www.primecursos.com.br\/blog\/wp-json\/wp\/v2\/comments?post=20476"}],"version-history":[{"count":0,"href":"https:\/\/www.primecursos.com.br\/blog\/wp-json\/wp\/v2\/posts\/20476\/revisions"}],"wp:featuredmedia":[{"embeddable":true,"href":"https:\/\/www.primecursos.com.br\/blog\/wp-json\/wp\/v2\/media\/20499"}],"wp:attachment":[{"href":"https:\/\/www.primecursos.com.br\/blog\/wp-json\/wp\/v2\/media?parent=20476"}],"wp:term":[{"taxonomy":"category","embeddable":true,"href":"https:\/\/www.primecursos.com.br\/blog\/wp-json\/wp\/v2\/categories?post=20476"},{"taxonomy":"post_tag","embeddable":true,"href":"https:\/\/www.primecursos.com.br\/blog\/wp-json\/wp\/v2\/tags?post=20476"}],"curies":[{"name":"wp","href":"https:\/\/api.w.org\/{rel}","templated":true}]}}