{"id":20518,"date":"2025-04-28T10:30:00","date_gmt":"2025-04-28T10:30:00","guid":{"rendered":"https:\/\/www.primecursos.com.br\/blog\/?p=20518"},"modified":"2025-03-31T21:54:48","modified_gmt":"2025-03-31T21:54:48","slug":"ate-quando-posso-solicitar-o-seguro-desemprego","status":"publish","type":"post","link":"https:\/\/www.primecursos.com.br\/blog\/ate-quando-posso-solicitar-o-seguro-desemprego\/","title":{"rendered":"At\u00e9 Quando Posso Solicitar o Seguro-Desemprego? Descubra!"},"content":{"rendered":"\n<p>Imagine a seguinte situa\u00e7\u00e3o: voc\u00ea foi demitido h\u00e1 alguns meses e, devido a imprevistos, s\u00f3 agora conseguiu reunir toda a documenta\u00e7\u00e3o para solicitar o seguro-desemprego. Mas ser\u00e1 que ainda d\u00e1 tempo?<\/p>\n\n\n\n<p>Essa d\u00favida \u00e9 mais comum do que parece, e muitas pessoas acabam perdendo o benef\u00edcio por falta de informa\u00e7\u00e3o. J\u00e1 que o prazo para dar entrada \u00e9 contado em dias corridos, e atrasos podem comprometer o direito ao aux\u00edlio.<\/p>\n\n\n\n<p>Por isso, para evitar esse problema, explicamos neste post como funcionam os prazos e o que voc\u00ea precisa fazer para n\u00e3o perder esse suporte financeiro essecial para momentos de transi\u00e7\u00e3o profissional.<\/p>\n\n\n\n<!--more-->\n\n\n\n<h2 class=\"wp-block-heading\" id=\"h-qual-o-prazo-para-solicitar-o-seguro-desemprego\"><strong>Qual o prazo para solicitar o seguro-desemprego?<\/strong><\/h2>\n\n\n\n<p>Ap\u00f3s a demiss\u00e3o sem justa causa, de maneira geral, o trabalhador formal tem um prazo de <strong>120 dias<\/strong> para dar entrada no seguro-desemprego. E, esse per\u00edodo come\u00e7a a ser contado a partir do <strong>s\u00e9timo dia<\/strong> ap\u00f3s a data da demiss\u00e3o.<\/p>\n\n\n\n<blockquote class=\"wp-block-quote is-layout-flow wp-block-quote-is-layout-flow\">\n<p>A pessoa para pedir o seguro-desemprego precisa esperar 7 dias da data de demiss\u00e3o, contando com a data da demiss\u00e3o. Ela tem que esperar de sete dias e ela pode pedir at\u00e9 120 dias depois.<\/p>\n<cite><a href=\"https:\/\/www.youtube.com\/watch?v=uH4it4IGNxs\" target=\"_blank\" rel=\"noreferrer noopener nofollow\">Dr. Marcus Mingardi em entrevista para a Primecast<\/a><\/cite><\/blockquote>\n\n\n\n<p>Al\u00e9m disso, \u00e9 fundamental lembrar que esse prazo \u00e9 contado em <strong>dias corridos<\/strong>, o que pode gerar confus\u00e3o. Essa confus\u00e3o \u00e9 ainda mais agravada pelo fato de que alguns meses t\u00eam menos de 30 dias, enquanto outros possuem mais de 30 dias. Para facilitar a compreens\u00e3o, imagine o seguinte:<\/p>\n\n\n\n<figure class=\"wp-block-embed is-type-video is-provider-youtube wp-block-embed-youtube wp-embed-aspect-16-9 wp-has-aspect-ratio\"><div class=\"wp-block-embed__wrapper\">\n<iframe title=\"\u23f3Fui demitida h\u00e1 3 meses! Ainda d\u00e1 tempo de pedir o seguro-desemprego? Descubra agora!\u2705\" width=\"720\" height=\"405\" src=\"https:\/\/www.youtube.com\/embed\/ea8j2gUE6Tg?feature=oembed&#038;enablejsapi=1&#038;origin=https:\/\/www.primecursos.com.br\" frameborder=\"0\" allow=\"accelerometer; autoplay; clipboard-write; encrypted-media; gyroscope; picture-in-picture; web-share\" referrerpolicy=\"strict-origin-when-cross-origin\" allowfullscreen><\/iframe>\n<\/div><\/figure>\n\n\n\n<p><strong>Confira o podcast completo:<\/strong>&nbsp;<a href=\"https:\/\/www.youtube.com\/watch?v=uH4it4IGNxs\" target=\"_blank\" rel=\"noreferrer noopener nofollow\">\ud83c\udf99\ufe0fSeguro-Desemprego: Tudo que Voc\u00ea Precisa Saber com o Dr. Marcus Mingardi!\ud83d\udcbc\u2705<\/a><\/p>\n\n\n\n<ul class=\"wp-block-list\">\n<li><strong>Dia 0<\/strong>: Data da demiss\u00e3o sem justa causa;<\/li>\n\n\n\n<li><strong>Dia 7<\/strong>: In\u00edcio do prazo para solicitar o seguro-desemprego;<\/li>\n\n\n\n<li><strong>Dia 127<\/strong>: Fim do prazo (total de 120 dias corridos a partir do 7\u00ba dia).<\/li>\n<\/ul>\n\n\n\n<p>Ou seja, se um trabalhador foi demitido em 1\u00ba de mar\u00e7o, poder\u00e1 solicitar o seguro-desemprego entre 8 de mar\u00e7o e 5 de julho, considerando 120 dias corridos. Tendo em vista que, dias corridos incluem finais de semana e feriados, enquanto os dias \u00fateis n\u00e3o.<\/p>\n\n\n\n<p>Por fim, durante um epis\u00f3dio do nosso podcast, surgiu uma d\u00favida relevante sobre esse tema. A Ana, uma aluna da Prime Cursos, perguntou: &#8220;Fui demitida h\u00e1 3 meses, mas s\u00f3 agora consegui organizar os documentos. Ainda posso solicitar o seguro-desemprego?&#8221;<\/p>\n\n\n\n<p>Nosso convidado, Dr. Marcus Mingardi, advogado especializado em Direito do Trabalho, esclareceu que ainda h\u00e1 tempo para a solicita\u00e7\u00e3o. Contudo, quanto mais pr\u00f3ximo do limite de 120 dias, maior a urg\u00eancia para garantir o direito ao benef\u00edcio e evitar complica\u00e7\u00f5es.<\/p>\n\n\n\n<h2 class=\"wp-block-heading\"><strong>Como dar entrada no seguro-desemprego?<\/strong><\/h2>\n\n\n\n<p>Para <a href=\"https:\/\/www.gov.br\/pt-br\/servicos\/solicitar-o-seguro-desemprego\" target=\"_blank\" rel=\"noreferrer noopener nofollow\">solicitar esse aux\u00edlio<\/a>, \u00e9 necess\u00e1rio seguir alguns passos essenciais para garantir que o processo ocorra de maneira correta e sem contratempos. Lembrando que, a solicita\u00e7\u00e3o pode ser feita de forma digital ou presencial, de acordo com a prefer\u00eancia do trabalhador.<\/p>\n\n\n\n<figure class=\"wp-block-image size-large\"><a href=\"https:\/\/www.primecursos.com.br\/blog\/wp-content\/uploads\/2025\/02\/beneficiaria-solicitacao-seguro-desemprego-canva.jpg\"><img decoding=\"async\" width=\"1024\" height=\"768\" src=\"https:\/\/www.primecursos.com.br\/blog\/wp-content\/uploads\/2025\/02\/beneficiaria-solicitacao-seguro-desemprego-canva-1024x768.jpg\" alt=\"Benefici\u00e1ria fazendo o processo de solicita\u00e7\u00e3o do seguro-desemprego de forma digital.\" class=\"wp-image-20157\" srcset=\"https:\/\/www.primecursos.com.br\/blog\/wp-content\/uploads\/2025\/02\/beneficiaria-solicitacao-seguro-desemprego-canva-1024x768.jpg 1024w, https:\/\/www.primecursos.com.br\/blog\/wp-content\/uploads\/2025\/02\/beneficiaria-solicitacao-seguro-desemprego-canva-300x225.jpg 300w, https:\/\/www.primecursos.com.br\/blog\/wp-content\/uploads\/2025\/02\/beneficiaria-solicitacao-seguro-desemprego-canva-768x576.jpg 768w, https:\/\/www.primecursos.com.br\/blog\/wp-content\/uploads\/2025\/02\/beneficiaria-solicitacao-seguro-desemprego-canva-150x113.jpg 150w, https:\/\/www.primecursos.com.br\/blog\/wp-content\/uploads\/2025\/02\/beneficiaria-solicitacao-seguro-desemprego-canva.jpg 1200w\" sizes=\"(max-width: 1024px) 100vw, 1024px\" \/><\/a><\/figure>\n\n\n\n<p>Em todos os casos, \u00e9 fundamental ter em m\u00e3os a documenta\u00e7\u00e3o necess\u00e1ria que s\u00e3o o termo de recis\u00e3o do contrato de trabalho, o documento de requerimento do seguro-desemprego, documento de identidade com foto, CPF e carteira de trabalho.<\/p>\n\n\n\n<p>Ademais, uma das formas mais pr\u00e1ticas de fazer a solicita\u00e7\u00e3o \u00e9 por meio do aplicativo <a href=\"https:\/\/www.gov.br\/pt-br\/temas\/carteira-de-trabalho-digital\" target=\"_blank\" rel=\"noreferrer noopener nofollow\">Carteira de Trabalho Digital<\/a>, dispon\u00edvel para Android e iOS. Basta baixar o aplicativo, fazer login com a conta Gov.br e acessar a op\u00e7\u00e3o de seguro-desemprego. O sistema \u00e9 intuitivo e permite que o trabalhador fa\u00e7a todo o processo diretamente pelo celular, sem precisar sair de casa.<\/p>\n\n\n\n<blockquote class=\"wp-block-quote is-layout-flow wp-block-quote-is-layout-flow\">\n<p>Qualquer trabalhador que baixar ela [Carteira de Trabalho Digital], vai ter todos os registros que est\u00e3o constando na Carteira de Trabalho [&#8230;] No mesmo aplicativo da carteira digital, a pessoa consegue fazer o pedido do Seguro-Desemprego. Ou, tamb\u00e9m no portal do governo que se chama Portal Emprega Brasil.<\/p>\n<cite><a href=\"https:\/\/www.youtube.com\/watch?v=uH4it4IGNxs\" target=\"_blank\" rel=\"noreferrer noopener nofollow\">Dr. Marcus Mingardi em entrevista para a Primecast<\/a><\/cite><\/blockquote>\n\n\n\n<p>Outra alternativa \u00e9 o <a href=\"https:\/\/empregabrasil.mte.gov.br\/\" target=\"_blank\" rel=\"noreferrer noopener nofollow\">Portal Emprega Brasil<\/a>, que tamb\u00e9m exige login com a conta Gov.br. Ao acessar o portal, o trabalhador encontrar\u00e1 a op\u00e7\u00e3o para solicitar o benef\u00edcio, al\u00e9m de poder acompanhar a situa\u00e7\u00e3o do pedido, verificar pend\u00eancias e receber orienta\u00e7\u00f5es sobre os pr\u00f3ximos passos.<\/p>\n\n\n\n<p>J\u00e1 para quem prefere ou necessita do atendimento presencial, \u00e9 poss\u00edvel solicitar o seguro-desemprego nas unidades do SINE. Nesse caso, \u00e9 necess\u00e1rio comparecer ao posto com os somente com os documentos exigidos para que os funcion\u00e1rios possam te auxiliar.<\/p>\n\n\n\n<p>Por fim, ap\u00f3s a solicita\u00e7\u00e3o \u00e9 muito importante que acompanhe a sua solicita\u00e7\u00e3o, para verificar se h\u00e1 pend\u00eancias ou se o benef\u00edcio foi aprovado. Caso, tenha d\u00favidas ou ache que algo est\u00e1 errado \u00e9 poss\u00edvel recorrer.<\/p>\n\n\n\n<h3 class=\"wp-block-heading\"><strong>E se houver pend\u00eancias ou problemas?<\/strong><\/h3>\n\n\n\n<p>Se houver qualquer pend\u00eancia ou erro no sistema e a solicita\u00e7\u00e3o n\u00e3o avance, \u00e9 poss\u00edvel entrar em contato com o Minist\u00e9rio do Trabalho atrav\u00e9s dos <a href=\"https:\/\/www.gov.br\/trabalho-e-emprego\/pt-br\/canais_atendimento\" target=\"_blank\" rel=\"noreferrer noopener nofollow\">canais de atendimento<\/a> ou comparecer a uma unidade presencial para esclarecimentos.<\/p>\n\n\n\n<figure class=\"wp-block-image size-large\"><a href=\"https:\/\/www.primecursos.com.br\/blog\/wp-content\/uploads\/2025\/03\/verificando-pendencias-canva.jpg\"><img decoding=\"async\" width=\"1024\" height=\"768\" src=\"https:\/\/www.primecursos.com.br\/blog\/wp-content\/uploads\/2025\/03\/verificando-pendencias-canva-1024x768.jpg\" alt=\"Mulher que solicitou o seguro desemprego verificando pelo Portal Emprega Brasil, que est\u00e1 aberto em seu celular, se h\u00e1 pend\u00eancias na solicita\u00e7\u00e3o.\" class=\"wp-image-20691\" srcset=\"https:\/\/www.primecursos.com.br\/blog\/wp-content\/uploads\/2025\/03\/verificando-pendencias-canva-1024x768.jpg 1024w, https:\/\/www.primecursos.com.br\/blog\/wp-content\/uploads\/2025\/03\/verificando-pendencias-canva-300x225.jpg 300w, https:\/\/www.primecursos.com.br\/blog\/wp-content\/uploads\/2025\/03\/verificando-pendencias-canva-768x576.jpg 768w, https:\/\/www.primecursos.com.br\/blog\/wp-content\/uploads\/2025\/03\/verificando-pendencias-canva-150x113.jpg 150w, https:\/\/www.primecursos.com.br\/blog\/wp-content\/uploads\/2025\/03\/verificando-pendencias-canva.jpg 1200w\" sizes=\"(max-width: 1024px) 100vw, 1024px\" \/><\/a><\/figure>\n\n\n\n<p>Conhecer bem os canais de solicita\u00e7\u00e3o e entender como cada um funciona \u00e9 essencial para evitar atrasos ou a perda do benef\u00edcio. Ao seguir corretamente as instru\u00e7\u00f5es, reunir a documenta\u00e7\u00e3o exigida e acompanhar o andamento do pedido, o trabalhador garante maior seguran\u00e7a no processo.<\/p>\n\n\n\n<h2 class=\"wp-block-heading\" id=\"h-o-que-acontece-se-perder-o-prazo-do-beneficio\"><strong>O que acontece se perder o prazo do benef\u00edcio?<\/strong><\/h2>\n\n\n\n<p>Caso o trabalhador perca o prazo de 120 dias, ele <strong>n\u00e3o poder\u00e1 mais solicitar o seguro-desemprego<\/strong>. Isso significa que n\u00e3o haver\u00e1 outra oportunidade para receber as parcelas a que teria direito, independentemente do motivo do atraso.<\/p>\n\n\n\n<p>Dessa forma, \u00e9 essencial agir rapidamente para evitar contratempos e garantir que a solicita\u00e7\u00e3o seja feita dentro do limite estabelecido. Pois, a falta de aten\u00e7\u00e3o a esse detalhe pode resultar na perda de um aux\u00edlio fundamental para o per\u00edodo de transi\u00e7\u00e3o profissional.<\/p>\n\n\n\n<p>Al\u00e9m disso, \u00e9 v\u00e1lido ressaltar que, ap\u00f3s perder o prazo, o profissional s\u00f3 poder\u00e1 solicitar o seguro-desemprego caso consiga um novo emprego, seja novamente demitido sem justa causa, atenda a todos os requisitos exigidos pelo benef\u00edcio e realize a solicita\u00e7\u00e3o dentro do per\u00edodo correto.<\/p>\n\n\n\n<figure class=\"wp-block-image size-large\"><a href=\"https:\/\/www.primecursos.com.br\/blog\/wp-content\/uploads\/2025\/03\/profissional-perdeu-prazo-solicitacao-canva.jpg\"><img decoding=\"async\" width=\"1024\" height=\"768\" src=\"https:\/\/www.primecursos.com.br\/blog\/wp-content\/uploads\/2025\/03\/profissional-perdeu-prazo-solicitacao-canva-1024x768.jpg\" alt=\"Profissional sentada em frente ao computador, com o cotovelo apoiado na mesa e a m\u00e3o segurando a cabe\u00e7a, expressando frustra\u00e7\u00e3o por ter perdido o prazo de solicita\u00e7\u00e3o do seguro-desemprego.\" class=\"wp-image-20525\" srcset=\"https:\/\/www.primecursos.com.br\/blog\/wp-content\/uploads\/2025\/03\/profissional-perdeu-prazo-solicitacao-canva-1024x768.jpg 1024w, https:\/\/www.primecursos.com.br\/blog\/wp-content\/uploads\/2025\/03\/profissional-perdeu-prazo-solicitacao-canva-300x225.jpg 300w, https:\/\/www.primecursos.com.br\/blog\/wp-content\/uploads\/2025\/03\/profissional-perdeu-prazo-solicitacao-canva-768x576.jpg 768w, https:\/\/www.primecursos.com.br\/blog\/wp-content\/uploads\/2025\/03\/profissional-perdeu-prazo-solicitacao-canva-150x113.jpg 150w, https:\/\/www.primecursos.com.br\/blog\/wp-content\/uploads\/2025\/03\/profissional-perdeu-prazo-solicitacao-canva.jpg 1200w\" sizes=\"(max-width: 1024px) 100vw, 1024px\" \/><\/a><\/figure>\n\n\n\n<p>Perder o prazo para solicitar o seguro-desemprego pode significar a perda de um direito essencial para a estabilidade financeira no per\u00edodo de transi\u00e7\u00e3o profissional. Por isso, \u00e9 fundamental estar atento aos prazos e agir com rapidez para garantir esse benef\u00edcio.<\/p>\n\n\n\n<p>Se voc\u00ea ou algu\u00e9m que conhece passou por uma demiss\u00e3o recentemente, n\u00e3o deixe para a \u00faltima hora. Organize sua documenta\u00e7\u00e3o e fa\u00e7a a solicita\u00e7\u00e3o dentro do prazo estipulado para evitar qualquer contratempo.<\/p>\n\n\n\n<p>Por fim, compartilhe este conte\u00fado para que mais pessoas tenham acesso a esse conhecimento e possam assegurar seus direitos trabalhistas.&nbsp;Afinal, uma informa\u00e7\u00e3o correta pode fazer toda a diferen\u00e7a!<\/p>\n\n\n\n<h2 class=\"wp-block-heading\" id=\"h-cursos-para-conseguir-um-novo-emprego\">Cursos para conseguir um novo emprego<\/h2>\n\n\n\n<p> Cursos podem qualificar uma pessoa para conseguir um novo emprego ao fornecer conhecimento, habilidades e certifica\u00e7\u00f5es relevantes para a \u00e1rea desejada, demonstrando um compromisso com o aprendizado cont\u00ednuo e ampliando sua rede profissional. Isso torna os candidatos mais atraentes para os empregadores, aumentando suas chances de sucesso no mercado de trabalho.<\/p>\n\n\n\n<p>Na Prime voc\u00ea encontra Cursos Gratuitos com Certificado de Conclus\u00e3o v\u00e1lido para: atividades extracurriculares, avalia\u00e7\u00f5es de empresas, provas de t\u00edtulos, concursos p\u00fablicos, enriquecer o seu curr\u00edculo e muito mais!<\/p>\n\n\n<style>.wp-block-kadence-advancedbtn.kb-btns11571_a53df1-89{gap:var(--global-kb-gap-xs, 0.5rem );justify-content:center;align-items:center;}.kt-btns11571_a53df1-89 .kt-button{font-weight:normal;font-style:normal;}.kt-btns11571_a53df1-89 .kt-btn-wrap-0{margin-right:5px;}.wp-block-kadence-advancedbtn.kt-btns11571_a53df1-89 .kt-btn-wrap-0 .kt-button{color:#555555;border-color:#555555;}.wp-block-kadence-advancedbtn.kt-btns11571_a53df1-89 .kt-btn-wrap-0 .kt-button:hover, .wp-block-kadence-advancedbtn.kt-btns11571_a53df1-89 .kt-btn-wrap-0 .kt-button:focus{color:#ffffff;border-color:#444444;}.wp-block-kadence-advancedbtn.kt-btns11571_a53df1-89 .kt-btn-wrap-0 .kt-button::before{display:none;}.wp-block-kadence-advancedbtn.kt-btns11571_a53df1-89 .kt-btn-wrap-0 .kt-button:hover, .wp-block-kadence-advancedbtn.kt-btns11571_a53df1-89 .kt-btn-wrap-0 .kt-button:focus{background:#444444;}<\/style>\n<div class=\"wp-block-kadence-advancedbtn kb-buttons-wrap kb-btns11571_a53df1-89\"><style>ul.menu .wp-block-kadence-advancedbtn .kb-btn11571_5758c4-2a.kb-button{width:initial;}<\/style><a class=\"kb-button kt-button button kb-btn11571_5758c4-2a kt-btn-size-xlarge kt-btn-width-type-full kb-btn-global-fill  kt-btn-has-text-true kt-btn-has-svg-false  wp-block-kadence-singlebtn\" href=\"https:\/\/www.primecursos.com.br\/\"><span class=\"kt-btn-inner-text\">Cursos Gr\u00e1tis Online<\/span><\/a><\/div>\n","protected":false},"excerpt":{"rendered":"<p>Imagine a seguinte situa\u00e7\u00e3o: voc\u00ea foi demitido h\u00e1 alguns meses e, devido a imprevistos, s\u00f3 agora conseguiu reunir&#8230;<\/p>\n","protected":false},"author":25,"featured_media":20528,"comment_status":"closed","ping_status":"closed","sticky":false,"template":"","format":"standard","meta":{"_kad_blocks_custom_css":"","_kad_blocks_head_custom_js":"","_kad_blocks_body_custom_js":"","_kad_blocks_footer_custom_js":"","_kadence_starter_templates_imported_post":false,"_kad_post_transparent":"","_kad_post_title":"","_kad_post_layout":"","_kad_post_sidebar_id":"","_kad_post_content_style":"","_kad_post_vertical_padding":"","_kad_post_feature":"","_kad_post_feature_position":"","_kad_post_header":false,"_kad_post_footer":false,"_kad_post_classname":"","footnotes":""},"categories":[1],"tags":[],"class_list":["post-20518","post","type-post","status-publish","format-standard","has-post-thumbnail","hentry","category-artigos"],"yoast_head":"<!-- This site is optimized with the Yoast SEO plugin v27.5 - https:\/\/yoast.com\/product\/yoast-seo-wordpress\/ -->\n<title>At\u00e9 Quando Posso Solicitar o Seguro-Desemprego? Descubra! | Prime Cursos<\/title>\n<meta name=\"description\" content=\"Perdeu o prazo do seguro-desemprego? Saiba at\u00e9 quando \u00e9 poss\u00edvel solicitar e evite perder esse benef\u00edcio essencial. Confira agora!\" \/>\n<meta name=\"robots\" content=\"index, follow, max-snippet:-1, max-image-preview:large, max-video-preview:-1\" \/>\n<link rel=\"canonical\" href=\"https:\/\/www.primecursos.com.br\/blog\/ate-quando-posso-solicitar-o-seguro-desemprego\/\" \/>\n<meta property=\"og:locale\" content=\"pt_BR\" \/>\n<meta property=\"og:type\" content=\"article\" \/>\n<meta property=\"og:title\" content=\"At\u00e9 Quando Posso Solicitar o Seguro-Desemprego? Descubra! | Prime Cursos\" \/>\n<meta property=\"og:description\" content=\"Perdeu o prazo do seguro-desemprego? Saiba at\u00e9 quando \u00e9 poss\u00edvel solicitar e evite perder esse benef\u00edcio essencial. Confira agora!\" \/>\n<meta property=\"og:url\" content=\"https:\/\/www.primecursos.com.br\/blog\/ate-quando-posso-solicitar-o-seguro-desemprego\/\" \/>\n<meta property=\"og:site_name\" content=\"Prime Cursos\" \/>\n<meta property=\"article:publisher\" content=\"https:\/\/www.facebook.com\/primecursos\/\" \/>\n<meta property=\"article:published_time\" content=\"2025-04-28T10:30:00+00:00\" \/>\n<meta property=\"og:image\" content=\"https:\/\/www.primecursos.com.br\/blog\/wp-content\/uploads\/2025\/03\/primecast-01-demitida-meses-pedir-seguro-desemprego-canva.jpg\" \/>\n\t<meta property=\"og:image:width\" content=\"1280\" \/>\n\t<meta property=\"og:image:height\" content=\"720\" \/>\n\t<meta property=\"og:image:type\" content=\"image\/jpeg\" \/>\n<meta name=\"author\" content=\"yasmin.moreno\" \/>\n<meta name=\"twitter:label1\" content=\"Escrito por\" \/>\n\t<meta name=\"twitter:data1\" content=\"yasmin.moreno\" \/>\n\t<meta name=\"twitter:label2\" content=\"Est. tempo de leitura\" \/>\n\t<meta name=\"twitter:data2\" content=\"12 minutos\" \/>\n<script type=\"application\/ld+json\" class=\"yoast-schema-graph\">{\"@context\":\"https:\\\/\\\/schema.org\",\"@graph\":[{\"@type\":\"Article\",\"@id\":\"https:\\\/\\\/www.primecursos.com.br\\\/blog\\\/ate-quando-posso-solicitar-o-seguro-desemprego\\\/#article\",\"isPartOf\":{\"@id\":\"https:\\\/\\\/www.primecursos.com.br\\\/blog\\\/ate-quando-posso-solicitar-o-seguro-desemprego\\\/\"},\"author\":{\"name\":\"yasmin.moreno\",\"@id\":\"https:\\\/\\\/www.primecursos.com.br\\\/blog\\\/#\\\/schema\\\/person\\\/a84b284f4e319f54be681cfe0b7f2734\"},\"headline\":\"At\u00e9 Quando Posso Solicitar o Seguro-Desemprego? Descubra!\",\"datePublished\":\"2025-04-28T10:30:00+00:00\",\"mainEntityOfPage\":{\"@id\":\"https:\\\/\\\/www.primecursos.com.br\\\/blog\\\/ate-quando-posso-solicitar-o-seguro-desemprego\\\/\"},\"wordCount\":1140,\"publisher\":{\"@id\":\"https:\\\/\\\/www.primecursos.com.br\\\/blog\\\/#organization\"},\"image\":{\"@id\":\"https:\\\/\\\/www.primecursos.com.br\\\/blog\\\/ate-quando-posso-solicitar-o-seguro-desemprego\\\/#primaryimage\"},\"thumbnailUrl\":\"https:\\\/\\\/www.primecursos.com.br\\\/blog\\\/wp-content\\\/uploads\\\/2025\\\/03\\\/primecast-01-demitida-meses-pedir-seguro-desemprego-canva.jpg\",\"articleSection\":[\"Artigos\"],\"inLanguage\":\"pt-BR\"},{\"@type\":\"WebPage\",\"@id\":\"https:\\\/\\\/www.primecursos.com.br\\\/blog\\\/ate-quando-posso-solicitar-o-seguro-desemprego\\\/\",\"url\":\"https:\\\/\\\/www.primecursos.com.br\\\/blog\\\/ate-quando-posso-solicitar-o-seguro-desemprego\\\/\",\"name\":\"At\u00e9 Quando Posso Solicitar o Seguro-Desemprego? Descubra! | Prime Cursos\",\"isPartOf\":{\"@id\":\"https:\\\/\\\/www.primecursos.com.br\\\/blog\\\/#website\"},\"primaryImageOfPage\":{\"@id\":\"https:\\\/\\\/www.primecursos.com.br\\\/blog\\\/ate-quando-posso-solicitar-o-seguro-desemprego\\\/#primaryimage\"},\"image\":{\"@id\":\"https:\\\/\\\/www.primecursos.com.br\\\/blog\\\/ate-quando-posso-solicitar-o-seguro-desemprego\\\/#primaryimage\"},\"thumbnailUrl\":\"https:\\\/\\\/www.primecursos.com.br\\\/blog\\\/wp-content\\\/uploads\\\/2025\\\/03\\\/primecast-01-demitida-meses-pedir-seguro-desemprego-canva.jpg\",\"datePublished\":\"2025-04-28T10:30:00+00:00\",\"description\":\"Perdeu o prazo do seguro-desemprego? Saiba at\u00e9 quando \u00e9 poss\u00edvel solicitar e evite perder esse benef\u00edcio essencial. Confira agora!\",\"breadcrumb\":{\"@id\":\"https:\\\/\\\/www.primecursos.com.br\\\/blog\\\/ate-quando-posso-solicitar-o-seguro-desemprego\\\/#breadcrumb\"},\"inLanguage\":\"pt-BR\",\"potentialAction\":[{\"@type\":\"ReadAction\",\"target\":[\"https:\\\/\\\/www.primecursos.com.br\\\/blog\\\/ate-quando-posso-solicitar-o-seguro-desemprego\\\/\"]}]},{\"@type\":\"ImageObject\",\"inLanguage\":\"pt-BR\",\"@id\":\"https:\\\/\\\/www.primecursos.com.br\\\/blog\\\/ate-quando-posso-solicitar-o-seguro-desemprego\\\/#primaryimage\",\"url\":\"https:\\\/\\\/www.primecursos.com.br\\\/blog\\\/wp-content\\\/uploads\\\/2025\\\/03\\\/primecast-01-demitida-meses-pedir-seguro-desemprego-canva.jpg\",\"contentUrl\":\"https:\\\/\\\/www.primecursos.com.br\\\/blog\\\/wp-content\\\/uploads\\\/2025\\\/03\\\/primecast-01-demitida-meses-pedir-seguro-desemprego-canva.jpg\",\"width\":1280,\"height\":720,\"caption\":\"Dr. Marcus Mingardi respondendo \u00e0 d\u00favida de uma aluna da Prime Cursos, que questiona se ainda tem direito ao seguro-desemprego ap\u00f3s tr\u00eas meses de sua demiss\u00e3o.\"},{\"@type\":\"BreadcrumbList\",\"@id\":\"https:\\\/\\\/www.primecursos.com.br\\\/blog\\\/ate-quando-posso-solicitar-o-seguro-desemprego\\\/#breadcrumb\",\"itemListElement\":[{\"@type\":\"ListItem\",\"position\":1,\"name\":\"In\u00edcio\",\"item\":\"https:\\\/\\\/www.primecursos.com.br\\\/blog\\\/\"},{\"@type\":\"ListItem\",\"position\":2,\"name\":\"Artigos\",\"item\":\"https:\\\/\\\/www.primecursos.com.br\\\/blog\\\/artigos\\\/\"},{\"@type\":\"ListItem\",\"position\":3,\"name\":\"At\u00e9 Quando Posso Solicitar o Seguro-Desemprego? Descubra!\"}]},{\"@type\":\"WebSite\",\"@id\":\"https:\\\/\\\/www.primecursos.com.br\\\/blog\\\/#website\",\"url\":\"https:\\\/\\\/www.primecursos.com.br\\\/blog\\\/\",\"name\":\"Prime Cursos\",\"description\":\"Cursos gr\u00e1tis com certificado v\u00e1lido\",\"publisher\":{\"@id\":\"https:\\\/\\\/www.primecursos.com.br\\\/blog\\\/#organization\"},\"potentialAction\":[{\"@type\":\"SearchAction\",\"target\":{\"@type\":\"EntryPoint\",\"urlTemplate\":\"https:\\\/\\\/www.primecursos.com.br\\\/blog\\\/?s={search_term_string}\"},\"query-input\":{\"@type\":\"PropertyValueSpecification\",\"valueRequired\":true,\"valueName\":\"search_term_string\"}}],\"inLanguage\":\"pt-BR\"},{\"@type\":\"Organization\",\"@id\":\"https:\\\/\\\/www.primecursos.com.br\\\/blog\\\/#organization\",\"name\":\"Prime Cursos Online\",\"url\":\"https:\\\/\\\/www.primecursos.com.br\\\/blog\\\/\",\"logo\":{\"@type\":\"ImageObject\",\"inLanguage\":\"pt-BR\",\"@id\":\"https:\\\/\\\/www.primecursos.com.br\\\/blog\\\/#\\\/schema\\\/logo\\\/image\\\/\",\"url\":\"https:\\\/\\\/www.primecursos.com.br\\\/blog\\\/wp-content\\\/uploads\\\/2018\\\/03\\\/prime-cursos-gratis-online-logo-070318b-1.png\",\"contentUrl\":\"https:\\\/\\\/www.primecursos.com.br\\\/blog\\\/wp-content\\\/uploads\\\/2018\\\/03\\\/prime-cursos-gratis-online-logo-070318b-1.png\",\"width\":330,\"height\":80,\"caption\":\"Prime Cursos Online\"},\"image\":{\"@id\":\"https:\\\/\\\/www.primecursos.com.br\\\/blog\\\/#\\\/schema\\\/logo\\\/image\\\/\"},\"sameAs\":[\"https:\\\/\\\/www.facebook.com\\\/primecursos\\\/\",\"https:\\\/\\\/x.com\\\/primecursosbr\"]},{\"@type\":\"Person\",\"@id\":\"https:\\\/\\\/www.primecursos.com.br\\\/blog\\\/#\\\/schema\\\/person\\\/a84b284f4e319f54be681cfe0b7f2734\",\"name\":\"yasmin.moreno\",\"image\":{\"@type\":\"ImageObject\",\"inLanguage\":\"pt-BR\",\"@id\":\"https:\\\/\\\/secure.gravatar.com\\\/avatar\\\/c72c0671d03e6ce3833a273f26313d575d6a5344cf4ce5f64706726a55773792?s=96&d=mm&r=g\",\"url\":\"https:\\\/\\\/secure.gravatar.com\\\/avatar\\\/c72c0671d03e6ce3833a273f26313d575d6a5344cf4ce5f64706726a55773792?s=96&d=mm&r=g\",\"contentUrl\":\"https:\\\/\\\/secure.gravatar.com\\\/avatar\\\/c72c0671d03e6ce3833a273f26313d575d6a5344cf4ce5f64706726a55773792?s=96&d=mm&r=g\",\"caption\":\"yasmin.moreno\"},\"url\":\"https:\\\/\\\/www.primecursos.com.br\\\/blog\\\/author\\\/yasmin-moreno\\\/\"}]}<\/script>\n<!-- \/ Yoast SEO plugin. -->","yoast_head_json":{"title":"At\u00e9 Quando Posso Solicitar o Seguro-Desemprego? Descubra! | Prime Cursos","description":"Perdeu o prazo do seguro-desemprego? Saiba at\u00e9 quando \u00e9 poss\u00edvel solicitar e evite perder esse benef\u00edcio essencial. Confira agora!","robots":{"index":"index","follow":"follow","max-snippet":"max-snippet:-1","max-image-preview":"max-image-preview:large","max-video-preview":"max-video-preview:-1"},"canonical":"https:\/\/www.primecursos.com.br\/blog\/ate-quando-posso-solicitar-o-seguro-desemprego\/","og_locale":"pt_BR","og_type":"article","og_title":"At\u00e9 Quando Posso Solicitar o Seguro-Desemprego? Descubra! | Prime Cursos","og_description":"Perdeu o prazo do seguro-desemprego? Saiba at\u00e9 quando \u00e9 poss\u00edvel solicitar e evite perder esse benef\u00edcio essencial. Confira agora!","og_url":"https:\/\/www.primecursos.com.br\/blog\/ate-quando-posso-solicitar-o-seguro-desemprego\/","og_site_name":"Prime Cursos","article_publisher":"https:\/\/www.facebook.com\/primecursos\/","article_published_time":"2025-04-28T10:30:00+00:00","og_image":[{"width":1280,"height":720,"url":"https:\/\/www.primecursos.com.br\/blog\/wp-content\/uploads\/2025\/03\/primecast-01-demitida-meses-pedir-seguro-desemprego-canva.jpg","type":"image\/jpeg"}],"author":"yasmin.moreno","twitter_misc":{"Escrito por":"yasmin.moreno","Est. tempo de leitura":"12 minutos"},"schema":{"@context":"https:\/\/schema.org","@graph":[{"@type":"Article","@id":"https:\/\/www.primecursos.com.br\/blog\/ate-quando-posso-solicitar-o-seguro-desemprego\/#article","isPartOf":{"@id":"https:\/\/www.primecursos.com.br\/blog\/ate-quando-posso-solicitar-o-seguro-desemprego\/"},"author":{"name":"yasmin.moreno","@id":"https:\/\/www.primecursos.com.br\/blog\/#\/schema\/person\/a84b284f4e319f54be681cfe0b7f2734"},"headline":"At\u00e9 Quando Posso Solicitar o Seguro-Desemprego? Descubra!","datePublished":"2025-04-28T10:30:00+00:00","mainEntityOfPage":{"@id":"https:\/\/www.primecursos.com.br\/blog\/ate-quando-posso-solicitar-o-seguro-desemprego\/"},"wordCount":1140,"publisher":{"@id":"https:\/\/www.primecursos.com.br\/blog\/#organization"},"image":{"@id":"https:\/\/www.primecursos.com.br\/blog\/ate-quando-posso-solicitar-o-seguro-desemprego\/#primaryimage"},"thumbnailUrl":"https:\/\/www.primecursos.com.br\/blog\/wp-content\/uploads\/2025\/03\/primecast-01-demitida-meses-pedir-seguro-desemprego-canva.jpg","articleSection":["Artigos"],"inLanguage":"pt-BR"},{"@type":"WebPage","@id":"https:\/\/www.primecursos.com.br\/blog\/ate-quando-posso-solicitar-o-seguro-desemprego\/","url":"https:\/\/www.primecursos.com.br\/blog\/ate-quando-posso-solicitar-o-seguro-desemprego\/","name":"At\u00e9 Quando Posso Solicitar o Seguro-Desemprego? Descubra! | Prime Cursos","isPartOf":{"@id":"https:\/\/www.primecursos.com.br\/blog\/#website"},"primaryImageOfPage":{"@id":"https:\/\/www.primecursos.com.br\/blog\/ate-quando-posso-solicitar-o-seguro-desemprego\/#primaryimage"},"image":{"@id":"https:\/\/www.primecursos.com.br\/blog\/ate-quando-posso-solicitar-o-seguro-desemprego\/#primaryimage"},"thumbnailUrl":"https:\/\/www.primecursos.com.br\/blog\/wp-content\/uploads\/2025\/03\/primecast-01-demitida-meses-pedir-seguro-desemprego-canva.jpg","datePublished":"2025-04-28T10:30:00+00:00","description":"Perdeu o prazo do seguro-desemprego? Saiba at\u00e9 quando \u00e9 poss\u00edvel solicitar e evite perder esse benef\u00edcio essencial. Confira agora!","breadcrumb":{"@id":"https:\/\/www.primecursos.com.br\/blog\/ate-quando-posso-solicitar-o-seguro-desemprego\/#breadcrumb"},"inLanguage":"pt-BR","potentialAction":[{"@type":"ReadAction","target":["https:\/\/www.primecursos.com.br\/blog\/ate-quando-posso-solicitar-o-seguro-desemprego\/"]}]},{"@type":"ImageObject","inLanguage":"pt-BR","@id":"https:\/\/www.primecursos.com.br\/blog\/ate-quando-posso-solicitar-o-seguro-desemprego\/#primaryimage","url":"https:\/\/www.primecursos.com.br\/blog\/wp-content\/uploads\/2025\/03\/primecast-01-demitida-meses-pedir-seguro-desemprego-canva.jpg","contentUrl":"https:\/\/www.primecursos.com.br\/blog\/wp-content\/uploads\/2025\/03\/primecast-01-demitida-meses-pedir-seguro-desemprego-canva.jpg","width":1280,"height":720,"caption":"Dr. Marcus Mingardi respondendo \u00e0 d\u00favida de uma aluna da Prime Cursos, que questiona se ainda tem direito ao seguro-desemprego ap\u00f3s tr\u00eas meses de sua demiss\u00e3o."},{"@type":"BreadcrumbList","@id":"https:\/\/www.primecursos.com.br\/blog\/ate-quando-posso-solicitar-o-seguro-desemprego\/#breadcrumb","itemListElement":[{"@type":"ListItem","position":1,"name":"In\u00edcio","item":"https:\/\/www.primecursos.com.br\/blog\/"},{"@type":"ListItem","position":2,"name":"Artigos","item":"https:\/\/www.primecursos.com.br\/blog\/artigos\/"},{"@type":"ListItem","position":3,"name":"At\u00e9 Quando Posso Solicitar o Seguro-Desemprego? Descubra!"}]},{"@type":"WebSite","@id":"https:\/\/www.primecursos.com.br\/blog\/#website","url":"https:\/\/www.primecursos.com.br\/blog\/","name":"Prime Cursos","description":"Cursos gr\u00e1tis com certificado v\u00e1lido","publisher":{"@id":"https:\/\/www.primecursos.com.br\/blog\/#organization"},"potentialAction":[{"@type":"SearchAction","target":{"@type":"EntryPoint","urlTemplate":"https:\/\/www.primecursos.com.br\/blog\/?s={search_term_string}"},"query-input":{"@type":"PropertyValueSpecification","valueRequired":true,"valueName":"search_term_string"}}],"inLanguage":"pt-BR"},{"@type":"Organization","@id":"https:\/\/www.primecursos.com.br\/blog\/#organization","name":"Prime Cursos Online","url":"https:\/\/www.primecursos.com.br\/blog\/","logo":{"@type":"ImageObject","inLanguage":"pt-BR","@id":"https:\/\/www.primecursos.com.br\/blog\/#\/schema\/logo\/image\/","url":"https:\/\/www.primecursos.com.br\/blog\/wp-content\/uploads\/2018\/03\/prime-cursos-gratis-online-logo-070318b-1.png","contentUrl":"https:\/\/www.primecursos.com.br\/blog\/wp-content\/uploads\/2018\/03\/prime-cursos-gratis-online-logo-070318b-1.png","width":330,"height":80,"caption":"Prime Cursos Online"},"image":{"@id":"https:\/\/www.primecursos.com.br\/blog\/#\/schema\/logo\/image\/"},"sameAs":["https:\/\/www.facebook.com\/primecursos\/","https:\/\/x.com\/primecursosbr"]},{"@type":"Person","@id":"https:\/\/www.primecursos.com.br\/blog\/#\/schema\/person\/a84b284f4e319f54be681cfe0b7f2734","name":"yasmin.moreno","image":{"@type":"ImageObject","inLanguage":"pt-BR","@id":"https:\/\/secure.gravatar.com\/avatar\/c72c0671d03e6ce3833a273f26313d575d6a5344cf4ce5f64706726a55773792?s=96&d=mm&r=g","url":"https:\/\/secure.gravatar.com\/avatar\/c72c0671d03e6ce3833a273f26313d575d6a5344cf4ce5f64706726a55773792?s=96&d=mm&r=g","contentUrl":"https:\/\/secure.gravatar.com\/avatar\/c72c0671d03e6ce3833a273f26313d575d6a5344cf4ce5f64706726a55773792?s=96&d=mm&r=g","caption":"yasmin.moreno"},"url":"https:\/\/www.primecursos.com.br\/blog\/author\/yasmin-moreno\/"}]}},"taxonomy_info":{"category":[{"value":1,"label":"Artigos"}]},"featured_image_src_large":["https:\/\/www.primecursos.com.br\/blog\/wp-content\/uploads\/2025\/03\/primecast-01-demitida-meses-pedir-seguro-desemprego-canva-1024x576.jpg",1024,576,true],"author_info":{"display_name":"yasmin.moreno","author_link":"https:\/\/www.primecursos.com.br\/blog\/author\/yasmin-moreno\/"},"comment_info":0,"category_info":[{"term_id":1,"name":"Artigos","slug":"artigos","term_group":0,"term_taxonomy_id":1,"taxonomy":"category","description":"","parent":0,"count":983,"filter":"raw","cat_ID":1,"category_count":983,"category_description":"","cat_name":"Artigos","category_nicename":"artigos","category_parent":0}],"tag_info":false,"_links":{"self":[{"href":"https:\/\/www.primecursos.com.br\/blog\/wp-json\/wp\/v2\/posts\/20518","targetHints":{"allow":["GET"]}}],"collection":[{"href":"https:\/\/www.primecursos.com.br\/blog\/wp-json\/wp\/v2\/posts"}],"about":[{"href":"https:\/\/www.primecursos.com.br\/blog\/wp-json\/wp\/v2\/types\/post"}],"author":[{"embeddable":true,"href":"https:\/\/www.primecursos.com.br\/blog\/wp-json\/wp\/v2\/users\/25"}],"replies":[{"embeddable":true,"href":"https:\/\/www.primecursos.com.br\/blog\/wp-json\/wp\/v2\/comments?post=20518"}],"version-history":[{"count":0,"href":"https:\/\/www.primecursos.com.br\/blog\/wp-json\/wp\/v2\/posts\/20518\/revisions"}],"wp:featuredmedia":[{"embeddable":true,"href":"https:\/\/www.primecursos.com.br\/blog\/wp-json\/wp\/v2\/media\/20528"}],"wp:attachment":[{"href":"https:\/\/www.primecursos.com.br\/blog\/wp-json\/wp\/v2\/media?parent=20518"}],"wp:term":[{"taxonomy":"category","embeddable":true,"href":"https:\/\/www.primecursos.com.br\/blog\/wp-json\/wp\/v2\/categories?post=20518"},{"taxonomy":"post_tag","embeddable":true,"href":"https:\/\/www.primecursos.com.br\/blog\/wp-json\/wp\/v2\/tags?post=20518"}],"curies":[{"name":"wp","href":"https:\/\/api.w.org\/{rel}","templated":true}]}}