{"id":20729,"date":"2025-07-23T10:00:00","date_gmt":"2025-07-23T10:00:00","guid":{"rendered":"https:\/\/www.primecursos.com.br\/blog\/?p=20729"},"modified":"2025-06-26T19:45:47","modified_gmt":"2025-06-26T19:45:47","slug":"coletivo-de-estrelas-duvidas-de-portugues","status":"publish","type":"post","link":"https:\/\/www.primecursos.com.br\/blog\/coletivo-de-estrelas-duvidas-de-portugues\/","title":{"rendered":"Coletivo de Estrelas: Resolvendo D\u00favidas de Portugu\u00eas"},"content":{"rendered":"\n<p>Voc\u00ea j\u00e1 parou para pensar qual \u00e9 o nome certo para um grupo de estrelas? Embora essa d\u00favida pare\u00e7a apenas uma curiosidade, ela revela algo interessante sobre a l\u00edngua portuguesa, especialmente sobre como organizamos conjuntos por meio de palavras espec\u00edficas e expressivas, as quais denominamos como &#8220;Substantivos Coletivos&#8221;.<\/p>\n\n\n\n<p>Mesmo quem j\u00e1 teve contato com esse assunto na escola pode, com o tempo, esquecer como esses termos funcionam no cotidiano. J\u00e1 que, nem todos s\u00e3o t\u00e3o familiares como &#8220;plateia&#8221; ou &#8220;cardume&#8221;, e acabam passando despercebidos, como \u00e9 o caso do coletivo de estrelas.<\/p>\n\n\n\n<p>Desse modo, compreender e utilizar corretamente os coletivos n\u00e3o apenas torna a comunica\u00e7\u00e3o mais precisa e elegante, mas tamb\u00e9m representa um diferencial importante em situa\u00e7\u00f5es como reda\u00e7\u00f5es, concursos e provas escolares. Neste post, vamos entender o que s\u00e3o os substantivos coletivos, como surgem, onde aparecem no dia a dia e, claro, qual \u00e9 o coletivo de estrelas e seu significado cultural e lingu\u00edstico.<\/p>\n\n\n\n<!--more-->\n\n\n\n<h2 class=\"wp-block-heading\" id=\"h-entenda-o-que-e-o-substantivo-coletivo-na-lingua-portuguesa\">Entenda o que \u00e9 o substantivo coletivo na l\u00edngua portuguesa<\/h2>\n\n\n\n<p>A l\u00edngua portuguesa conta com recursos que tornam a comunica\u00e7\u00e3o mais pr\u00e1tica, e os substantivos coletivos s\u00e3o um excelente exemplo disso. Eles s\u00e3o palavras que representam um grupo de elementos semelhantes, permitindo resumir o conjunto em uma \u00fanica express\u00e3o e trazendo agilidade \u00e0 comunica\u00e7\u00e3o.<\/p>\n\n\n\n<p>Ademais, existem dois tipos principais de coletivos: os gen\u00e9ricos e os espec\u00edficos. Os gen\u00e9ricos s\u00e3o usados para diferentes elementos, como &#8220;grupo&#8221;, &#8220;conjunto&#8221; ou &#8220;multid\u00e3o&#8221;. J\u00e1 os espec\u00edficos s\u00e3o exclusivos para determinadas categorias, como &#8220;cardume&#8221; para peixes ou <a href=\"https:\/\/www.primecursos.com.br\/blog\/coletivo-borboletas-conhece-esse-termo\/\">&#8220;panapan\u00e1&#8221;<\/a> para borboletas.<\/p>\n\n\n<div class=\"wp-block-image\">\n<figure class=\"aligncenter size-full\"><a href=\"https:\/\/www.primecursos.com.br\/blog\/wp-content\/uploads\/2025\/04\/mao-escrevendo-quadro-negro-coletivos-canva.png\"><img decoding=\"async\" width=\"1020\" height=\"680\" src=\"https:\/\/www.primecursos.com.br\/blog\/wp-content\/uploads\/2025\/04\/mao-escrevendo-quadro-negro-coletivos-canva.png\" alt=\"mao escrevendo em um quadro negro a palavra &quot;coletivos&quot;\" class=\"wp-image-20749\" srcset=\"https:\/\/www.primecursos.com.br\/blog\/wp-content\/uploads\/2025\/04\/mao-escrevendo-quadro-negro-coletivos-canva.png 1020w, https:\/\/www.primecursos.com.br\/blog\/wp-content\/uploads\/2025\/04\/mao-escrevendo-quadro-negro-coletivos-canva-300x200.png 300w, https:\/\/www.primecursos.com.br\/blog\/wp-content\/uploads\/2025\/04\/mao-escrevendo-quadro-negro-coletivos-canva-768x512.png 768w, https:\/\/www.primecursos.com.br\/blog\/wp-content\/uploads\/2025\/04\/mao-escrevendo-quadro-negro-coletivos-canva-150x100.png 150w\" sizes=\"(max-width: 1020px) 100vw, 1020px\" \/><\/a><\/figure>\n<\/div>\n\n\n<p>Desse modo, conhecer tanto os coletivos gen\u00e9ricos quanto os espec\u00edficos permite uma comunica\u00e7\u00e3o mais refinada. O que \u00e9 \u00fatil n\u00e3o apenas em ambientes escolares ou profissionais, mas tamb\u00e9m em situa\u00e7\u00f5es informais, ampliando nosso repert\u00f3rio lingu\u00edstico e expressivo.\u00a0Pois, mesmo que nem sempre percebamos, os termos de agrupamento est\u00e3o presentes em diversas situa\u00e7\u00f5es cotidianas e est\u00e3o sempre prontos para serem utilizados.<\/p>\n\n\n\n<h3 class=\"wp-block-heading\" id=\"h-substantivos-coletivos-seguem-alguma-regra-de-formacao\">Substantivos coletivos seguem alguma regra de forma\u00e7\u00e3o?<\/h3>\n\n\n\n<p>Ao contr\u00e1rio de outras classes de palavras, a forma\u00e7\u00e3o dos substantivos coletivos n\u00e3o segue uma regra fixa. J\u00e1 que, na maioria dos casos, esses termos surgiram historicamente, sem a necessidade de padr\u00f5es de forma\u00e7\u00e3o ou regras espec\u00edficas.<\/p>\n\n\n\n<p>Sendo assim, essa imprevisibilidade \u00e9 o que muitas vezes gera confus\u00e3o. Pois, em alguns casos, o significado do coletivo n\u00e3o tem uma liga\u00e7\u00e3o direta e \u00f3bvia com o grupo que representa. E, em outros, h\u00e1 mais de uma palavra poss\u00edvel para o mesmo tipo de conjunto, o que amplia ainda mais as d\u00favidas.<\/p>\n\n\n\n<p>Por isso, aprender os coletivos depende muito mais da observa\u00e7\u00e3o e da pr\u00e1tica do que da l\u00f3gica. Pois, ao se familiarizar com o uso em diferentes contextos e ver exemplos reais, a memoriza\u00e7\u00e3o ocorre de forma natural e sem complica\u00e7\u00f5es.<\/p>\n\n\n\n<h3 class=\"wp-block-heading\" id=\"h-como-identificar-os-coletivos-no-cotidiano\">Como identificar os coletivos no cotidiano?<\/h3>\n\n\n\n<p>Identificar um substantivo coletivo no cotidiano \u00e9 mais simples do que parece. Para come\u00e7ar, \u00e9 importante observar se uma palavra est\u00e1 sendo usada para representar um grupo de elementos semelhantes. Por exemplo, ao ouvirmos &#8220;manada&#8221;, imediatamente entendemos que se trata de v\u00e1rios bois, mesmo sem citar cada um.<\/p>\n\n\n\n<p>Al\u00e9m disso, essas palavras aparecem de forma espont\u00e2nea em diversos contextos, como conversas informais, notici\u00e1rios, m\u00fasicas, filmes, postagens em redes sociais e propagandas. Sempre que uma express\u00e3o consegue resumir uma coletividade em uma s\u00f3 palavra, estamos diante de um poss\u00edvel substantivo coletivo.<\/p>\n\n\n<div class=\"wp-block-image\">\n<figure class=\"aligncenter size-full\"><a href=\"https:\/\/www.primecursos.com.br\/blog\/wp-content\/uploads\/2025\/02\/ac77ac1d-18c1-4272-95ba-43425427dc5f.jpeg\"><img decoding=\"async\" width=\"795\" height=\"400\" src=\"https:\/\/www.primecursos.com.br\/blog\/wp-content\/uploads\/2025\/02\/ac77ac1d-18c1-4272-95ba-43425427dc5f.jpeg\" alt=\"Homem pensativo olhando para cima com express\u00e3o de d\u00favida, enquanto v\u00e1rios pontos de interroga\u00e7\u00e3o flutuam sobre sua cabe\u00e7a. Imagem conceitual representando incerteza, questionamento ou reflex\u00e3o sobre um tema complexo.\" class=\"wp-image-19987\" srcset=\"https:\/\/www.primecursos.com.br\/blog\/wp-content\/uploads\/2025\/02\/ac77ac1d-18c1-4272-95ba-43425427dc5f.jpeg 795w, https:\/\/www.primecursos.com.br\/blog\/wp-content\/uploads\/2025\/02\/ac77ac1d-18c1-4272-95ba-43425427dc5f-300x151.jpeg 300w, https:\/\/www.primecursos.com.br\/blog\/wp-content\/uploads\/2025\/02\/ac77ac1d-18c1-4272-95ba-43425427dc5f-768x386.jpeg 768w, https:\/\/www.primecursos.com.br\/blog\/wp-content\/uploads\/2025\/02\/ac77ac1d-18c1-4272-95ba-43425427dc5f-150x75.jpeg 150w\" sizes=\"(max-width: 795px) 100vw, 795px\" \/><\/a><\/figure>\n<\/div>\n\n\n<p>Para facilitar esse reconhecimento, uma boa estrat\u00e9gia \u00e9 prestar aten\u00e7\u00e3o aos substantivos que acompanham verbos no plural ou surgem em frases com sentido de agrupamento. Termos como &#8220;multid\u00e3o&#8221;, &#8220;plateia&#8221; ou &#8220;cardume&#8221; costumam aparecer nesses contextos e ilustram bem o uso dos coletivos.<\/p>\n\n\n\n<p>Por fim, com a pr\u00e1tica constante, esse olhar se torna mais refinado, permitindo identificar tamb\u00e9m coletivos menos usuais. Assim, expandir o vocabul\u00e1rio e utilizar palavras com mais precis\u00e3o se transforma em uma habilidade natural no dia a dia.<\/p>\n\n\n\n<h2 class=\"wp-block-heading\">Afinal, qual \u00e9 o coletivo de estrelas?<\/h2>\n\n\n\n<p>A palavra que representa um conjunto de estrelas \u00e9 &#8220;constela\u00e7\u00e3o&#8221;. Embora seja um termo bastante conhecido no contexto da astronomia, nem sempre as pessoas o reconhecem como um substantivo coletivo. Isso acontece porque o significado simb\u00f3lico da palavra costuma se sobrepor ao gramatical.<\/p>\n\n\n\n<p>Sendo assim, o pr\u00f3prio termo &#8220;constela\u00e7\u00e3o&#8221; carrega uma bagagem cultural e hist\u00f3rica profunda, que ultrapassa a simples indica\u00e7\u00e3o de um grupo f\u00edsico de astros. Isso faz com que seu entendimento v\u00e1 al\u00e9m das defini\u00e7\u00f5es tradicionais de coletivos. A seguir, vamos explicar mais detalhadamente sobre sua origem e populariza\u00e7\u00e3o:<\/p>\n\n\n\n<h3 class=\"wp-block-heading\" id=\"h-a-origem-e-popularizacao-do-termo\">A origem e populariza\u00e7\u00e3o do termo<\/h3>\n\n\n\n<p>Saber que &#8220;constela\u00e7\u00e3o&#8221; \u00e9 o coletivo de estrelas \u00e9 apenas o primeiro passo. A verdadeira riqueza desse termo est\u00e1 no que ele representa. Como j\u00e1 vimos, ao contr\u00e1rio de coletivos mais diretos, como &#8220;rataria&#8221; ou &#8220;frota&#8221;, a palavra &#8220;constela\u00e7\u00e3o&#8221; evoca hist\u00f3rias, s\u00edmbolos e interpreta\u00e7\u00f5es visuais que acompanharam a humanidade ao longo dos s\u00e9culos.<\/p>\n\n\n<div class=\"wp-block-image\">\n<figure class=\"aligncenter size-full\"><a href=\"https:\/\/www.primecursos.com.br\/blog\/wp-content\/uploads\/2025\/04\/constelacao-canva.jpg\"><img decoding=\"async\" width=\"1020\" height=\"680\" src=\"https:\/\/www.primecursos.com.br\/blog\/wp-content\/uploads\/2025\/04\/constelacao-canva.jpg\" alt=\"Estrelas no espa\u00e7o com linhas conectando formando constela\u00e7\u00f5es\" class=\"wp-image-20743\" srcset=\"https:\/\/www.primecursos.com.br\/blog\/wp-content\/uploads\/2025\/04\/constelacao-canva.jpg 1020w, https:\/\/www.primecursos.com.br\/blog\/wp-content\/uploads\/2025\/04\/constelacao-canva-300x200.jpg 300w, https:\/\/www.primecursos.com.br\/blog\/wp-content\/uploads\/2025\/04\/constelacao-canva-768x512.jpg 768w, https:\/\/www.primecursos.com.br\/blog\/wp-content\/uploads\/2025\/04\/constelacao-canva-150x100.jpg 150w\" sizes=\"(max-width: 1020px) 100vw, 1020px\" \/><\/a><\/figure>\n<\/div>\n\n\n<p>Desde as civiliza\u00e7\u00f5es antigas, os agrupamentos de estrelas serviram como ferramentas para orienta\u00e7\u00e3o e contagem do tempo. Povos como gregos, eg\u00edpcios, chineses e ind\u00edgenas desenhavam figuras conectando os pontos luminosos do c\u00e9u, criando mitos e sistemas de organiza\u00e7\u00e3o temporal.<\/p>\n\n\n\n<p>Portanto, ao falar em &#8220;constela\u00e7\u00e3o&#8221;, estamos lidando com muito mais do que um agrupamento f\u00edsico. Estamos mencionando representa\u00e7\u00f5es culturais que atravessaram gera\u00e7\u00f5es, unindo observa\u00e7\u00e3o cient\u00edfica, cren\u00e7as espirituais e tradi\u00e7\u00f5es orais em um \u00fanico conceito. Dessa forma, preservamos a mem\u00f3ria de civiliza\u00e7\u00f5es passadas e nos lembramos que, ao olhar para o c\u00e9u, estamos contemplando vest\u00edgios vivos da hist\u00f3ria do universo.<\/p>\n\n\n\n<p>Ademais, talves seja por esse motivo que o termo &#8220;constela\u00e7\u00e3o&#8221; confunde muita gente, pois ele n\u00e3o apenas agrupa elementos semelhantes, mas tamb\u00e9m constr\u00f3i sentido, oferecendo interpreta\u00e7\u00f5es variadas de acordo com a cultura de cada povo.<\/p>\n\n\n\n<h3 class=\"wp-block-heading\">Exemplos de frases com \u201cConstela\u00e7\u00e3o\u201d<\/h3>\n\n\n\n<p>Agora que entendemos o significado e o valor cultural do termo &#8220;constela\u00e7\u00e3o&#8221; como coletivo de estrelas, \u00e9 hora de ver como ele pode ser aplicado em diferentes contextos. Abaixo, confira exemplos de frases que utilizam essa palavra de forma clara e expressiva:<\/p>\n\n\n\n<figure class=\"wp-block-gallery has-nested-images columns-default is-cropped wp-block-gallery-1 is-layout-flex wp-block-gallery-is-layout-flex\">\n<figure class=\"wp-block-image size-large\"><a href=\"https:\/\/www.primecursos.com.br\/blog\/wp-content\/uploads\/2025\/06\/frase-astronomos-identificaram-constelacao-canva.jpg\"><img decoding=\"async\" width=\"819\" height=\"1024\" data-id=\"21527\" src=\"https:\/\/www.primecursos.com.br\/blog\/wp-content\/uploads\/2025\/06\/frase-astronomos-identificaram-constelacao-canva-819x1024.jpg\" alt=\"Exemplo de frase: Astr\u00f4nomos identificaram uma nova constela\u00e7\u00e3o vis\u00edvel no hemisf\u00e9rio sul.\" class=\"wp-image-21527\" srcset=\"https:\/\/www.primecursos.com.br\/blog\/wp-content\/uploads\/2025\/06\/frase-astronomos-identificaram-constelacao-canva-819x1024.jpg 819w, https:\/\/www.primecursos.com.br\/blog\/wp-content\/uploads\/2025\/06\/frase-astronomos-identificaram-constelacao-canva-240x300.jpg 240w, https:\/\/www.primecursos.com.br\/blog\/wp-content\/uploads\/2025\/06\/frase-astronomos-identificaram-constelacao-canva-768x960.jpg 768w, https:\/\/www.primecursos.com.br\/blog\/wp-content\/uploads\/2025\/06\/frase-astronomos-identificaram-constelacao-canva-150x188.jpg 150w, https:\/\/www.primecursos.com.br\/blog\/wp-content\/uploads\/2025\/06\/frase-astronomos-identificaram-constelacao-canva.jpg 1080w\" sizes=\"(max-width: 819px) 100vw, 819px\" \/><\/a><\/figure>\n\n\n\n<figure class=\"wp-block-image size-large\"><a href=\"https:\/\/www.primecursos.com.br\/blog\/wp-content\/uploads\/2025\/06\/frase-figura-diferente-constelacao-canva.jpg\"><img decoding=\"async\" width=\"819\" height=\"1024\" data-id=\"21528\" src=\"https:\/\/www.primecursos.com.br\/blog\/wp-content\/uploads\/2025\/06\/frase-figura-diferente-constelacao-canva-819x1024.jpg\" alt=\"Exemplo de frase: Cada pessoa enxergava uma figura diferente ao observar a mesma constela\u00e7\u00e3o.\" class=\"wp-image-21528\" srcset=\"https:\/\/www.primecursos.com.br\/blog\/wp-content\/uploads\/2025\/06\/frase-figura-diferente-constelacao-canva-819x1024.jpg 819w, https:\/\/www.primecursos.com.br\/blog\/wp-content\/uploads\/2025\/06\/frase-figura-diferente-constelacao-canva-240x300.jpg 240w, https:\/\/www.primecursos.com.br\/blog\/wp-content\/uploads\/2025\/06\/frase-figura-diferente-constelacao-canva-768x960.jpg 768w, https:\/\/www.primecursos.com.br\/blog\/wp-content\/uploads\/2025\/06\/frase-figura-diferente-constelacao-canva-150x188.jpg 150w, https:\/\/www.primecursos.com.br\/blog\/wp-content\/uploads\/2025\/06\/frase-figura-diferente-constelacao-canva.jpg 1080w\" sizes=\"(max-width: 819px) 100vw, 819px\" \/><\/a><\/figure>\n\n\n\n<figure class=\"wp-block-image size-large\"><a href=\"https:\/\/www.primecursos.com.br\/blog\/wp-content\/uploads\/2025\/06\/frase-constelacao-brilhou-intensamente-canva.jpg\"><img decoding=\"async\" width=\"819\" height=\"1024\" data-id=\"21529\" src=\"https:\/\/www.primecursos.com.br\/blog\/wp-content\/uploads\/2025\/06\/frase-constelacao-brilhou-intensamente-canva-819x1024.jpg\" alt=\"Exemplo de frase: A constela\u00e7\u00e3o brilhou intensamente no c\u00e9u daquela noite sem nuvens.\" class=\"wp-image-21529\" srcset=\"https:\/\/www.primecursos.com.br\/blog\/wp-content\/uploads\/2025\/06\/frase-constelacao-brilhou-intensamente-canva-819x1024.jpg 819w, https:\/\/www.primecursos.com.br\/blog\/wp-content\/uploads\/2025\/06\/frase-constelacao-brilhou-intensamente-canva-240x300.jpg 240w, https:\/\/www.primecursos.com.br\/blog\/wp-content\/uploads\/2025\/06\/frase-constelacao-brilhou-intensamente-canva-768x960.jpg 768w, https:\/\/www.primecursos.com.br\/blog\/wp-content\/uploads\/2025\/06\/frase-constelacao-brilhou-intensamente-canva-150x188.jpg 150w, https:\/\/www.primecursos.com.br\/blog\/wp-content\/uploads\/2025\/06\/frase-constelacao-brilhou-intensamente-canva.jpg 1080w\" sizes=\"(max-width: 819px) 100vw, 819px\" \/><\/a><\/figure>\n<\/figure>\n\n\n\n<ul class=\"wp-block-list\">\n<li>A constela\u00e7\u00e3o brilhou intensamente no c\u00e9u daquela noite sem nuvens.<\/li>\n\n\n\n<li>Os navegadores antigos guiavam-se pelas estrelas de uma constela\u00e7\u00e3o espec\u00edfica.<\/li>\n\n\n\n<li>Cada pessoa enxergava uma figura diferente ao observar a mesma constela\u00e7\u00e3o.<\/li>\n\n\n\n<li>A crian\u00e7a apontou encantada para a constela\u00e7\u00e3o que aprendeu na aula de ci\u00eancias.<\/li>\n\n\n\n<li>Astr\u00f4nomos identificaram uma nova constela\u00e7\u00e3o vis\u00edvel no hemisf\u00e9rio sul.<\/li>\n<\/ul>\n\n\n\n<h2 class=\"wp-block-heading\" id=\"h-por-que-aprender-o-coletivo-de-estrelas\"><strong>Por que aprender o coletivo de estrelas?<\/strong><\/h2>\n\n\n\n<p>Aprender que &#8220;constela\u00e7\u00e3o&#8221; \u00e9 o coletivo de estrelas vai muito al\u00e9m de esclarecer uma simples d\u00favida gramatical. Como j\u00e1 falamos anteriormente, trata-se de ampliar o repert\u00f3rio lingu\u00edstico e desenvolver uma comunica\u00e7\u00e3o mais precisa, expressiva e segura, seja em contextos formais como reda\u00e7\u00f5es e concursos, seja em conversas cotidianas.<\/p>\n\n\n\n<p>Al\u00e9m disso, compreender a origem e a carga simb\u00f3lica de &#8220;constela\u00e7\u00e3o&#8221; revela como a l\u00edngua portuguesa se entrela\u00e7a com a hist\u00f3ria e a cultura de diferentes povos. Pois, ao explorar esse termo, n\u00e3o apenas aprendemos uma palavra nova, mas tamb\u00e9m acessamos um universo de significados constru\u00eddos ao longo dos s\u00e9culos.<\/p>\n\n\n<div class=\"wp-block-image\">\n<figure class=\"aligncenter size-full\"><a href=\"https:\/\/www.primecursos.com.br\/blog\/wp-content\/uploads\/2025\/04\/astrologia-horoscopo-estrelas-canva.jpg\"><img decoding=\"async\" width=\"1020\" height=\"680\" src=\"https:\/\/www.primecursos.com.br\/blog\/wp-content\/uploads\/2025\/04\/astrologia-horoscopo-estrelas-canva.jpg\" alt=\"Fundo escuro com estrelas e um gr\u00e1fico redondo com os s\u00edmbolos e constela\u00e7\u00f5es de astrologia\" class=\"wp-image-20859\" srcset=\"https:\/\/www.primecursos.com.br\/blog\/wp-content\/uploads\/2025\/04\/astrologia-horoscopo-estrelas-canva.jpg 1020w, https:\/\/www.primecursos.com.br\/blog\/wp-content\/uploads\/2025\/04\/astrologia-horoscopo-estrelas-canva-300x200.jpg 300w, https:\/\/www.primecursos.com.br\/blog\/wp-content\/uploads\/2025\/04\/astrologia-horoscopo-estrelas-canva-768x512.jpg 768w, https:\/\/www.primecursos.com.br\/blog\/wp-content\/uploads\/2025\/04\/astrologia-horoscopo-estrelas-canva-150x100.jpg 150w\" sizes=\"(max-width: 1020px) 100vw, 1020px\" \/><\/a><\/figure>\n<\/div>\n\n\n<p>Desde a Antiguidade, diferentes povos observavam o c\u00e9u e criavam figuras imagin\u00e1rias a partir de agrupamentos estelares, transformando constela\u00e7\u00f5es em ferramentas de orienta\u00e7\u00e3o, mitos e tradi\u00e7\u00f5es. Essa heran\u00e7a cultural ainda reverbera hoje, inclusive na astrologia, que se baseia nesses mesmos agrupamentos para nomear os signos do zod\u00edaco.<\/p>\n\n\n\n<p>Portanto, reconhecer &#8220;constela\u00e7\u00e3o&#8221; como um substantivo coletivo \u00e9 tamb\u00e9m reconhecer a nossa capacidade de observar, nomear e interpretar o mundo. Essa palavra representa n\u00e3o apenas um conjunto f\u00edsico, mas tamb\u00e9m um elo entre o saber t\u00e9cnico e a criatividade humana. Por isso, aprender o coletivo de estrelas \u00e9 uma oportunidade de enxergar o idioma como reflexo da nossa rela\u00e7\u00e3o com o universo.<\/p>\n\n\n\n<h2 class=\"wp-block-heading\" id=\"h-outras-palavras-que-representam-coletivos-celestes\"><strong>Outras palavras que representam coletivos celestes<\/strong><\/h2>\n\n\n\n<p>Embora <a href=\"https:\/\/www.dicio.com.br\/coletivo-de-estrelas\/\" target=\"_blank\" rel=\"noreferrer noopener nofollow\">\u201cconstela\u00e7\u00e3o\u201d<\/a> seja o mais conhecido, h\u00e1 outros termos relacionados ao universo que funcionam como coletivos e que merecem aten\u00e7\u00e3o. Veja alguns exemplos:<\/p>\n\n\n\n<ul class=\"wp-block-list\">\n<li><strong>Gal\u00e1xia:<\/strong> Um conjunto imenso de estrelas, sistemas solares e mat\u00e9ria c\u00f3smica. Aqui, temos um coletivo em escala muito maior do que a constela\u00e7\u00e3o.<\/li>\n\n\n\n<li><strong>Universo:<\/strong> Embora usado como sin\u00f4nimo do \u201ctodo\u201d, tamb\u00e9m pode ser interpretado como o maior de todos os coletivos celestes, englobando gal\u00e1xias, estrelas, planetas e mais.<\/li>\n\n\n\n<li><strong>Mir\u00edade (ou mir\u00edada):<\/strong> indica uma quantidade imensa e indeterminada de alguma coisa, sendo usada de forma po\u00e9tica para descrever, por exemplo, a vastid\u00e3o de estrelas no c\u00e9u noturno.<\/li>\n\n\n\n<li><strong>P\u00f3 de estrelas:<\/strong> Usado em narrativas po\u00e9ticas para se referir a aglomerados estelares, ou at\u00e9 ao brilho c\u00f3smico em geral.<\/li>\n<\/ul>\n\n\n\n<p>Esses exemplos mostram que a linguagem usada para descrever o cosmos \u00e9 rica e po\u00e9tica. E entender os coletivos astron\u00f4micos pode ser uma forma criativa de explorar tanto a gram\u00e1tica quanto o fasc\u00ednio humano pelo c\u00e9u.<\/p>\n\n\n<div class=\"wp-block-image\">\n<figure class=\"aligncenter size-full\"><a href=\"https:\/\/www.primecursos.com.br\/blog\/wp-content\/uploads\/2025\/04\/constelacao-estrelas-canva.jpg\"><img decoding=\"async\" width=\"1020\" height=\"680\" src=\"https:\/\/www.primecursos.com.br\/blog\/wp-content\/uploads\/2025\/04\/constelacao-estrelas-canva.jpg\" alt=\"estrelas em um c\u00e9u com as mais brilhantes conectadas por linhas brancas formando uma constela\u00e7\u00e3o\" class=\"wp-image-20855\" srcset=\"https:\/\/www.primecursos.com.br\/blog\/wp-content\/uploads\/2025\/04\/constelacao-estrelas-canva.jpg 1020w, https:\/\/www.primecursos.com.br\/blog\/wp-content\/uploads\/2025\/04\/constelacao-estrelas-canva-300x200.jpg 300w, https:\/\/www.primecursos.com.br\/blog\/wp-content\/uploads\/2025\/04\/constelacao-estrelas-canva-768x512.jpg 768w, https:\/\/www.primecursos.com.br\/blog\/wp-content\/uploads\/2025\/04\/constelacao-estrelas-canva-150x100.jpg 150w\" sizes=\"(max-width: 1020px) 100vw, 1020px\" \/><\/a><\/figure>\n<\/div>\n\n\n<p>Por fim, ao longo deste conte\u00fado, vimos que &#8220;constela\u00e7\u00e3o&#8221; n\u00e3o \u00e9 apenas um conceito astron\u00f4mico, mas tamb\u00e9m uma joia da nossa l\u00edngua. Um substantivo coletivo que re\u00fane ci\u00eancia, hist\u00f3ria e imagina\u00e7\u00e3o.<\/p>\n\n\n\n<p>Al\u00e9m disso, compreender seu uso \u00e9 uma forma de enriquecer o vocabul\u00e1rio, melhorar a comunica\u00e7\u00e3o e desenvolver uma vis\u00e3o mais completa sobre a linguagem. Ao dominar palavras como essa, ampliamos nossa capacidade de express\u00e3o e de interpreta\u00e7\u00e3o.<\/p>\n\n\n\n<p>E se voc\u00ea quer seguir aprendendo portugu\u00eas de forma pr\u00e1tica e acess\u00edvel, os cursos gratuitos da PrimeCursos s\u00e3o uma \u00f3tima op\u00e7\u00e3o para continuar sua jornada de conhecimento.<\/p>\n\n\n\n<h2 class=\"wp-block-heading has-text-align-center\" id=\"h-curso-de-lingua-portuguesa-atualizada-gratis\">Curso de L\u00edngua Portuguesa Atualizada Gr\u00e1tis<\/h2>\n\n\n<div class=\"wp-block-image\">\n<figure class=\"aligncenter size-full is-resized\"><a href=\"https:\/\/www.primecursos.com.br\/blog\/wp-content\/uploads\/2024\/08\/curso-de-lingua-portuguesa-atualizada.webp\"><img decoding=\"async\" width=\"540\" height=\"282\" src=\"https:\/\/www.primecursos.com.br\/blog\/wp-content\/uploads\/2024\/08\/curso-de-lingua-portuguesa-atualizada.webp\" alt=\"curso de l\u00edngua portuguesa atualizada da prime cursos \" class=\"wp-image-16411\" style=\"width:700px;height:auto\" srcset=\"https:\/\/www.primecursos.com.br\/blog\/wp-content\/uploads\/2024\/08\/curso-de-lingua-portuguesa-atualizada.webp 540w, https:\/\/www.primecursos.com.br\/blog\/wp-content\/uploads\/2024\/08\/curso-de-lingua-portuguesa-atualizada-300x157.webp 300w, https:\/\/www.primecursos.com.br\/blog\/wp-content\/uploads\/2024\/08\/curso-de-lingua-portuguesa-atualizada-150x78.webp 150w\" sizes=\"(max-width: 540px) 100vw, 540px\" \/><\/a><\/figure>\n<\/div>\n\n\n<p>Aprimore suas habilidades em L\u00edngua Portuguesa com o <a href=\"https:\/\/www.primecursos.com.br\/lingua-portuguesa-atualizada\/\"><strong>Curso de L\u00edngua Portuguesa Atualizada Online Gr\u00e1tis!<\/strong><\/a> Ideal para quem deseja se preparar para concursos p\u00fablicos ou simplesmente refor\u00e7ar seus conhecimentos. Durante o curso aprenda t\u00f3picos essenciais como gram\u00e1tica, interpreta\u00e7\u00e3o de textos, novas regras ortogr\u00e1ficas, reda\u00e7\u00e3o e muito mais. Com uma carga hor\u00e1ria de 35 horas e sem pr\u00e9-requisitos, voc\u00ea pode come\u00e7ar hoje mesmo e garantir sua qualifica\u00e7\u00e3o profissional com um certificado. Inscreva-se agora e conquiste seu diferencial no mercado de trabalho!<\/p>\n\n\n<style>.wp-block-kadence-advancedbtn.kb-btns16410_0c4703-b3{gap:var(--global-kb-gap-xs, 0.5rem );justify-content:center;align-items:center;}.kt-btns16410_0c4703-b3 .kt-button{font-weight:normal;font-style:normal;}.kt-btns16410_0c4703-b3 .kt-btn-wrap-0{margin-right:5px;}.wp-block-kadence-advancedbtn.kt-btns16410_0c4703-b3 .kt-btn-wrap-0 .kt-button{color:#555555;border-color:#555555;}.wp-block-kadence-advancedbtn.kt-btns16410_0c4703-b3 .kt-btn-wrap-0 .kt-button:hover, .wp-block-kadence-advancedbtn.kt-btns16410_0c4703-b3 .kt-btn-wrap-0 .kt-button:focus{color:#ffffff;border-color:#444444;}.wp-block-kadence-advancedbtn.kt-btns16410_0c4703-b3 .kt-btn-wrap-0 .kt-button::before{display:none;}.wp-block-kadence-advancedbtn.kt-btns16410_0c4703-b3 .kt-btn-wrap-0 .kt-button:hover, .wp-block-kadence-advancedbtn.kt-btns16410_0c4703-b3 .kt-btn-wrap-0 .kt-button:focus{background:#444444;}<\/style>\n<div class=\"wp-block-kadence-advancedbtn kb-buttons-wrap kb-btns16410_0c4703-b3\"><style>ul.menu .wp-block-kadence-advancedbtn .kb-btn16410_334062-4a.kb-button{width:initial;}<\/style><a class=\"kb-button kt-button button kb-btn16410_334062-4a kt-btn-size-xlarge kt-btn-width-type-full kb-btn-global-fill  kt-btn-has-text-true kt-btn-has-svg-false  wp-block-kadence-singlebtn\" href=\"https:\/\/www.primecursos.com.br\/lingua-portuguesa-atualizada\/\"><span class=\"kt-btn-inner-text\"><strong>Curso de L\u00edngua Portuguesa Atualizada Online Gr\u00e1tis<\/strong><\/span><\/a><\/div>\n","protected":false},"excerpt":{"rendered":"<p>Voc\u00ea j\u00e1 parou para pensar qual \u00e9 o nome certo para um grupo de estrelas? Embora essa d\u00favida&#8230;<\/p>\n","protected":false},"author":25,"featured_media":20744,"comment_status":"closed","ping_status":"closed","sticky":false,"template":"","format":"standard","meta":{"_kad_blocks_custom_css":"","_kad_blocks_head_custom_js":"","_kad_blocks_body_custom_js":"","_kad_blocks_footer_custom_js":"","_kadence_starter_templates_imported_post":false,"_kad_post_transparent":"","_kad_post_title":"","_kad_post_layout":"","_kad_post_sidebar_id":"","_kad_post_content_style":"","_kad_post_vertical_padding":"","_kad_post_feature":"","_kad_post_feature_position":"","_kad_post_header":false,"_kad_post_footer":false,"_kad_post_classname":"","footnotes":""},"categories":[1],"tags":[],"class_list":["post-20729","post","type-post","status-publish","format-standard","has-post-thumbnail","hentry","category-artigos"],"yoast_head":"<!-- This site is optimized with the Yoast SEO plugin v27.5 - https:\/\/yoast.com\/product\/yoast-seo-wordpress\/ -->\n<title>Coletivo de Estrelas: Resolvendo D\u00favidas de Portugu\u00eas | Prime Cursos<\/title>\n<meta name=\"description\" content=\"Descubra o coletivo de estrelas, entenda o uso dos substantivos coletivos e aprofunde seu vocabul\u00e1rio com exemplos e curiosidades.\" \/>\n<meta name=\"robots\" content=\"index, follow, max-snippet:-1, max-image-preview:large, max-video-preview:-1\" \/>\n<link rel=\"canonical\" href=\"https:\/\/www.primecursos.com.br\/blog\/coletivo-de-estrelas-duvidas-de-portugues\/\" \/>\n<meta property=\"og:locale\" content=\"pt_BR\" \/>\n<meta property=\"og:type\" content=\"article\" \/>\n<meta property=\"og:title\" content=\"Coletivo de Estrelas: Resolvendo D\u00favidas de Portugu\u00eas | Prime Cursos\" \/>\n<meta property=\"og:description\" content=\"Descubra o coletivo de estrelas, entenda o uso dos substantivos coletivos e aprofunde seu vocabul\u00e1rio com exemplos e curiosidades.\" \/>\n<meta property=\"og:url\" content=\"https:\/\/www.primecursos.com.br\/blog\/coletivo-de-estrelas-duvidas-de-portugues\/\" \/>\n<meta property=\"og:site_name\" content=\"Prime Cursos\" \/>\n<meta property=\"article:publisher\" content=\"https:\/\/www.facebook.com\/primecursos\/\" \/>\n<meta property=\"article:published_time\" content=\"2025-07-23T10:00:00+00:00\" \/>\n<meta property=\"og:image\" content=\"https:\/\/www.primecursos.com.br\/blog\/wp-content\/uploads\/2025\/04\/estrelas-canva.jpg\" \/>\n\t<meta property=\"og:image:width\" content=\"1020\" \/>\n\t<meta property=\"og:image:height\" content=\"680\" \/>\n\t<meta property=\"og:image:type\" content=\"image\/jpeg\" \/>\n<meta name=\"author\" content=\"yasmin.moreno\" \/>\n<meta name=\"twitter:label1\" content=\"Escrito por\" \/>\n\t<meta name=\"twitter:data1\" content=\"yasmin.moreno\" \/>\n\t<meta name=\"twitter:label2\" content=\"Est. tempo de leitura\" \/>\n\t<meta name=\"twitter:data2\" content=\"11 minutos\" \/>\n<script type=\"application\/ld+json\" class=\"yoast-schema-graph\">{\"@context\":\"https:\\\/\\\/schema.org\",\"@graph\":[{\"@type\":\"Article\",\"@id\":\"https:\\\/\\\/www.primecursos.com.br\\\/blog\\\/coletivo-de-estrelas-duvidas-de-portugues\\\/#article\",\"isPartOf\":{\"@id\":\"https:\\\/\\\/www.primecursos.com.br\\\/blog\\\/coletivo-de-estrelas-duvidas-de-portugues\\\/\"},\"author\":{\"name\":\"yasmin.moreno\",\"@id\":\"https:\\\/\\\/www.primecursos.com.br\\\/blog\\\/#\\\/schema\\\/person\\\/a84b284f4e319f54be681cfe0b7f2734\"},\"headline\":\"Coletivo de Estrelas: Resolvendo D\u00favidas de Portugu\u00eas\",\"datePublished\":\"2025-07-23T10:00:00+00:00\",\"mainEntityOfPage\":{\"@id\":\"https:\\\/\\\/www.primecursos.com.br\\\/blog\\\/coletivo-de-estrelas-duvidas-de-portugues\\\/\"},\"wordCount\":1670,\"publisher\":{\"@id\":\"https:\\\/\\\/www.primecursos.com.br\\\/blog\\\/#organization\"},\"image\":{\"@id\":\"https:\\\/\\\/www.primecursos.com.br\\\/blog\\\/coletivo-de-estrelas-duvidas-de-portugues\\\/#primaryimage\"},\"thumbnailUrl\":\"https:\\\/\\\/www.primecursos.com.br\\\/blog\\\/wp-content\\\/uploads\\\/2025\\\/04\\\/estrelas-canva.jpg\",\"articleSection\":[\"Artigos\"],\"inLanguage\":\"pt-BR\"},{\"@type\":\"WebPage\",\"@id\":\"https:\\\/\\\/www.primecursos.com.br\\\/blog\\\/coletivo-de-estrelas-duvidas-de-portugues\\\/\",\"url\":\"https:\\\/\\\/www.primecursos.com.br\\\/blog\\\/coletivo-de-estrelas-duvidas-de-portugues\\\/\",\"name\":\"Coletivo de Estrelas: Resolvendo D\u00favidas de Portugu\u00eas | Prime Cursos\",\"isPartOf\":{\"@id\":\"https:\\\/\\\/www.primecursos.com.br\\\/blog\\\/#website\"},\"primaryImageOfPage\":{\"@id\":\"https:\\\/\\\/www.primecursos.com.br\\\/blog\\\/coletivo-de-estrelas-duvidas-de-portugues\\\/#primaryimage\"},\"image\":{\"@id\":\"https:\\\/\\\/www.primecursos.com.br\\\/blog\\\/coletivo-de-estrelas-duvidas-de-portugues\\\/#primaryimage\"},\"thumbnailUrl\":\"https:\\\/\\\/www.primecursos.com.br\\\/blog\\\/wp-content\\\/uploads\\\/2025\\\/04\\\/estrelas-canva.jpg\",\"datePublished\":\"2025-07-23T10:00:00+00:00\",\"description\":\"Descubra o coletivo de estrelas, entenda o uso dos substantivos coletivos e aprofunde seu vocabul\u00e1rio com exemplos e curiosidades.\",\"breadcrumb\":{\"@id\":\"https:\\\/\\\/www.primecursos.com.br\\\/blog\\\/coletivo-de-estrelas-duvidas-de-portugues\\\/#breadcrumb\"},\"inLanguage\":\"pt-BR\",\"potentialAction\":[{\"@type\":\"ReadAction\",\"target\":[\"https:\\\/\\\/www.primecursos.com.br\\\/blog\\\/coletivo-de-estrelas-duvidas-de-portugues\\\/\"]}]},{\"@type\":\"ImageObject\",\"inLanguage\":\"pt-BR\",\"@id\":\"https:\\\/\\\/www.primecursos.com.br\\\/blog\\\/coletivo-de-estrelas-duvidas-de-portugues\\\/#primaryimage\",\"url\":\"https:\\\/\\\/www.primecursos.com.br\\\/blog\\\/wp-content\\\/uploads\\\/2025\\\/04\\\/estrelas-canva.jpg\",\"contentUrl\":\"https:\\\/\\\/www.primecursos.com.br\\\/blog\\\/wp-content\\\/uploads\\\/2025\\\/04\\\/estrelas-canva.jpg\",\"width\":1020,\"height\":680,\"caption\":\"estrelas no c\u00e9u\"},{\"@type\":\"BreadcrumbList\",\"@id\":\"https:\\\/\\\/www.primecursos.com.br\\\/blog\\\/coletivo-de-estrelas-duvidas-de-portugues\\\/#breadcrumb\",\"itemListElement\":[{\"@type\":\"ListItem\",\"position\":1,\"name\":\"In\u00edcio\",\"item\":\"https:\\\/\\\/www.primecursos.com.br\\\/blog\\\/\"},{\"@type\":\"ListItem\",\"position\":2,\"name\":\"Artigos\",\"item\":\"https:\\\/\\\/www.primecursos.com.br\\\/blog\\\/artigos\\\/\"},{\"@type\":\"ListItem\",\"position\":3,\"name\":\"Coletivo de Estrelas: Resolvendo D\u00favidas de Portugu\u00eas\"}]},{\"@type\":\"WebSite\",\"@id\":\"https:\\\/\\\/www.primecursos.com.br\\\/blog\\\/#website\",\"url\":\"https:\\\/\\\/www.primecursos.com.br\\\/blog\\\/\",\"name\":\"Prime Cursos\",\"description\":\"Cursos gr\u00e1tis com certificado v\u00e1lido\",\"publisher\":{\"@id\":\"https:\\\/\\\/www.primecursos.com.br\\\/blog\\\/#organization\"},\"potentialAction\":[{\"@type\":\"SearchAction\",\"target\":{\"@type\":\"EntryPoint\",\"urlTemplate\":\"https:\\\/\\\/www.primecursos.com.br\\\/blog\\\/?s={search_term_string}\"},\"query-input\":{\"@type\":\"PropertyValueSpecification\",\"valueRequired\":true,\"valueName\":\"search_term_string\"}}],\"inLanguage\":\"pt-BR\"},{\"@type\":\"Organization\",\"@id\":\"https:\\\/\\\/www.primecursos.com.br\\\/blog\\\/#organization\",\"name\":\"Prime Cursos Online\",\"url\":\"https:\\\/\\\/www.primecursos.com.br\\\/blog\\\/\",\"logo\":{\"@type\":\"ImageObject\",\"inLanguage\":\"pt-BR\",\"@id\":\"https:\\\/\\\/www.primecursos.com.br\\\/blog\\\/#\\\/schema\\\/logo\\\/image\\\/\",\"url\":\"https:\\\/\\\/www.primecursos.com.br\\\/blog\\\/wp-content\\\/uploads\\\/2018\\\/03\\\/prime-cursos-gratis-online-logo-070318b-1.png\",\"contentUrl\":\"https:\\\/\\\/www.primecursos.com.br\\\/blog\\\/wp-content\\\/uploads\\\/2018\\\/03\\\/prime-cursos-gratis-online-logo-070318b-1.png\",\"width\":330,\"height\":80,\"caption\":\"Prime Cursos Online\"},\"image\":{\"@id\":\"https:\\\/\\\/www.primecursos.com.br\\\/blog\\\/#\\\/schema\\\/logo\\\/image\\\/\"},\"sameAs\":[\"https:\\\/\\\/www.facebook.com\\\/primecursos\\\/\",\"https:\\\/\\\/x.com\\\/primecursosbr\"]},{\"@type\":\"Person\",\"@id\":\"https:\\\/\\\/www.primecursos.com.br\\\/blog\\\/#\\\/schema\\\/person\\\/a84b284f4e319f54be681cfe0b7f2734\",\"name\":\"yasmin.moreno\",\"image\":{\"@type\":\"ImageObject\",\"inLanguage\":\"pt-BR\",\"@id\":\"https:\\\/\\\/secure.gravatar.com\\\/avatar\\\/c72c0671d03e6ce3833a273f26313d575d6a5344cf4ce5f64706726a55773792?s=96&d=mm&r=g\",\"url\":\"https:\\\/\\\/secure.gravatar.com\\\/avatar\\\/c72c0671d03e6ce3833a273f26313d575d6a5344cf4ce5f64706726a55773792?s=96&d=mm&r=g\",\"contentUrl\":\"https:\\\/\\\/secure.gravatar.com\\\/avatar\\\/c72c0671d03e6ce3833a273f26313d575d6a5344cf4ce5f64706726a55773792?s=96&d=mm&r=g\",\"caption\":\"yasmin.moreno\"},\"url\":\"https:\\\/\\\/www.primecursos.com.br\\\/blog\\\/author\\\/yasmin-moreno\\\/\"}]}<\/script>\n<!-- \/ Yoast SEO plugin. -->","yoast_head_json":{"title":"Coletivo de Estrelas: Resolvendo D\u00favidas de Portugu\u00eas | Prime Cursos","description":"Descubra o coletivo de estrelas, entenda o uso dos substantivos coletivos e aprofunde seu vocabul\u00e1rio com exemplos e curiosidades.","robots":{"index":"index","follow":"follow","max-snippet":"max-snippet:-1","max-image-preview":"max-image-preview:large","max-video-preview":"max-video-preview:-1"},"canonical":"https:\/\/www.primecursos.com.br\/blog\/coletivo-de-estrelas-duvidas-de-portugues\/","og_locale":"pt_BR","og_type":"article","og_title":"Coletivo de Estrelas: Resolvendo D\u00favidas de Portugu\u00eas | Prime Cursos","og_description":"Descubra o coletivo de estrelas, entenda o uso dos substantivos coletivos e aprofunde seu vocabul\u00e1rio com exemplos e curiosidades.","og_url":"https:\/\/www.primecursos.com.br\/blog\/coletivo-de-estrelas-duvidas-de-portugues\/","og_site_name":"Prime Cursos","article_publisher":"https:\/\/www.facebook.com\/primecursos\/","article_published_time":"2025-07-23T10:00:00+00:00","og_image":[{"width":1020,"height":680,"url":"https:\/\/www.primecursos.com.br\/blog\/wp-content\/uploads\/2025\/04\/estrelas-canva.jpg","type":"image\/jpeg"}],"author":"yasmin.moreno","twitter_misc":{"Escrito por":"yasmin.moreno","Est. tempo de leitura":"11 minutos"},"schema":{"@context":"https:\/\/schema.org","@graph":[{"@type":"Article","@id":"https:\/\/www.primecursos.com.br\/blog\/coletivo-de-estrelas-duvidas-de-portugues\/#article","isPartOf":{"@id":"https:\/\/www.primecursos.com.br\/blog\/coletivo-de-estrelas-duvidas-de-portugues\/"},"author":{"name":"yasmin.moreno","@id":"https:\/\/www.primecursos.com.br\/blog\/#\/schema\/person\/a84b284f4e319f54be681cfe0b7f2734"},"headline":"Coletivo de Estrelas: Resolvendo D\u00favidas de Portugu\u00eas","datePublished":"2025-07-23T10:00:00+00:00","mainEntityOfPage":{"@id":"https:\/\/www.primecursos.com.br\/blog\/coletivo-de-estrelas-duvidas-de-portugues\/"},"wordCount":1670,"publisher":{"@id":"https:\/\/www.primecursos.com.br\/blog\/#organization"},"image":{"@id":"https:\/\/www.primecursos.com.br\/blog\/coletivo-de-estrelas-duvidas-de-portugues\/#primaryimage"},"thumbnailUrl":"https:\/\/www.primecursos.com.br\/blog\/wp-content\/uploads\/2025\/04\/estrelas-canva.jpg","articleSection":["Artigos"],"inLanguage":"pt-BR"},{"@type":"WebPage","@id":"https:\/\/www.primecursos.com.br\/blog\/coletivo-de-estrelas-duvidas-de-portugues\/","url":"https:\/\/www.primecursos.com.br\/blog\/coletivo-de-estrelas-duvidas-de-portugues\/","name":"Coletivo de Estrelas: Resolvendo D\u00favidas de Portugu\u00eas | Prime Cursos","isPartOf":{"@id":"https:\/\/www.primecursos.com.br\/blog\/#website"},"primaryImageOfPage":{"@id":"https:\/\/www.primecursos.com.br\/blog\/coletivo-de-estrelas-duvidas-de-portugues\/#primaryimage"},"image":{"@id":"https:\/\/www.primecursos.com.br\/blog\/coletivo-de-estrelas-duvidas-de-portugues\/#primaryimage"},"thumbnailUrl":"https:\/\/www.primecursos.com.br\/blog\/wp-content\/uploads\/2025\/04\/estrelas-canva.jpg","datePublished":"2025-07-23T10:00:00+00:00","description":"Descubra o coletivo de estrelas, entenda o uso dos substantivos coletivos e aprofunde seu vocabul\u00e1rio com exemplos e curiosidades.","breadcrumb":{"@id":"https:\/\/www.primecursos.com.br\/blog\/coletivo-de-estrelas-duvidas-de-portugues\/#breadcrumb"},"inLanguage":"pt-BR","potentialAction":[{"@type":"ReadAction","target":["https:\/\/www.primecursos.com.br\/blog\/coletivo-de-estrelas-duvidas-de-portugues\/"]}]},{"@type":"ImageObject","inLanguage":"pt-BR","@id":"https:\/\/www.primecursos.com.br\/blog\/coletivo-de-estrelas-duvidas-de-portugues\/#primaryimage","url":"https:\/\/www.primecursos.com.br\/blog\/wp-content\/uploads\/2025\/04\/estrelas-canva.jpg","contentUrl":"https:\/\/www.primecursos.com.br\/blog\/wp-content\/uploads\/2025\/04\/estrelas-canva.jpg","width":1020,"height":680,"caption":"estrelas no c\u00e9u"},{"@type":"BreadcrumbList","@id":"https:\/\/www.primecursos.com.br\/blog\/coletivo-de-estrelas-duvidas-de-portugues\/#breadcrumb","itemListElement":[{"@type":"ListItem","position":1,"name":"In\u00edcio","item":"https:\/\/www.primecursos.com.br\/blog\/"},{"@type":"ListItem","position":2,"name":"Artigos","item":"https:\/\/www.primecursos.com.br\/blog\/artigos\/"},{"@type":"ListItem","position":3,"name":"Coletivo de Estrelas: Resolvendo D\u00favidas de Portugu\u00eas"}]},{"@type":"WebSite","@id":"https:\/\/www.primecursos.com.br\/blog\/#website","url":"https:\/\/www.primecursos.com.br\/blog\/","name":"Prime Cursos","description":"Cursos gr\u00e1tis com certificado v\u00e1lido","publisher":{"@id":"https:\/\/www.primecursos.com.br\/blog\/#organization"},"potentialAction":[{"@type":"SearchAction","target":{"@type":"EntryPoint","urlTemplate":"https:\/\/www.primecursos.com.br\/blog\/?s={search_term_string}"},"query-input":{"@type":"PropertyValueSpecification","valueRequired":true,"valueName":"search_term_string"}}],"inLanguage":"pt-BR"},{"@type":"Organization","@id":"https:\/\/www.primecursos.com.br\/blog\/#organization","name":"Prime Cursos Online","url":"https:\/\/www.primecursos.com.br\/blog\/","logo":{"@type":"ImageObject","inLanguage":"pt-BR","@id":"https:\/\/www.primecursos.com.br\/blog\/#\/schema\/logo\/image\/","url":"https:\/\/www.primecursos.com.br\/blog\/wp-content\/uploads\/2018\/03\/prime-cursos-gratis-online-logo-070318b-1.png","contentUrl":"https:\/\/www.primecursos.com.br\/blog\/wp-content\/uploads\/2018\/03\/prime-cursos-gratis-online-logo-070318b-1.png","width":330,"height":80,"caption":"Prime Cursos Online"},"image":{"@id":"https:\/\/www.primecursos.com.br\/blog\/#\/schema\/logo\/image\/"},"sameAs":["https:\/\/www.facebook.com\/primecursos\/","https:\/\/x.com\/primecursosbr"]},{"@type":"Person","@id":"https:\/\/www.primecursos.com.br\/blog\/#\/schema\/person\/a84b284f4e319f54be681cfe0b7f2734","name":"yasmin.moreno","image":{"@type":"ImageObject","inLanguage":"pt-BR","@id":"https:\/\/secure.gravatar.com\/avatar\/c72c0671d03e6ce3833a273f26313d575d6a5344cf4ce5f64706726a55773792?s=96&d=mm&r=g","url":"https:\/\/secure.gravatar.com\/avatar\/c72c0671d03e6ce3833a273f26313d575d6a5344cf4ce5f64706726a55773792?s=96&d=mm&r=g","contentUrl":"https:\/\/secure.gravatar.com\/avatar\/c72c0671d03e6ce3833a273f26313d575d6a5344cf4ce5f64706726a55773792?s=96&d=mm&r=g","caption":"yasmin.moreno"},"url":"https:\/\/www.primecursos.com.br\/blog\/author\/yasmin-moreno\/"}]}},"taxonomy_info":{"category":[{"value":1,"label":"Artigos"}]},"featured_image_src_large":["https:\/\/www.primecursos.com.br\/blog\/wp-content\/uploads\/2025\/04\/estrelas-canva.jpg",1020,680,false],"author_info":{"display_name":"yasmin.moreno","author_link":"https:\/\/www.primecursos.com.br\/blog\/author\/yasmin-moreno\/"},"comment_info":0,"category_info":[{"term_id":1,"name":"Artigos","slug":"artigos","term_group":0,"term_taxonomy_id":1,"taxonomy":"category","description":"","parent":0,"count":983,"filter":"raw","cat_ID":1,"category_count":983,"category_description":"","cat_name":"Artigos","category_nicename":"artigos","category_parent":0}],"tag_info":false,"_links":{"self":[{"href":"https:\/\/www.primecursos.com.br\/blog\/wp-json\/wp\/v2\/posts\/20729","targetHints":{"allow":["GET"]}}],"collection":[{"href":"https:\/\/www.primecursos.com.br\/blog\/wp-json\/wp\/v2\/posts"}],"about":[{"href":"https:\/\/www.primecursos.com.br\/blog\/wp-json\/wp\/v2\/types\/post"}],"author":[{"embeddable":true,"href":"https:\/\/www.primecursos.com.br\/blog\/wp-json\/wp\/v2\/users\/25"}],"replies":[{"embeddable":true,"href":"https:\/\/www.primecursos.com.br\/blog\/wp-json\/wp\/v2\/comments?post=20729"}],"version-history":[{"count":0,"href":"https:\/\/www.primecursos.com.br\/blog\/wp-json\/wp\/v2\/posts\/20729\/revisions"}],"wp:featuredmedia":[{"embeddable":true,"href":"https:\/\/www.primecursos.com.br\/blog\/wp-json\/wp\/v2\/media\/20744"}],"wp:attachment":[{"href":"https:\/\/www.primecursos.com.br\/blog\/wp-json\/wp\/v2\/media?parent=20729"}],"wp:term":[{"taxonomy":"category","embeddable":true,"href":"https:\/\/www.primecursos.com.br\/blog\/wp-json\/wp\/v2\/categories?post=20729"},{"taxonomy":"post_tag","embeddable":true,"href":"https:\/\/www.primecursos.com.br\/blog\/wp-json\/wp\/v2\/tags?post=20729"}],"curies":[{"name":"wp","href":"https:\/\/api.w.org\/{rel}","templated":true}]}}