{"id":21131,"date":"2025-06-04T10:00:00","date_gmt":"2025-06-04T10:00:00","guid":{"rendered":"https:\/\/www.primecursos.com.br\/blog\/?p=21131"},"modified":"2025-04-22T21:14:50","modified_gmt":"2025-04-22T21:14:50","slug":"micro-ondas-ou-microondas-qual-e-a-forma-correta","status":"publish","type":"post","link":"https:\/\/www.primecursos.com.br\/blog\/micro-ondas-ou-microondas-qual-e-a-forma-correta\/","title":{"rendered":"Micro-ondas ou Microondas: Qual \u00e9 a Forma Correta?"},"content":{"rendered":"\n<p>Voc\u00ea j\u00e1 se deparou com a d\u00favida: escreve-se &#8220;micro-ondas&#8221; ou &#8220;microondas&#8221;? Esse tipo de questionamento \u00e9 mais comum do que parece, principalmente porque muitos termos evoluem com o tempo e passam por atualiza\u00e7\u00f5es nas normas da l\u00edngua portuguesa. E, em meio \u00e0 correria do cotidiano, detalhes como esse acabam sendo deixados de lado, mas s\u00e3o essenciais para a clareza da comunica\u00e7\u00e3o escrita.<\/p>\n\n\n\n<p>A grafia correta de palavras comuns como &#8220;micro-ondas&#8221; pode parecer um detalhe pequeno, mas ela influencia diretamente a compreens\u00e3o da mensagem e a imagem que transmitimos em nossos textos. Logo, saber aplic\u00e1-la de forma adequada \u00e9 um diferencial, especialmente em ambientes formais ou acad\u00eamicos, onde a normatiza\u00e7\u00e3o lingu\u00edstica \u00e9 valorizada.<\/p>\n\n\n\n<p>Tendo isso em vista, neste post, vamos esclarecer qual \u00e9 a maneira correta de escrever esse termo t\u00e3o presente no nosso dia a dia. Al\u00e9m disso, vamos explorar as regras que envolvem o uso do h\u00edfen segundo o Novo Acordo Ortogr\u00e1fico e trazer exemplos pr\u00e1ticos.<\/p>\n\n\n\n<!--more-->\n\n\n\n<h2 class=\"wp-block-heading\" id=\"h-a-origem-e-popularizacao-do-termo\"><strong>A origem e populariza\u00e7\u00e3o do termo<\/strong><\/h2>\n\n\n\n<p>O forno de micro-ondas foi criado acidentalmente em 1945 por Percy Spencer, um engenheiro da empresa Raytheon. Enquanto trabalhava com radares, ele percebeu algo curioso: uma barra de chocolate em seu bolso havia sido derretida durante os testes. Esse evento o levou a investigar melhor o fen\u00f4meno.<\/p>\n\n\n\n<figure class=\"wp-block-image size-large\"><a href=\"https:\/\/www.primecursos.com.br\/blog\/wp-content\/uploads\/2025\/04\/pessoa-usando-micro-ondas-canva.jpg\"><img decoding=\"async\" width=\"1024\" height=\"768\" src=\"https:\/\/www.primecursos.com.br\/blog\/wp-content\/uploads\/2025\/04\/pessoa-usando-micro-ondas-canva-1024x768.jpg\" alt=\"M\u00e3o de uma mulher acionando o painel de controle de um micro-ondas, ligando o aparelho durante o uso. Enquanto ela se questiona mentalmente sobre a forma correta de escrever o nome desse utens\u00edlio.\" class=\"wp-image-21142\" srcset=\"https:\/\/www.primecursos.com.br\/blog\/wp-content\/uploads\/2025\/04\/pessoa-usando-micro-ondas-canva-1024x768.jpg 1024w, https:\/\/www.primecursos.com.br\/blog\/wp-content\/uploads\/2025\/04\/pessoa-usando-micro-ondas-canva-300x225.jpg 300w, https:\/\/www.primecursos.com.br\/blog\/wp-content\/uploads\/2025\/04\/pessoa-usando-micro-ondas-canva-768x576.jpg 768w, https:\/\/www.primecursos.com.br\/blog\/wp-content\/uploads\/2025\/04\/pessoa-usando-micro-ondas-canva-150x113.jpg 150w, https:\/\/www.primecursos.com.br\/blog\/wp-content\/uploads\/2025\/04\/pessoa-usando-micro-ondas-canva.jpg 1200w\" sizes=\"(max-width: 1024px) 100vw, 1024px\" \/><\/a><\/figure>\n\n\n\n<p>Dessa forma, o engenheiro descobriu o potencial das ondas eletromagn\u00e9ticas para aquecer alimentos, o que deu origem ao primeiro forno de micro-ondas. Inicialmente, o equipamento era grande e caro, mas ao longo dos anos se popularizou e ganhou espa\u00e7o nas cozinhas dom\u00e9sticas ao redor do mundo.<\/p>\n\n\n\n<p>No Brasil, o eletrodom\u00e9stico foi rapidamente adotado devido \u00e0 sua praticidade. No entanto, conforme sua populariza\u00e7\u00e3o, surgiram d\u00favidas sobre a grafia correta do termo, principalmente ap\u00f3s as altera\u00e7\u00f5es promovidas pelo Novo Acordo Ortogr\u00e1fico.<\/p>\n\n\n\n<h2 class=\"wp-block-heading\" id=\"h-o-impacto-do-novo-acordo-ortografico\"><strong>O Impacto do Novo Acordo Ortogr\u00e1fico<\/strong><\/h2>\n\n\n\n<p>Como j\u00e1 falamos, a confus\u00e3o entre &#8220;microondas&#8221; e &#8220;micro-ondas&#8221; ganhou for\u00e7a especialmente ap\u00f3s a implementa\u00e7\u00e3o do <a href=\"https:\/\/www.educacao.sp.gov.br\/confira-o-que-mudou-com-o-novo-acordo-ortografico\/\" target=\"_blank\" rel=\"noreferrer noopener nofollow\">Novo Acordo Ortogr\u00e1fico da L\u00edngua Portuguesa<\/a>, que entrou em vigor em 2009.<\/p>\n\n\n\n<p>O principal objetivo do acordo foi padronizar a ortografia entre os pa\u00edses lus\u00f3fonos, facilitando a comunica\u00e7\u00e3o e a dissemina\u00e7\u00e3o do idioma. Logo, diversos aspectos da ortografia foram revistos, o que gerou muitas d\u00favidas entre os falantes.<\/p>\n\n\n\n<p>Uma das mudan\u00e7as mais vis\u00edveis foi a retirada do trema em palavras como &#8220;lingui\u00e7a&#8221; e &#8220;frequente&#8221;. Tamb\u00e9m foram retirados acentos em parox\u00edtonas com ditongos abertos &#8220;ei&#8221; e &#8220;oi&#8221;, como em &#8220;heroico&#8221; e &#8220;assembleia&#8221;. Outras mudan\u00e7as inclu\u00edram a extin\u00e7\u00e3o do acento em palavras com &#8220;i&#8221; ou &#8220;u&#8221; t\u00f4nicos em hiato, como &#8220;feiura&#8221;.<\/p>\n\n\n\n<figure class=\"wp-block-image size-large\"><a href=\"https:\/\/www.primecursos.com.br\/blog\/wp-content\/uploads\/2025\/04\/lendo-novo-acordo-ortografico-canva.jpg\"><img decoding=\"async\" width=\"1024\" height=\"768\" src=\"https:\/\/www.primecursos.com.br\/blog\/wp-content\/uploads\/2025\/04\/lendo-novo-acordo-ortografico-canva-1024x768.jpg\" alt=\"Pessoa lendo o novo acordo ortogr\u00e1fico, pesquisando as principais mudan\u00e7as que ocorreram na l\u00edngua portuguesa.\" class=\"wp-image-20985\" srcset=\"https:\/\/www.primecursos.com.br\/blog\/wp-content\/uploads\/2025\/04\/lendo-novo-acordo-ortografico-canva-1024x768.jpg 1024w, https:\/\/www.primecursos.com.br\/blog\/wp-content\/uploads\/2025\/04\/lendo-novo-acordo-ortografico-canva-300x225.jpg 300w, https:\/\/www.primecursos.com.br\/blog\/wp-content\/uploads\/2025\/04\/lendo-novo-acordo-ortografico-canva-768x576.jpg 768w, https:\/\/www.primecursos.com.br\/blog\/wp-content\/uploads\/2025\/04\/lendo-novo-acordo-ortografico-canva-150x113.jpg 150w, https:\/\/www.primecursos.com.br\/blog\/wp-content\/uploads\/2025\/04\/lendo-novo-acordo-ortografico-canva.jpg 1200w\" sizes=\"(max-width: 1024px) 100vw, 1024px\" \/><\/a><\/figure>\n\n\n\n<p>Al\u00e9m disso, o acordo aboliu o uso de acento diferencial em palavras hom\u00f4nimas como &#8220;pelo&#8221; e &#8220;para&#8221;, mantendo apenas os casos de &#8220;p\u00f4de&#8221; e &#8220;p\u00f4r&#8221;. O acento circunflexo foi removido de formas verbais como &#8220;leem&#8221; e &#8220;creem&#8221;. Por fim, o uso do h\u00edfen foi revisto: agora ele desaparece em compostos com vogais diferentes, mas \u00e9 mantido com vogais iguais e palavras iniciadas por &#8220;h&#8221;. Essas modifica\u00e7\u00f5es t\u00eam como finalidade promover maior unidade entre os pa\u00edses que utilizam a l\u00edngua portuguesa.<\/p>\n\n\n\n<h2 class=\"wp-block-heading\" id=\"h-afinal-qual-e-a-forma-correta\"><strong>Afinal, qual \u00e9 a forma correta?<\/strong><\/h2>\n\n\n\n<p>A forma correta \u00e9 <strong>micro-ondas<\/strong>, com h\u00edfen. Segundo as normas ortogr\u00e1ficas vigentes, a palavra &#8220;microondas&#8221;, sem o sinal gr\u00e1fico, est\u00e1 incorreta e n\u00e3o deve ser utilizada em contextos que exigem padr\u00e3o culto da l\u00edngua. Ademais, essa forma\u00e7\u00e3o segue uma regra bastante objetiva: quando o prefixo termina com a mesma vogal que inicia o segundo elemento, \u00e9 obrigat\u00f3rio o uso do h\u00edfen.<\/p>\n\n\n\n<p>No caso de <a href=\"https:\/\/guiadoestudante.abril.com.br\/coluna\/duvidas-portugues\/microondas-ou-micro-ondas-qual-e-o-certo\" target=\"_blank\" rel=\"noreferrer noopener nofollow\">&#8220;micro-ondas&#8221;<\/a>, ambos os elementos apresentam a vogal &#8220;o&#8221; no ponto de jun\u00e7\u00e3o, caracterizando a duplicidade de vogais e exigindo, portanto, o h\u00edfen para garantir clareza na leitura.<\/p>\n\n\n\n<p>Outro ponto interessante \u00e9 que &#8220;micro-ondas&#8221; \u00e9 um substantivo de dois n\u00fameros. Isso significa que a forma da palavra n\u00e3o muda entre o singular e o plural, permanecendo inalterada em ambos os casos.<\/p>\n\n\n\n<h3 class=\"wp-block-heading\" id=\"h-exemplos-de-frases-com-a-palavra-micro-ondas\"><strong>Exemplos de frases com a palavra \u201cMicro-ondas\u201d<\/strong><\/h3>\n\n\n\n<p>Para consolidar o aprendizado e facilitar a compreens\u00e3o, \u00e9 sempre \u00fatil observar exemplos de uso real. Abaixo, listamos frases em que a palavra \u201cmicro-ondas\u201d \u00e9 aplicada corretamente, ajudando a visualizar seu emprego no cotidiano de forma clara e natural.<\/p>\n\n\n<style>.wp-block-kadence-advancedgallery .kb-gallery-type-masonry.kb-gallery-id-21131_542333-00{margin:-5px;}.kb-gallery-type-masonry.kb-gallery-id-21131_542333-00 .kadence-blocks-gallery-item{padding:5px;}.kb-gallery-id-21131_542333-00 .kadence-blocks-gallery-item .kb-gal-image-radius, .kb-gallery-id-21131_542333-00 .kb-slide-item .kb-gal-image-radius img{border-radius:0px 0px 0px 0px;;}<\/style><div class=\"kb-gallery-wrap-id-21131_542333-00 alignnone wp-block-kadence-advancedgallery\"><ul class=\"kb-gallery-ul kb-gallery-non-static kb-gallery-type-masonry kb-masonry-init kb-gallery-id-21131_542333-00 kb-gallery-caption-style-bottom-hover kb-gallery-filter-none\" data-image-filter=\"none\" data-item-selector=\".kadence-blocks-gallery-item\" data-lightbox-caption=\"true\" data-columns-xxl=\"3\" data-columns-xl=\"3\" data-columns-md=\"3\" data-columns-sm=\"2\" data-columns-xs=\"1\" data-columns-ss=\"1\"><li class=\"kadence-blocks-gallery-item\" tabindex=\"0\"><div class=\"kadence-blocks-gallery-item-inner\"><figure class=\"kb-gallery-figure kadence-blocks-gallery-item-hide-caption\"><div class=\"kb-gal-image-radius\" style=\"max-width:1080px;\"><div class=\"kb-gallery-image-contain kadence-blocks-gallery-intrinsic\" style=\"padding-bottom:125%;\"><img decoding=\"async\" src=\"https:\/\/www.primecursos.com.br\/blog\/wp-content\/uploads\/2025\/04\/frase-receita-micro-ondas-canva.jpg\" width=\"1080\" height=\"1350\" alt=\"Exemplo de frase com o termo Micro-ondas:\" data-full-image=\"https:\/\/www.primecursos.com.br\/blog\/wp-content\/uploads\/2025\/04\/frase-receita-micro-ondas-canva.jpg\" data-light-image=\"https:\/\/www.primecursos.com.br\/blog\/wp-content\/uploads\/2025\/04\/frase-receita-micro-ondas-canva.jpg\" data-id=\"21145\" class=\"wp-image-21145\" srcset=\"https:\/\/www.primecursos.com.br\/blog\/wp-content\/uploads\/2025\/04\/frase-receita-micro-ondas-canva.jpg 1080w, https:\/\/www.primecursos.com.br\/blog\/wp-content\/uploads\/2025\/04\/frase-receita-micro-ondas-canva-240x300.jpg 240w, https:\/\/www.primecursos.com.br\/blog\/wp-content\/uploads\/2025\/04\/frase-receita-micro-ondas-canva-819x1024.jpg 819w, https:\/\/www.primecursos.com.br\/blog\/wp-content\/uploads\/2025\/04\/frase-receita-micro-ondas-canva-768x960.jpg 768w, https:\/\/www.primecursos.com.br\/blog\/wp-content\/uploads\/2025\/04\/frase-receita-micro-ondas-canva-150x188.jpg 150w\" sizes=\"(max-width: 1080px) 100vw, 1080px\" \/><\/div><\/div><\/figure><\/div><\/li><li class=\"kadence-blocks-gallery-item\" tabindex=\"0\"><div class=\"kadence-blocks-gallery-item-inner\"><figure class=\"kb-gallery-figure kadence-blocks-gallery-item-hide-caption\"><div class=\"kb-gal-image-radius\" style=\"max-width:1080px;\"><div class=\"kb-gallery-image-contain kadence-blocks-gallery-intrinsic\" style=\"padding-bottom:125%;\"><img decoding=\"async\" src=\"https:\/\/www.primecursos.com.br\/blog\/wp-content\/uploads\/2025\/04\/frase-micro-ondas-empresa-quebrado-canva.jpg\" width=\"1080\" height=\"1350\" alt=\"Exemplo de frase com o termo Micro-ondas:\" data-full-image=\"https:\/\/www.primecursos.com.br\/blog\/wp-content\/uploads\/2025\/04\/frase-micro-ondas-empresa-quebrado-canva.jpg\" data-light-image=\"https:\/\/www.primecursos.com.br\/blog\/wp-content\/uploads\/2025\/04\/frase-micro-ondas-empresa-quebrado-canva.jpg\" data-id=\"21146\" class=\"wp-image-21146\" srcset=\"https:\/\/www.primecursos.com.br\/blog\/wp-content\/uploads\/2025\/04\/frase-micro-ondas-empresa-quebrado-canva.jpg 1080w, https:\/\/www.primecursos.com.br\/blog\/wp-content\/uploads\/2025\/04\/frase-micro-ondas-empresa-quebrado-canva-240x300.jpg 240w, https:\/\/www.primecursos.com.br\/blog\/wp-content\/uploads\/2025\/04\/frase-micro-ondas-empresa-quebrado-canva-819x1024.jpg 819w, https:\/\/www.primecursos.com.br\/blog\/wp-content\/uploads\/2025\/04\/frase-micro-ondas-empresa-quebrado-canva-768x960.jpg 768w, https:\/\/www.primecursos.com.br\/blog\/wp-content\/uploads\/2025\/04\/frase-micro-ondas-empresa-quebrado-canva-150x188.jpg 150w\" sizes=\"(max-width: 1080px) 100vw, 1080px\" \/><\/div><\/div><\/figure><\/div><\/li><li class=\"kadence-blocks-gallery-item\" tabindex=\"0\"><div class=\"kadence-blocks-gallery-item-inner\"><figure class=\"kb-gallery-figure kadence-blocks-gallery-item-hide-caption\"><div class=\"kb-gal-image-radius\" style=\"max-width:1080px;\"><div class=\"kb-gallery-image-contain kadence-blocks-gallery-intrinsic\" style=\"padding-bottom:125%;\"><img decoding=\"async\" src=\"https:\/\/www.primecursos.com.br\/blog\/wp-content\/uploads\/2025\/04\/frase-sobremesa-micro-ondas-aquecida-canva.jpg\" width=\"1080\" height=\"1350\" alt=\"Exemplo de frase com o termo Micro-ondas:\" data-full-image=\"https:\/\/www.primecursos.com.br\/blog\/wp-content\/uploads\/2025\/04\/frase-sobremesa-micro-ondas-aquecida-canva.jpg\" data-light-image=\"https:\/\/www.primecursos.com.br\/blog\/wp-content\/uploads\/2025\/04\/frase-sobremesa-micro-ondas-aquecida-canva.jpg\" data-id=\"21147\" class=\"wp-image-21147\" srcset=\"https:\/\/www.primecursos.com.br\/blog\/wp-content\/uploads\/2025\/04\/frase-sobremesa-micro-ondas-aquecida-canva.jpg 1080w, https:\/\/www.primecursos.com.br\/blog\/wp-content\/uploads\/2025\/04\/frase-sobremesa-micro-ondas-aquecida-canva-240x300.jpg 240w, https:\/\/www.primecursos.com.br\/blog\/wp-content\/uploads\/2025\/04\/frase-sobremesa-micro-ondas-aquecida-canva-819x1024.jpg 819w, https:\/\/www.primecursos.com.br\/blog\/wp-content\/uploads\/2025\/04\/frase-sobremesa-micro-ondas-aquecida-canva-768x960.jpg 768w, https:\/\/www.primecursos.com.br\/blog\/wp-content\/uploads\/2025\/04\/frase-sobremesa-micro-ondas-aquecida-canva-150x188.jpg 150w\" sizes=\"(max-width: 1080px) 100vw, 1080px\" \/><\/div><\/div><\/figure><\/div><\/li><\/ul><\/div>\n\n\n<ul class=\"wp-block-list\">\n<li>Coloquei a sobremesa no micro-ondas para que ficasse aquecida at\u00e9 a hora do jantar.<\/li>\n\n\n\n<li>O micro-ondas da empresa est\u00e1 quebrado h\u00e1 alguns dias e, at\u00e9 agora, o t\u00e9cnico respons\u00e1vel ainda n\u00e3o apareceu.<\/li>\n\n\n\n<li>Experimentei uma receita pr\u00e1tica no micro-ondas e o resultado ficou surpreendentemente saboroso!<\/li>\n<\/ul>\n\n\n\n<h2 class=\"wp-block-heading\" id=\"h-como-escrever-corretamente-palavras-com-hifen\"><strong>Como escrever corretamente palavras com h\u00edfen<\/strong><\/h2>\n\n\n\n<p>Com o Novo Acordo Ortogr\u00e1fico, as principais regras para o uso do h\u00edfen com prefixos passaram por atualiza\u00e7\u00f5es importantes que devem ser observadas com aten\u00e7\u00e3o. Essas altera\u00e7\u00f5es buscam padronizar a escrita e reduzir as d\u00favidas recorrentes sobre a aplica\u00e7\u00e3o correta do sinal gr\u00e1fico.<\/p>\n\n\n\n<p>Ademais, o h\u00edfen, apesar de pequeno, tem grande impacto na clareza da comunica\u00e7\u00e3o. Por isso, entender quando us\u00e1-lo \u00e9 essencial para manter a coer\u00eancia na linguagem escrita. Veja abaixo as principais situa\u00e7\u00f5es que envolvem o uso (ou n\u00e3o) do h\u00edfen, conforme as novas diretrizes ortogr\u00e1ficas:<\/p>\n\n\n\n<ul class=\"wp-block-list\">\n<li><strong>Vogais iguais<\/strong>: usa-se h\u00edfen quando o prefixo termina com a mesma vogal que inicia a segunda palavra. Exemplos: micro-ondas, anti-inflamat\u00f3rio e auto-observa\u00e7\u00e3o.<\/li>\n\n\n\n<li><strong>Segunda palavra com H<\/strong>: usa-se h\u00edfen sempre que a segunda palavra come\u00e7ar com a letra H. Exemplos: micro-hist\u00f3ria, auto-higiene e anti-heroi.<\/li>\n\n\n\n<li><strong>Segunda palavra iniciada por R ou S<\/strong>: n\u00e3o se usa h\u00edfen, mas a consoante \u00e9 duplicada para manter a pron\u00fancia adequada. Exemplos: autorretrato e autossabotagem.<\/li>\n\n\n\n<li><strong>Segunda palavra iniciada por outras consoantes<\/strong>: n\u00e3o use h\u00edfen se o prefixo iniciar com vogal e vir seguido de consoante, sem ser \u201cr\u201d ou &#8220;s\u201d. Exemplos: microcomputador e semianalfabeto.<\/li>\n\n\n\n<li><strong>Prefixos que dispensam o h\u00edfen<\/strong>: os prefixos <em>co, re e pro<\/em> n\u00e3o exigem h\u00edfen mesmo que a segunda palavra comece com a mesma vogal. Exemplos: coordenar e reescrever.<\/li>\n<\/ul>\n\n\n\n<h2 class=\"wp-block-heading\" id=\"h-dicas-para-nao-errar-mais\"><strong>Dicas para n\u00e3o errar mais<\/strong><\/h2>\n\n\n\n<p>Dominar as regras ortogr\u00e1ficas pode parecer desafiador \u00e0 primeira vista, principalmente com tantas mudan\u00e7as promovidas pelo Novo Acordo Ortogr\u00e1fico. Termos que antes pareciam simples, como &#8220;micro-ondas&#8221;, passaram a exigir mais aten\u00e7\u00e3o com as novas regras de uso do h\u00edfen.<\/p>\n\n\n\n<p>No entanto, com algumas estrat\u00e9gias simples e uma rotina de pr\u00e1tica constante, \u00e9 poss\u00edvel escrever com muito mais seguran\u00e7a e confian\u00e7a. O importante \u00e9 ter clareza sobre os princ\u00edpios que regem a ortografia atual e manter-se atualizado.<\/p>\n\n\n\n<figure class=\"wp-block-image size-large\"><a href=\"https:\/\/www.primecursos.com.br\/blog\/wp-content\/uploads\/2025\/01\/alunos-estudando-forma-correta-escrever-canva.jpg\"><img decoding=\"async\" width=\"1024\" height=\"768\" src=\"https:\/\/www.primecursos.com.br\/blog\/wp-content\/uploads\/2025\/01\/alunos-estudando-forma-correta-escrever-canva-1024x768.jpg\" alt=\"Alunos estudando dicas sobre a forma correta de escrever micro-ondas ou microondas. Eles est\u00e3o reunidos em roda.\" class=\"wp-image-19283\" srcset=\"https:\/\/www.primecursos.com.br\/blog\/wp-content\/uploads\/2025\/01\/alunos-estudando-forma-correta-escrever-canva-1024x768.jpg 1024w, https:\/\/www.primecursos.com.br\/blog\/wp-content\/uploads\/2025\/01\/alunos-estudando-forma-correta-escrever-canva-300x225.jpg 300w, https:\/\/www.primecursos.com.br\/blog\/wp-content\/uploads\/2025\/01\/alunos-estudando-forma-correta-escrever-canva-768x576.jpg 768w, https:\/\/www.primecursos.com.br\/blog\/wp-content\/uploads\/2025\/01\/alunos-estudando-forma-correta-escrever-canva-150x113.jpg 150w, https:\/\/www.primecursos.com.br\/blog\/wp-content\/uploads\/2025\/01\/alunos-estudando-forma-correta-escrever-canva.jpg 1200w\" sizes=\"(max-width: 1024px) 100vw, 1024px\" \/><\/a><\/figure>\n\n\n\n<p>Para facilitar esse processo, reunimos a seguir dicas valiosas que podem te ajudar a evitar erros comuns e garantir uma comunica\u00e7\u00e3o escrita mais precisa e adequada em qualquer contexto.<\/p>\n\n\n\n<p>Essas orienta\u00e7\u00f5es s\u00e3o \u00fateis especialmente para quem precisa escrever com frequ\u00eancia em contextos formais, como estudos, trabalho ou produ\u00e7\u00e3o de conte\u00fado online. Al\u00e9m disso, podem ser de grande ajuda em situa\u00e7\u00f5es cotidianas.<\/p>\n\n\n\n<ul class=\"wp-block-list\">\n<li>Memorize a regra principal: se a \u00faltima letra do prefixo for igual \u00e0 primeira letra da segunda palavra, use h\u00edfen. Essa \u00e9 uma das diretrizes mais importantes para evitar confus\u00f5es comuns na escrita. Saber identific\u00e1-la com rapidez pode poupar d\u00favidas e corre\u00e7\u00f5es desnecess\u00e1rias.<\/li>\n\n\n\n<li>Observe palavras iniciadas por H: nesses casos, tamb\u00e9m \u00e9 obrigat\u00f3rio o uso do h\u00edfen. Essa regra vale independentemente das letras anteriores, e ignor\u00e1-la pode comprometer a clareza do texto.<\/li>\n\n\n\n<li>Em d\u00favida, consulte fontes confi\u00e1veis: como dicion\u00e1rios atualizados e guias ortogr\u00e1ficos. Essa pr\u00e1tica evita que voc\u00ea perpetue erros e garante que sua escrita esteja de acordo com as normas mais recentes da l\u00edngua portuguesa. Hoje, h\u00e1 diversas op\u00e7\u00f5es online de f\u00e1cil acesso.<\/li>\n\n\n\n<li>Pratique a escrita: quanto mais voc\u00ea treina, mais natural fica aplicar a grafia correta. A escrita \u00e9 uma habilidade que se fortalece com o uso constante, ent\u00e3o aproveite toda oportunidade para escrever e revisar o que produziu. Com o tempo, essas regras se tornam autom\u00e1ticas.<\/li>\n<\/ul>\n\n\n\n<h2 class=\"wp-block-heading\" id=\"h-o-correto-e-micro-ondas-nao-microondas\"><strong>O correto \u00e9 \u201cMicro-ondas\u201d, n\u00e3o \u201cMicroondas\u201d!<\/strong><\/h2>\n\n\n\n<p>Chegando ao fim deste conte\u00fado, refor\u00e7amos que escrever corretamente vai muito al\u00e9m de seguir regras gramaticais. Trata-se de comunicar-se com clareza, demonstrar dom\u00ednio da norma culta e valorizar o idioma que usamos todos os dias. Nesse sentido, entender a grafia de palavras como &#8220;micro-ondas&#8221; \u00e9 essencial!<\/p>\n\n\n\n<figure class=\"wp-block-image size-large\"><a href=\"https:\/\/www.primecursos.com.br\/blog\/wp-content\/uploads\/2025\/04\/pensando-como-escreve-micro-ondas-canva.jpg\"><img decoding=\"async\" width=\"1024\" height=\"768\" src=\"https:\/\/www.primecursos.com.br\/blog\/wp-content\/uploads\/2025\/04\/pensando-como-escreve-micro-ondas-canva-1024x768.jpg\" alt=\"Mulher com uma express\u00e3o reflexiva, pensando na forma correta de escrever microondas ou micro-ondas. Ela usa uma blusa ver e tem um bal\u00e3o de pensamento escrito &quot;Micro-ondas ou Microondas&quot;. Fundo bege s\u00f3lido\" class=\"wp-image-21137\" srcset=\"https:\/\/www.primecursos.com.br\/blog\/wp-content\/uploads\/2025\/04\/pensando-como-escreve-micro-ondas-canva-1024x768.jpg 1024w, https:\/\/www.primecursos.com.br\/blog\/wp-content\/uploads\/2025\/04\/pensando-como-escreve-micro-ondas-canva-300x225.jpg 300w, https:\/\/www.primecursos.com.br\/blog\/wp-content\/uploads\/2025\/04\/pensando-como-escreve-micro-ondas-canva-768x576.jpg 768w, https:\/\/www.primecursos.com.br\/blog\/wp-content\/uploads\/2025\/04\/pensando-como-escreve-micro-ondas-canva-150x113.jpg 150w, https:\/\/www.primecursos.com.br\/blog\/wp-content\/uploads\/2025\/04\/pensando-como-escreve-micro-ondas-canva.jpg 1200w\" sizes=\"(max-width: 1024px) 100vw, 1024px\" \/><\/a><\/figure>\n\n\n\n<p>Ademais, ao aplicar corretamente a norma do h\u00edfen e outras regras ortogr\u00e1ficas, voc\u00ea melhora sua escrita e fortalece sua comunica\u00e7\u00e3o em qualquer \u00e1rea da vida, seja na escola, no trabalho ou em contextos informais.<\/p>\n\n\n\n<p>Por fim, na d\u00favida entre &#8220;microondas&#8221; e &#8220;micro-ondas&#8221;, opte sempre pela forma correta e mostre que voc\u00ea est\u00e1 atento \u00e0 evolu\u00e7\u00e3o da l\u00edngua. Se quiser se aprofundar ainda mais nesse e em outros temas da l\u00edngua portuguesa, explore o nosso curso de portugu\u00eas. O conhecimento \u00e9 o seu maior diferencial!<\/p>\n\n\n\n<h2 class=\"wp-block-heading has-text-align-center\" id=\"h-curso-de-lingua-portuguesa-atualizada-gratis\">Curso de L\u00edngua Portuguesa Atualizada Gr\u00e1tis<\/h2>\n\n\n<div class=\"wp-block-image\">\n<figure class=\"aligncenter size-full is-resized\"><a href=\"https:\/\/www.primecursos.com.br\/blog\/wp-content\/uploads\/2024\/08\/curso-de-lingua-portuguesa-atualizada.webp\"><img decoding=\"async\" width=\"540\" height=\"282\" src=\"https:\/\/www.primecursos.com.br\/blog\/wp-content\/uploads\/2024\/08\/curso-de-lingua-portuguesa-atualizada.webp\" alt=\"curso de l\u00edngua portuguesa atualizada da prime cursos \" class=\"wp-image-16411\" style=\"width:700px;height:auto\" srcset=\"https:\/\/www.primecursos.com.br\/blog\/wp-content\/uploads\/2024\/08\/curso-de-lingua-portuguesa-atualizada.webp 540w, https:\/\/www.primecursos.com.br\/blog\/wp-content\/uploads\/2024\/08\/curso-de-lingua-portuguesa-atualizada-300x157.webp 300w, https:\/\/www.primecursos.com.br\/blog\/wp-content\/uploads\/2024\/08\/curso-de-lingua-portuguesa-atualizada-150x78.webp 150w\" sizes=\"(max-width: 540px) 100vw, 540px\" \/><\/a><\/figure>\n<\/div>\n\n\n<p>Aprimore suas habilidades em L\u00edngua Portuguesa com o <a href=\"https:\/\/www.primecursos.com.br\/lingua-portuguesa-atualizada\/\"><strong>Curso de L\u00edngua Portuguesa Atualizada Online Gr\u00e1tis!<\/strong><\/a> Ideal para quem deseja se preparar para concursos p\u00fablicos ou simplesmente refor\u00e7ar seus conhecimentos. Durante o curso aprenda t\u00f3picos essenciais como gram\u00e1tica, interpreta\u00e7\u00e3o de textos, novas regras ortogr\u00e1ficas, reda\u00e7\u00e3o e muito mais. Com uma carga hor\u00e1ria de 35 horas e sem pr\u00e9-requisitos, voc\u00ea pode come\u00e7ar hoje mesmo e garantir sua qualifica\u00e7\u00e3o profissional com um certificado. Inscreva-se agora e conquiste seu diferencial no mercado de trabalho!<\/p>\n\n\n<style>.wp-block-kadence-advancedbtn.kb-btns16410_0c4703-b3{gap:var(--global-kb-gap-xs, 0.5rem );justify-content:center;align-items:center;}.kt-btns16410_0c4703-b3 .kt-button{font-weight:normal;font-style:normal;}.kt-btns16410_0c4703-b3 .kt-btn-wrap-0{margin-right:5px;}.wp-block-kadence-advancedbtn.kt-btns16410_0c4703-b3 .kt-btn-wrap-0 .kt-button{color:#555555;border-color:#555555;}.wp-block-kadence-advancedbtn.kt-btns16410_0c4703-b3 .kt-btn-wrap-0 .kt-button:hover, .wp-block-kadence-advancedbtn.kt-btns16410_0c4703-b3 .kt-btn-wrap-0 .kt-button:focus{color:#ffffff;border-color:#444444;}.wp-block-kadence-advancedbtn.kt-btns16410_0c4703-b3 .kt-btn-wrap-0 .kt-button::before{display:none;}.wp-block-kadence-advancedbtn.kt-btns16410_0c4703-b3 .kt-btn-wrap-0 .kt-button:hover, .wp-block-kadence-advancedbtn.kt-btns16410_0c4703-b3 .kt-btn-wrap-0 .kt-button:focus{background:#444444;}<\/style>\n<div class=\"wp-block-kadence-advancedbtn kb-buttons-wrap kb-btns16410_0c4703-b3\"><style>ul.menu .wp-block-kadence-advancedbtn .kb-btn16410_334062-4a.kb-button{width:initial;}<\/style><a class=\"kb-button kt-button button kb-btn16410_334062-4a kt-btn-size-xlarge kt-btn-width-type-full kb-btn-global-fill  kt-btn-has-text-true kt-btn-has-svg-false  wp-block-kadence-singlebtn\" href=\"https:\/\/www.primecursos.com.br\/lingua-portuguesa-atualizada\/\"><span class=\"kt-btn-inner-text\"><strong>Curso de L\u00edngua Portuguesa Atualizada Online Gr\u00e1tis<\/strong><\/span><\/a><\/div>\n\n\n\n<p><\/p>\n","protected":false},"excerpt":{"rendered":"<p>Voc\u00ea j\u00e1 se deparou com a d\u00favida: escreve-se &#8220;micro-ondas&#8221; ou &#8220;microondas&#8221;? Esse tipo de questionamento \u00e9 mais comum&#8230;<\/p>\n","protected":false},"author":25,"featured_media":21137,"comment_status":"closed","ping_status":"closed","sticky":false,"template":"","format":"standard","meta":{"_kad_blocks_custom_css":"","_kad_blocks_head_custom_js":"","_kad_blocks_body_custom_js":"","_kad_blocks_footer_custom_js":"","_kadence_starter_templates_imported_post":false,"_kad_post_transparent":"","_kad_post_title":"","_kad_post_layout":"","_kad_post_sidebar_id":"","_kad_post_content_style":"","_kad_post_vertical_padding":"","_kad_post_feature":"","_kad_post_feature_position":"","_kad_post_header":false,"_kad_post_footer":false,"_kad_post_classname":"","footnotes":""},"categories":[1],"tags":[],"class_list":["post-21131","post","type-post","status-publish","format-standard","has-post-thumbnail","hentry","category-artigos"],"yoast_head":"<!-- This site is optimized with the Yoast SEO plugin v27.5 - https:\/\/yoast.com\/product\/yoast-seo-wordpress\/ -->\n<title>Micro-ondas ou Microondas: Qual \u00e9 a Forma Correta? | Prime Cursos<\/title>\n<meta name=\"description\" content=\"Descubra se o correto \u00e9 micro-ondas ou microondas, entenda as regras do h\u00edfen e evite erros ortogr\u00e1ficos com dicas pr\u00e1ticas e exemplos claros\" \/>\n<meta name=\"robots\" content=\"index, follow, max-snippet:-1, max-image-preview:large, max-video-preview:-1\" \/>\n<link rel=\"canonical\" href=\"https:\/\/www.primecursos.com.br\/blog\/micro-ondas-ou-microondas-qual-e-a-forma-correta\/\" \/>\n<meta property=\"og:locale\" content=\"pt_BR\" \/>\n<meta property=\"og:type\" content=\"article\" \/>\n<meta property=\"og:title\" content=\"Micro-ondas ou Microondas: Qual \u00e9 a Forma Correta? | Prime Cursos\" \/>\n<meta property=\"og:description\" content=\"Descubra se o correto \u00e9 micro-ondas ou microondas, entenda as regras do h\u00edfen e evite erros ortogr\u00e1ficos com dicas pr\u00e1ticas e exemplos claros\" \/>\n<meta property=\"og:url\" content=\"https:\/\/www.primecursos.com.br\/blog\/micro-ondas-ou-microondas-qual-e-a-forma-correta\/\" \/>\n<meta property=\"og:site_name\" content=\"Prime Cursos\" \/>\n<meta property=\"article:publisher\" content=\"https:\/\/www.facebook.com\/primecursos\/\" \/>\n<meta property=\"article:published_time\" content=\"2025-06-04T10:00:00+00:00\" \/>\n<meta property=\"og:image\" content=\"https:\/\/www.primecursos.com.br\/blog\/wp-content\/uploads\/2025\/04\/pensando-como-escreve-micro-ondas-canva.jpg\" \/>\n\t<meta property=\"og:image:width\" content=\"1200\" \/>\n\t<meta property=\"og:image:height\" content=\"900\" \/>\n\t<meta property=\"og:image:type\" content=\"image\/jpeg\" \/>\n<meta name=\"author\" content=\"yasmin.moreno\" \/>\n<meta name=\"twitter:label1\" content=\"Escrito por\" \/>\n\t<meta name=\"twitter:data1\" content=\"yasmin.moreno\" \/>\n\t<meta name=\"twitter:label2\" content=\"Est. tempo de leitura\" \/>\n\t<meta name=\"twitter:data2\" content=\"10 minutos\" \/>\n<script type=\"application\/ld+json\" class=\"yoast-schema-graph\">{\"@context\":\"https:\\\/\\\/schema.org\",\"@graph\":[{\"@type\":\"Article\",\"@id\":\"https:\\\/\\\/www.primecursos.com.br\\\/blog\\\/micro-ondas-ou-microondas-qual-e-a-forma-correta\\\/#article\",\"isPartOf\":{\"@id\":\"https:\\\/\\\/www.primecursos.com.br\\\/blog\\\/micro-ondas-ou-microondas-qual-e-a-forma-correta\\\/\"},\"author\":{\"name\":\"yasmin.moreno\",\"@id\":\"https:\\\/\\\/www.primecursos.com.br\\\/blog\\\/#\\\/schema\\\/person\\\/a84b284f4e319f54be681cfe0b7f2734\"},\"headline\":\"Micro-ondas ou Microondas: Qual \u00e9 a Forma Correta?\",\"datePublished\":\"2025-06-04T10:00:00+00:00\",\"mainEntityOfPage\":{\"@id\":\"https:\\\/\\\/www.primecursos.com.br\\\/blog\\\/micro-ondas-ou-microondas-qual-e-a-forma-correta\\\/\"},\"wordCount\":1502,\"publisher\":{\"@id\":\"https:\\\/\\\/www.primecursos.com.br\\\/blog\\\/#organization\"},\"image\":{\"@id\":\"https:\\\/\\\/www.primecursos.com.br\\\/blog\\\/micro-ondas-ou-microondas-qual-e-a-forma-correta\\\/#primaryimage\"},\"thumbnailUrl\":\"https:\\\/\\\/www.primecursos.com.br\\\/blog\\\/wp-content\\\/uploads\\\/2025\\\/04\\\/pensando-como-escreve-micro-ondas-canva.jpg\",\"articleSection\":[\"Artigos\"],\"inLanguage\":\"pt-BR\"},{\"@type\":\"WebPage\",\"@id\":\"https:\\\/\\\/www.primecursos.com.br\\\/blog\\\/micro-ondas-ou-microondas-qual-e-a-forma-correta\\\/\",\"url\":\"https:\\\/\\\/www.primecursos.com.br\\\/blog\\\/micro-ondas-ou-microondas-qual-e-a-forma-correta\\\/\",\"name\":\"Micro-ondas ou Microondas: Qual \u00e9 a Forma Correta? | Prime Cursos\",\"isPartOf\":{\"@id\":\"https:\\\/\\\/www.primecursos.com.br\\\/blog\\\/#website\"},\"primaryImageOfPage\":{\"@id\":\"https:\\\/\\\/www.primecursos.com.br\\\/blog\\\/micro-ondas-ou-microondas-qual-e-a-forma-correta\\\/#primaryimage\"},\"image\":{\"@id\":\"https:\\\/\\\/www.primecursos.com.br\\\/blog\\\/micro-ondas-ou-microondas-qual-e-a-forma-correta\\\/#primaryimage\"},\"thumbnailUrl\":\"https:\\\/\\\/www.primecursos.com.br\\\/blog\\\/wp-content\\\/uploads\\\/2025\\\/04\\\/pensando-como-escreve-micro-ondas-canva.jpg\",\"datePublished\":\"2025-06-04T10:00:00+00:00\",\"description\":\"Descubra se o correto \u00e9 micro-ondas ou microondas, entenda as regras do h\u00edfen e evite erros ortogr\u00e1ficos com dicas pr\u00e1ticas e exemplos claros\",\"breadcrumb\":{\"@id\":\"https:\\\/\\\/www.primecursos.com.br\\\/blog\\\/micro-ondas-ou-microondas-qual-e-a-forma-correta\\\/#breadcrumb\"},\"inLanguage\":\"pt-BR\",\"potentialAction\":[{\"@type\":\"ReadAction\",\"target\":[\"https:\\\/\\\/www.primecursos.com.br\\\/blog\\\/micro-ondas-ou-microondas-qual-e-a-forma-correta\\\/\"]}]},{\"@type\":\"ImageObject\",\"inLanguage\":\"pt-BR\",\"@id\":\"https:\\\/\\\/www.primecursos.com.br\\\/blog\\\/micro-ondas-ou-microondas-qual-e-a-forma-correta\\\/#primaryimage\",\"url\":\"https:\\\/\\\/www.primecursos.com.br\\\/blog\\\/wp-content\\\/uploads\\\/2025\\\/04\\\/pensando-como-escreve-micro-ondas-canva.jpg\",\"contentUrl\":\"https:\\\/\\\/www.primecursos.com.br\\\/blog\\\/wp-content\\\/uploads\\\/2025\\\/04\\\/pensando-como-escreve-micro-ondas-canva.jpg\",\"width\":1200,\"height\":900,\"caption\":\"Mulher com uma express\u00e3o reflexiva, pensando na forma correta de escrever microondas ou micro-ondas. Ela usa uma blusa ver e tem um bal\u00e3o de pensamento escrito \\\"Micro-ondas ou Microondas\\\". Fundo bege s\u00f3lido\"},{\"@type\":\"BreadcrumbList\",\"@id\":\"https:\\\/\\\/www.primecursos.com.br\\\/blog\\\/micro-ondas-ou-microondas-qual-e-a-forma-correta\\\/#breadcrumb\",\"itemListElement\":[{\"@type\":\"ListItem\",\"position\":1,\"name\":\"In\u00edcio\",\"item\":\"https:\\\/\\\/www.primecursos.com.br\\\/blog\\\/\"},{\"@type\":\"ListItem\",\"position\":2,\"name\":\"Artigos\",\"item\":\"https:\\\/\\\/www.primecursos.com.br\\\/blog\\\/artigos\\\/\"},{\"@type\":\"ListItem\",\"position\":3,\"name\":\"Micro-ondas ou Microondas: Qual \u00e9 a Forma Correta?\"}]},{\"@type\":\"WebSite\",\"@id\":\"https:\\\/\\\/www.primecursos.com.br\\\/blog\\\/#website\",\"url\":\"https:\\\/\\\/www.primecursos.com.br\\\/blog\\\/\",\"name\":\"Prime Cursos\",\"description\":\"Cursos gr\u00e1tis com certificado v\u00e1lido\",\"publisher\":{\"@id\":\"https:\\\/\\\/www.primecursos.com.br\\\/blog\\\/#organization\"},\"potentialAction\":[{\"@type\":\"SearchAction\",\"target\":{\"@type\":\"EntryPoint\",\"urlTemplate\":\"https:\\\/\\\/www.primecursos.com.br\\\/blog\\\/?s={search_term_string}\"},\"query-input\":{\"@type\":\"PropertyValueSpecification\",\"valueRequired\":true,\"valueName\":\"search_term_string\"}}],\"inLanguage\":\"pt-BR\"},{\"@type\":\"Organization\",\"@id\":\"https:\\\/\\\/www.primecursos.com.br\\\/blog\\\/#organization\",\"name\":\"Prime Cursos Online\",\"url\":\"https:\\\/\\\/www.primecursos.com.br\\\/blog\\\/\",\"logo\":{\"@type\":\"ImageObject\",\"inLanguage\":\"pt-BR\",\"@id\":\"https:\\\/\\\/www.primecursos.com.br\\\/blog\\\/#\\\/schema\\\/logo\\\/image\\\/\",\"url\":\"https:\\\/\\\/www.primecursos.com.br\\\/blog\\\/wp-content\\\/uploads\\\/2018\\\/03\\\/prime-cursos-gratis-online-logo-070318b-1.png\",\"contentUrl\":\"https:\\\/\\\/www.primecursos.com.br\\\/blog\\\/wp-content\\\/uploads\\\/2018\\\/03\\\/prime-cursos-gratis-online-logo-070318b-1.png\",\"width\":330,\"height\":80,\"caption\":\"Prime Cursos Online\"},\"image\":{\"@id\":\"https:\\\/\\\/www.primecursos.com.br\\\/blog\\\/#\\\/schema\\\/logo\\\/image\\\/\"},\"sameAs\":[\"https:\\\/\\\/www.facebook.com\\\/primecursos\\\/\",\"https:\\\/\\\/x.com\\\/primecursosbr\"]},{\"@type\":\"Person\",\"@id\":\"https:\\\/\\\/www.primecursos.com.br\\\/blog\\\/#\\\/schema\\\/person\\\/a84b284f4e319f54be681cfe0b7f2734\",\"name\":\"yasmin.moreno\",\"image\":{\"@type\":\"ImageObject\",\"inLanguage\":\"pt-BR\",\"@id\":\"https:\\\/\\\/secure.gravatar.com\\\/avatar\\\/c72c0671d03e6ce3833a273f26313d575d6a5344cf4ce5f64706726a55773792?s=96&d=mm&r=g\",\"url\":\"https:\\\/\\\/secure.gravatar.com\\\/avatar\\\/c72c0671d03e6ce3833a273f26313d575d6a5344cf4ce5f64706726a55773792?s=96&d=mm&r=g\",\"contentUrl\":\"https:\\\/\\\/secure.gravatar.com\\\/avatar\\\/c72c0671d03e6ce3833a273f26313d575d6a5344cf4ce5f64706726a55773792?s=96&d=mm&r=g\",\"caption\":\"yasmin.moreno\"},\"url\":\"https:\\\/\\\/www.primecursos.com.br\\\/blog\\\/author\\\/yasmin-moreno\\\/\"}]}<\/script>\n<!-- \/ Yoast SEO plugin. -->","yoast_head_json":{"title":"Micro-ondas ou Microondas: Qual \u00e9 a Forma Correta? | Prime Cursos","description":"Descubra se o correto \u00e9 micro-ondas ou microondas, entenda as regras do h\u00edfen e evite erros ortogr\u00e1ficos com dicas pr\u00e1ticas e exemplos claros","robots":{"index":"index","follow":"follow","max-snippet":"max-snippet:-1","max-image-preview":"max-image-preview:large","max-video-preview":"max-video-preview:-1"},"canonical":"https:\/\/www.primecursos.com.br\/blog\/micro-ondas-ou-microondas-qual-e-a-forma-correta\/","og_locale":"pt_BR","og_type":"article","og_title":"Micro-ondas ou Microondas: Qual \u00e9 a Forma Correta? | Prime Cursos","og_description":"Descubra se o correto \u00e9 micro-ondas ou microondas, entenda as regras do h\u00edfen e evite erros ortogr\u00e1ficos com dicas pr\u00e1ticas e exemplos claros","og_url":"https:\/\/www.primecursos.com.br\/blog\/micro-ondas-ou-microondas-qual-e-a-forma-correta\/","og_site_name":"Prime Cursos","article_publisher":"https:\/\/www.facebook.com\/primecursos\/","article_published_time":"2025-06-04T10:00:00+00:00","og_image":[{"width":1200,"height":900,"url":"https:\/\/www.primecursos.com.br\/blog\/wp-content\/uploads\/2025\/04\/pensando-como-escreve-micro-ondas-canva.jpg","type":"image\/jpeg"}],"author":"yasmin.moreno","twitter_misc":{"Escrito por":"yasmin.moreno","Est. tempo de leitura":"10 minutos"},"schema":{"@context":"https:\/\/schema.org","@graph":[{"@type":"Article","@id":"https:\/\/www.primecursos.com.br\/blog\/micro-ondas-ou-microondas-qual-e-a-forma-correta\/#article","isPartOf":{"@id":"https:\/\/www.primecursos.com.br\/blog\/micro-ondas-ou-microondas-qual-e-a-forma-correta\/"},"author":{"name":"yasmin.moreno","@id":"https:\/\/www.primecursos.com.br\/blog\/#\/schema\/person\/a84b284f4e319f54be681cfe0b7f2734"},"headline":"Micro-ondas ou Microondas: Qual \u00e9 a Forma Correta?","datePublished":"2025-06-04T10:00:00+00:00","mainEntityOfPage":{"@id":"https:\/\/www.primecursos.com.br\/blog\/micro-ondas-ou-microondas-qual-e-a-forma-correta\/"},"wordCount":1502,"publisher":{"@id":"https:\/\/www.primecursos.com.br\/blog\/#organization"},"image":{"@id":"https:\/\/www.primecursos.com.br\/blog\/micro-ondas-ou-microondas-qual-e-a-forma-correta\/#primaryimage"},"thumbnailUrl":"https:\/\/www.primecursos.com.br\/blog\/wp-content\/uploads\/2025\/04\/pensando-como-escreve-micro-ondas-canva.jpg","articleSection":["Artigos"],"inLanguage":"pt-BR"},{"@type":"WebPage","@id":"https:\/\/www.primecursos.com.br\/blog\/micro-ondas-ou-microondas-qual-e-a-forma-correta\/","url":"https:\/\/www.primecursos.com.br\/blog\/micro-ondas-ou-microondas-qual-e-a-forma-correta\/","name":"Micro-ondas ou Microondas: Qual \u00e9 a Forma Correta? | Prime Cursos","isPartOf":{"@id":"https:\/\/www.primecursos.com.br\/blog\/#website"},"primaryImageOfPage":{"@id":"https:\/\/www.primecursos.com.br\/blog\/micro-ondas-ou-microondas-qual-e-a-forma-correta\/#primaryimage"},"image":{"@id":"https:\/\/www.primecursos.com.br\/blog\/micro-ondas-ou-microondas-qual-e-a-forma-correta\/#primaryimage"},"thumbnailUrl":"https:\/\/www.primecursos.com.br\/blog\/wp-content\/uploads\/2025\/04\/pensando-como-escreve-micro-ondas-canva.jpg","datePublished":"2025-06-04T10:00:00+00:00","description":"Descubra se o correto \u00e9 micro-ondas ou microondas, entenda as regras do h\u00edfen e evite erros ortogr\u00e1ficos com dicas pr\u00e1ticas e exemplos claros","breadcrumb":{"@id":"https:\/\/www.primecursos.com.br\/blog\/micro-ondas-ou-microondas-qual-e-a-forma-correta\/#breadcrumb"},"inLanguage":"pt-BR","potentialAction":[{"@type":"ReadAction","target":["https:\/\/www.primecursos.com.br\/blog\/micro-ondas-ou-microondas-qual-e-a-forma-correta\/"]}]},{"@type":"ImageObject","inLanguage":"pt-BR","@id":"https:\/\/www.primecursos.com.br\/blog\/micro-ondas-ou-microondas-qual-e-a-forma-correta\/#primaryimage","url":"https:\/\/www.primecursos.com.br\/blog\/wp-content\/uploads\/2025\/04\/pensando-como-escreve-micro-ondas-canva.jpg","contentUrl":"https:\/\/www.primecursos.com.br\/blog\/wp-content\/uploads\/2025\/04\/pensando-como-escreve-micro-ondas-canva.jpg","width":1200,"height":900,"caption":"Mulher com uma express\u00e3o reflexiva, pensando na forma correta de escrever microondas ou micro-ondas. Ela usa uma blusa ver e tem um bal\u00e3o de pensamento escrito \"Micro-ondas ou Microondas\". Fundo bege s\u00f3lido"},{"@type":"BreadcrumbList","@id":"https:\/\/www.primecursos.com.br\/blog\/micro-ondas-ou-microondas-qual-e-a-forma-correta\/#breadcrumb","itemListElement":[{"@type":"ListItem","position":1,"name":"In\u00edcio","item":"https:\/\/www.primecursos.com.br\/blog\/"},{"@type":"ListItem","position":2,"name":"Artigos","item":"https:\/\/www.primecursos.com.br\/blog\/artigos\/"},{"@type":"ListItem","position":3,"name":"Micro-ondas ou Microondas: Qual \u00e9 a Forma Correta?"}]},{"@type":"WebSite","@id":"https:\/\/www.primecursos.com.br\/blog\/#website","url":"https:\/\/www.primecursos.com.br\/blog\/","name":"Prime Cursos","description":"Cursos gr\u00e1tis com certificado v\u00e1lido","publisher":{"@id":"https:\/\/www.primecursos.com.br\/blog\/#organization"},"potentialAction":[{"@type":"SearchAction","target":{"@type":"EntryPoint","urlTemplate":"https:\/\/www.primecursos.com.br\/blog\/?s={search_term_string}"},"query-input":{"@type":"PropertyValueSpecification","valueRequired":true,"valueName":"search_term_string"}}],"inLanguage":"pt-BR"},{"@type":"Organization","@id":"https:\/\/www.primecursos.com.br\/blog\/#organization","name":"Prime Cursos Online","url":"https:\/\/www.primecursos.com.br\/blog\/","logo":{"@type":"ImageObject","inLanguage":"pt-BR","@id":"https:\/\/www.primecursos.com.br\/blog\/#\/schema\/logo\/image\/","url":"https:\/\/www.primecursos.com.br\/blog\/wp-content\/uploads\/2018\/03\/prime-cursos-gratis-online-logo-070318b-1.png","contentUrl":"https:\/\/www.primecursos.com.br\/blog\/wp-content\/uploads\/2018\/03\/prime-cursos-gratis-online-logo-070318b-1.png","width":330,"height":80,"caption":"Prime Cursos Online"},"image":{"@id":"https:\/\/www.primecursos.com.br\/blog\/#\/schema\/logo\/image\/"},"sameAs":["https:\/\/www.facebook.com\/primecursos\/","https:\/\/x.com\/primecursosbr"]},{"@type":"Person","@id":"https:\/\/www.primecursos.com.br\/blog\/#\/schema\/person\/a84b284f4e319f54be681cfe0b7f2734","name":"yasmin.moreno","image":{"@type":"ImageObject","inLanguage":"pt-BR","@id":"https:\/\/secure.gravatar.com\/avatar\/c72c0671d03e6ce3833a273f26313d575d6a5344cf4ce5f64706726a55773792?s=96&d=mm&r=g","url":"https:\/\/secure.gravatar.com\/avatar\/c72c0671d03e6ce3833a273f26313d575d6a5344cf4ce5f64706726a55773792?s=96&d=mm&r=g","contentUrl":"https:\/\/secure.gravatar.com\/avatar\/c72c0671d03e6ce3833a273f26313d575d6a5344cf4ce5f64706726a55773792?s=96&d=mm&r=g","caption":"yasmin.moreno"},"url":"https:\/\/www.primecursos.com.br\/blog\/author\/yasmin-moreno\/"}]}},"taxonomy_info":{"category":[{"value":1,"label":"Artigos"}]},"featured_image_src_large":["https:\/\/www.primecursos.com.br\/blog\/wp-content\/uploads\/2025\/04\/pensando-como-escreve-micro-ondas-canva-1024x768.jpg",1024,768,true],"author_info":{"display_name":"yasmin.moreno","author_link":"https:\/\/www.primecursos.com.br\/blog\/author\/yasmin-moreno\/"},"comment_info":0,"category_info":[{"term_id":1,"name":"Artigos","slug":"artigos","term_group":0,"term_taxonomy_id":1,"taxonomy":"category","description":"","parent":0,"count":983,"filter":"raw","cat_ID":1,"category_count":983,"category_description":"","cat_name":"Artigos","category_nicename":"artigos","category_parent":0}],"tag_info":false,"_links":{"self":[{"href":"https:\/\/www.primecursos.com.br\/blog\/wp-json\/wp\/v2\/posts\/21131","targetHints":{"allow":["GET"]}}],"collection":[{"href":"https:\/\/www.primecursos.com.br\/blog\/wp-json\/wp\/v2\/posts"}],"about":[{"href":"https:\/\/www.primecursos.com.br\/blog\/wp-json\/wp\/v2\/types\/post"}],"author":[{"embeddable":true,"href":"https:\/\/www.primecursos.com.br\/blog\/wp-json\/wp\/v2\/users\/25"}],"replies":[{"embeddable":true,"href":"https:\/\/www.primecursos.com.br\/blog\/wp-json\/wp\/v2\/comments?post=21131"}],"version-history":[{"count":0,"href":"https:\/\/www.primecursos.com.br\/blog\/wp-json\/wp\/v2\/posts\/21131\/revisions"}],"wp:featuredmedia":[{"embeddable":true,"href":"https:\/\/www.primecursos.com.br\/blog\/wp-json\/wp\/v2\/media\/21137"}],"wp:attachment":[{"href":"https:\/\/www.primecursos.com.br\/blog\/wp-json\/wp\/v2\/media?parent=21131"}],"wp:term":[{"taxonomy":"category","embeddable":true,"href":"https:\/\/www.primecursos.com.br\/blog\/wp-json\/wp\/v2\/categories?post=21131"},{"taxonomy":"post_tag","embeddable":true,"href":"https:\/\/www.primecursos.com.br\/blog\/wp-json\/wp\/v2\/tags?post=21131"}],"curies":[{"name":"wp","href":"https:\/\/api.w.org\/{rel}","templated":true}]}}