{"id":21788,"date":"2025-07-28T10:00:00","date_gmt":"2025-07-28T10:00:00","guid":{"rendered":"https:\/\/www.primecursos.com.br\/blog\/?p=21788"},"modified":"2025-07-25T22:34:33","modified_gmt":"2025-07-25T22:34:33","slug":"caju-ou-caju-descubra-a-forma-correta","status":"publish","type":"post","link":"https:\/\/www.primecursos.com.br\/blog\/caju-ou-caju-descubra-a-forma-correta\/","title":{"rendered":"Caj\u00fa ou Caju, Com ou Sem Acento? Descubra a Forma Correta!"},"content":{"rendered":"\n<p>Voc\u00ea j\u00e1 parou para pensar se o certo \u00e9 escrever &#8220;caju&#8221; ou &#8220;caj\u00fa&#8221;? A d\u00favida \u00e9 compreens\u00edvel e atinge at\u00e9 quem tem bom dom\u00ednio da l\u00edngua portuguesa. Afinal, a pron\u00fancia forte na \u00faltima s\u00edlaba pode causar a impress\u00e3o de que o acento gr\u00e1fico seria obrigat\u00f3rio.<\/p>\n\n\n\n<p>Sendo assim, esse tipo de questionamento \u00e9 mais comum do que parece, especialmente em palavras do dia a dia que convivem com varia\u00e7\u00f5es sonoras e grafias semelhantes. Mas a boa not\u00edcia \u00e9 que existe uma regra clara da gram\u00e1tica que nos ajuda a resolver essa d\u00favida de forma definitiva.<\/p>\n\n\n\n<p>Neste post, vamos explicar qual a grafia correta &#8220;Caju&#8221; ou &#8220;Caj\u00fa&#8221;, al\u00e9m de apresentar curiosidades lingu\u00edsticas, significados culturais e usos interessantes dessa palavra t\u00e3o brasileira. Prepare-se para aprender com clareza e sem complica\u00e7\u00f5es!<\/p>\n\n\n\n<!--more-->\n\n\n\n<h2 class=\"wp-block-heading\" id=\"h-origem-e-etimologia-da-palavra\"><strong>Origem e etimologia da palavra<\/strong><\/h2>\n\n\n\n<p>Antes de explorarmos as regras ortogr\u00e1ficas, \u00e9 fundamental entender de onde vem a palavra &#8220;caju&#8221; e qual seu peso cultural. O termo, de <a href=\"https:\/\/www.primecursos.com.br\/blog\/termos-indigenas-origem-significado\/\">origem ind\u00edgena<\/a>, est\u00e1 profundamente enraizado na hist\u00f3ria e no cotidiano do Brasil, especialmente por sua forte liga\u00e7\u00e3o com o povo. Dessa forma, o caju se tornou um s\u00edmbolo n\u00e3o apenas bot\u00e2nico, mas tamb\u00e9m cultural e lingu\u00edstico.<\/p>\n\n\n<div class=\"wp-block-image\">\n<figure class=\"aligncenter size-large\"><a href=\"https:\/\/www.primecursos.com.br\/blog\/wp-content\/uploads\/2025\/07\/caju-feira-canva.jpg\"><img decoding=\"async\" width=\"1024\" height=\"768\" src=\"https:\/\/www.primecursos.com.br\/blog\/wp-content\/uploads\/2025\/07\/caju-feira-canva-1024x768.jpg\" alt=\"V\u00e1rios cajus frescos, com colora\u00e7\u00e3o entre o amarelo e o vermelho, dispostos em pilhas sobre recipientes em uma feira.\" class=\"wp-image-21798\" srcset=\"https:\/\/www.primecursos.com.br\/blog\/wp-content\/uploads\/2025\/07\/caju-feira-canva-1024x768.jpg 1024w, https:\/\/www.primecursos.com.br\/blog\/wp-content\/uploads\/2025\/07\/caju-feira-canva-300x225.jpg 300w, https:\/\/www.primecursos.com.br\/blog\/wp-content\/uploads\/2025\/07\/caju-feira-canva-768x576.jpg 768w, https:\/\/www.primecursos.com.br\/blog\/wp-content\/uploads\/2025\/07\/caju-feira-canva-150x113.jpg 150w, https:\/\/www.primecursos.com.br\/blog\/wp-content\/uploads\/2025\/07\/caju-feira-canva.jpg 1200w\" sizes=\"(max-width: 1024px) 100vw, 1024px\" \/><\/a><\/figure>\n<\/div>\n\n\n<p>Mais especificamente, a palavra &#8220;caju&#8221; deriva do <a href=\"https:\/\/michaelis.uol.com.br\/busca?id=QnRy\" target=\"_blank\" rel=\"noreferrer noopener nofollow\">tupi <em>akai\u00fa<\/em><\/a>, que significa &#8220;noz que se produz&#8221;. Esse significado revela n\u00e3o apenas a fun\u00e7\u00e3o biol\u00f3gica do fruto, mas tamb\u00e9m sua import\u00e2ncia na forma\u00e7\u00e3o da identidade agr\u00edcola e lingu\u00edstica do pa\u00eds. Ademais, al\u00e9m de seu significado prim\u00e1rio como fruto, o termo &#8220;caju&#8221; aparece em diversos outros contextos.<\/p>\n\n\n\n<p>Por exemplo, no uso coloquial, pode designar algu\u00e9m com atitudes tolas. E, no sentido figurado, \u00e9 usado para se referir a anos de vida, como em &#8220;90 cajus nas costas&#8221;. J\u00e1 na linguagem regional do Cear\u00e1, d\u00e1 nome a um tipo de renda de fil\u00f3 com desenhos que remetem ao formato da fruta, demonstrando sua presen\u00e7a at\u00e9 mesmo na moda e no artesanato.<\/p>\n\n\n\n<h2 class=\"wp-block-heading\" id=\"h-a-importancia-do-caju-e-o-que-ele-e\"><strong>A import\u00e2ncia do Caju e o que ele \u00e9?<\/strong><\/h2>\n\n\n\n<p>Antes de explorarmos as regras ortogr\u00e1ficas, \u00e9 essencial compreendermos o que \u00e9, de fato, o caju e qual \u00e9 a sua relev\u00e2ncia. Trata-se de uma fruta tropical amplamente consumida no Brasil, caracterizada por seu sabor adocicado e sua colora\u00e7\u00e3o vibrante, que varia entre o amarelo e o vermelho.<\/p>\n\n\n\n<p>Contudo, \u00e9 importante esclarecer que o que popularmente chamamos de fruta \u00e9, na verdade, o ped\u00fanculo carnoso do verdadeiro fruto: a castanha de caju. Essa castanha, localizada na extremidade do caju, \u00e9 a semente da planta e representa um dos principais produtos agr\u00edcolas de exporta\u00e7\u00e3o do Brasil.<\/p>\n\n\n<div class=\"wp-block-image\">\n<figure class=\"aligncenter size-large\"><a href=\"https:\/\/www.primecursos.com.br\/blog\/wp-content\/uploads\/2025\/07\/castanha-de-caju-torrada-canva.jpg\"><img decoding=\"async\" width=\"1024\" height=\"768\" src=\"https:\/\/www.primecursos.com.br\/blog\/wp-content\/uploads\/2025\/07\/castanha-de-caju-torrada-canva-1024x768.jpg\" alt=\"Vista aproximada de v\u00e1rias castanhas de caju torradas, com colora\u00e7\u00e3o bege clara e textura levemente enrugada, espalhadas sobre uma superf\u00edcie branca.\" class=\"wp-image-21800\" srcset=\"https:\/\/www.primecursos.com.br\/blog\/wp-content\/uploads\/2025\/07\/castanha-de-caju-torrada-canva-1024x768.jpg 1024w, https:\/\/www.primecursos.com.br\/blog\/wp-content\/uploads\/2025\/07\/castanha-de-caju-torrada-canva-300x225.jpg 300w, https:\/\/www.primecursos.com.br\/blog\/wp-content\/uploads\/2025\/07\/castanha-de-caju-torrada-canva-768x576.jpg 768w, https:\/\/www.primecursos.com.br\/blog\/wp-content\/uploads\/2025\/07\/castanha-de-caju-torrada-canva-150x113.jpg 150w, https:\/\/www.primecursos.com.br\/blog\/wp-content\/uploads\/2025\/07\/castanha-de-caju-torrada-canva.jpg 1200w\" sizes=\"(max-width: 1024px) 100vw, 1024px\" \/><\/a><\/figure>\n<\/div>\n\n\n<p>Sendo assim, al\u00e9m de seu papel econ\u00f4mico, o caju \u00e9 altamente valorizado por suas propriedades nutricionais, j\u00e1 que \u00e9 uma fonte rica de vitamina C e antioxidantes, subst\u00e2ncias que contribuem significativamente para a promo\u00e7\u00e3o da sa\u00fade.<\/p>\n\n\n\n<p>Nesse contexto, tanto sob a \u00f3tica econ\u00f4mica quanto nutricional, o caju ocupa um papel estrat\u00e9gico no Brasil. Conforme aponta o Senado Federal, a castanha de caju tem apresentado um crescimento constante no mercado, especialmente nas regi\u00f5es produtoras do Nordeste.<\/p>\n\n\n\n<h2 class=\"wp-block-heading\" id=\"h-afinal-por-que-o-termo-caju-nao-leva-acento\"><strong>Afinal, por que o termo &#8220;Caju&#8221; n\u00e3o leva acento?<\/strong><\/h2>\n\n\n\n<p>Embora a pron\u00fancia da palavra &#8220;caju&#8221; recaia sobre a \u00faltima s\u00edlaba \u2014 ca-<em>JU<\/em> \u2014 e isso leve muitos a acreditarem que ela deve receber acento gr\u00e1fico, as <a href=\"https:\/\/g1.globo.com\/educacao\/blog\/dicas-de-portugues\/post\/duvidas-dos-leitores-32.html\" target=\"_blank\" rel=\"noreferrer noopener nofollow\">normas ortogr\u00e1ficas da l\u00edngua portuguesa<\/a> determinam o contr\u00e1rio. De acordo com a gram\u00e1tica, as palavras ox\u00edtonas, ou seja, aquelas cuja s\u00edlaba t\u00f4nica \u00e9 a \u00faltima, <strong>s\u00f3 recebem acento<\/strong> quando terminam em <strong>\u201ca\u201d, \u201ce\u201d ou \u201co\u201d<\/strong>, seguidas ou n\u00e3o de \u201cs\u201d.<\/p>\n\n\n\n<p>Ademais, essa confus\u00e3o \u00e9 compreens\u00edvel, pois muitas pessoas acabam misturando palavras ox\u00edtonas com aquelas que apresentam hiato, especialmente quando envolvem as letras \u201ci\u201d ou \u201cu\u201d. Nesses casos, o acento gr\u00e1fico \u00e9 realmente utilizado, desde que essas vogais estejam sozinhas na s\u00edlaba ou acompanhadas apenas de \u201cs\u201d, como em \u201cba\u00fa\u201d, \u201cJa\u00fa\u201d e \u201cIta\u00fa\u201d.<\/p>\n\n\n\n<blockquote class=\"wp-block-quote is-layout-flow wp-block-quote-is-layout-flow\">\n<p><strong>1\u00b0) Acentuam-se com acento agudo:<\/strong> a) As palavras ox\u00edtonas terminadas nas vogais t\u00f3nicas\/t\u00f4nicas abertas grafadas -a, -e ou -o, seguidas ou n\u00e3o de -s: est\u00e1, est\u00e1s, j\u00e1, ol\u00e1; at\u00e9, \u00e9,<br>\u00e9s, ol\u00e9, pontap\u00e9(s); av\u00f3(s), domin\u00f3(s), palet\u00f3(s), s\u00f3(s).<\/p>\n<cite><a href=\"https:\/\/www2.senado.leg.br\/bdsf\/bitstream\/handle\/id\/508145\/000997415.pdf\" target=\"_blank\" rel=\"noreferrer noopener nofollow\">Acordo Ortogr\u00e1fico da L\u00edngua Portuguesa<\/a><\/cite><\/blockquote>\n\n\n\n<p>Sendo assim, nas palavras com hiato, h\u00e1 separa\u00e7\u00e3o sil\u00e1bica clara, o que justifica o acento no \u201cu\u201d. Entretanto, palavras como <em>\u201ccaju\u201d<\/em> n\u00e3o formam um hiato, pois o \u201cu\u201d faz parte da s\u00edlaba final sem separa\u00e7\u00e3o sil\u00e1bica, caracterizando-se com ox\u00edtona.<\/p>\n\n\n\n<p>Em resumo, ainda que a sonoridade induza ao erro, se a palavra termina em \u201cu\u201d e n\u00e3o apresenta hiato, como acontece com <em>caju<\/em>, <strong>ela n\u00e3o deve ser acentuada<\/strong>. Essa regra permanece inalterada, inclusive ap\u00f3s o novo acordo ortogr\u00e1fico, mantendo-se firme como uma das diretrizes mais importantes da acentua\u00e7\u00e3o na l\u00edngua portuguesa.<\/p>\n\n\n\n<h3 class=\"wp-block-heading\" id=\"h-exemplos-com-o-termo-caju\"><strong>Exemplos com o termo &#8220;Caju&#8221;<\/strong><\/h3>\n\n\n\n<p>Para consolidar o entendimento da regra gramatical que explica por que &#8220;caju&#8221; n\u00e3o leva acento, \u00e9 fundamental observar como essa palavra se comporta em diferentes contextos. Ao visualizar seu uso com significados variados, fixamos com mais facilidade tanto a grafia correta quanto a versatilidade do termo na l\u00edngua portuguesa.<\/p>\n\n\n<style>.wp-block-kadence-advancedgallery .kb-gallery-type-masonry.kb-gallery-id-21788_06768f-98{margin:-5px;}.kb-gallery-type-masonry.kb-gallery-id-21788_06768f-98 .kadence-blocks-gallery-item{padding:5px;}.kb-gallery-id-21788_06768f-98 .kadence-blocks-gallery-item .kb-gal-image-radius, .kb-gallery-id-21788_06768f-98 .kb-slide-item .kb-gal-image-radius img{border-radius:0px 0px 0px 0px;;}<\/style><div class=\"kb-gallery-wrap-id-21788_06768f-98 alignnone wp-block-kadence-advancedgallery\"><ul class=\"kb-gallery-ul kb-gallery-non-static kb-gallery-type-masonry kb-masonry-init kb-gallery-id-21788_06768f-98 kb-gallery-caption-style-bottom-hover kb-gallery-filter-none\" data-image-filter=\"none\" data-item-selector=\".kadence-blocks-gallery-item\" data-lightbox-caption=\"true\" data-columns-xxl=\"3\" data-columns-xl=\"3\" data-columns-md=\"3\" data-columns-sm=\"2\" data-columns-xs=\"1\" data-columns-ss=\"1\"><li class=\"kadence-blocks-gallery-item\" tabindex=\"0\"><div class=\"kadence-blocks-gallery-item-inner\"><figure class=\"kb-gallery-figure kadence-blocks-gallery-item-hide-caption\"><div class=\"kb-gal-image-radius\" style=\"max-width:1080px;\"><div class=\"kb-gallery-image-contain kadence-blocks-gallery-intrinsic\" style=\"padding-bottom:125%;\"><img decoding=\"async\" src=\"https:\/\/www.primecursos.com.br\/blog\/wp-content\/uploads\/2025\/07\/frase-agiu-feito-caju-canva.jpg\" width=\"1080\" height=\"1350\" alt=\"frase agiu feito caju canva\" data-full-image=\"https:\/\/www.primecursos.com.br\/blog\/wp-content\/uploads\/2025\/07\/frase-agiu-feito-caju-canva.jpg\" data-light-image=\"https:\/\/www.primecursos.com.br\/blog\/wp-content\/uploads\/2025\/07\/frase-agiu-feito-caju-canva.jpg\" data-id=\"21802\" class=\"wp-image-21802\" srcset=\"https:\/\/www.primecursos.com.br\/blog\/wp-content\/uploads\/2025\/07\/frase-agiu-feito-caju-canva.jpg 1080w, https:\/\/www.primecursos.com.br\/blog\/wp-content\/uploads\/2025\/07\/frase-agiu-feito-caju-canva-240x300.jpg 240w, https:\/\/www.primecursos.com.br\/blog\/wp-content\/uploads\/2025\/07\/frase-agiu-feito-caju-canva-819x1024.jpg 819w, https:\/\/www.primecursos.com.br\/blog\/wp-content\/uploads\/2025\/07\/frase-agiu-feito-caju-canva-768x960.jpg 768w, https:\/\/www.primecursos.com.br\/blog\/wp-content\/uploads\/2025\/07\/frase-agiu-feito-caju-canva-150x188.jpg 150w\" sizes=\"(max-width: 1080px) 100vw, 1080px\" \/><\/div><\/div><\/figure><\/div><\/li><li class=\"kadence-blocks-gallery-item\" tabindex=\"0\"><div class=\"kadence-blocks-gallery-item-inner\"><figure class=\"kb-gallery-figure kadence-blocks-gallery-item-hide-caption\"><div class=\"kb-gal-image-radius\" style=\"max-width:1080px;\"><div class=\"kb-gallery-image-contain kadence-blocks-gallery-intrinsic\" style=\"padding-bottom:125%;\"><img decoding=\"async\" src=\"https:\/\/www.primecursos.com.br\/blog\/wp-content\/uploads\/2025\/07\/frase-caju-suco-canva.jpg\" width=\"1080\" height=\"1350\" alt=\"frase caju suco canva\" data-full-image=\"https:\/\/www.primecursos.com.br\/blog\/wp-content\/uploads\/2025\/07\/frase-caju-suco-canva.jpg\" data-light-image=\"https:\/\/www.primecursos.com.br\/blog\/wp-content\/uploads\/2025\/07\/frase-caju-suco-canva.jpg\" data-id=\"21804\" class=\"wp-image-21804\" srcset=\"https:\/\/www.primecursos.com.br\/blog\/wp-content\/uploads\/2025\/07\/frase-caju-suco-canva.jpg 1080w, https:\/\/www.primecursos.com.br\/blog\/wp-content\/uploads\/2025\/07\/frase-caju-suco-canva-240x300.jpg 240w, https:\/\/www.primecursos.com.br\/blog\/wp-content\/uploads\/2025\/07\/frase-caju-suco-canva-819x1024.jpg 819w, https:\/\/www.primecursos.com.br\/blog\/wp-content\/uploads\/2025\/07\/frase-caju-suco-canva-768x960.jpg 768w, https:\/\/www.primecursos.com.br\/blog\/wp-content\/uploads\/2025\/07\/frase-caju-suco-canva-150x188.jpg 150w\" sizes=\"(max-width: 1080px) 100vw, 1080px\" \/><\/div><\/div><\/figure><\/div><\/li><li class=\"kadence-blocks-gallery-item\" tabindex=\"0\"><div class=\"kadence-blocks-gallery-item-inner\"><figure class=\"kb-gallery-figure kadence-blocks-gallery-item-hide-caption\"><div class=\"kb-gal-image-radius\" style=\"max-width:1080px;\"><div class=\"kb-gallery-image-contain kadence-blocks-gallery-intrinsic\" style=\"padding-bottom:125%;\"><img decoding=\"async\" src=\"https:\/\/www.primecursos.com.br\/blog\/wp-content\/uploads\/2025\/07\/frase-cajus-costas-canva.jpg\" width=\"1080\" height=\"1350\" alt=\"frase cajus costas canva\" data-full-image=\"https:\/\/www.primecursos.com.br\/blog\/wp-content\/uploads\/2025\/07\/frase-cajus-costas-canva.jpg\" data-light-image=\"https:\/\/www.primecursos.com.br\/blog\/wp-content\/uploads\/2025\/07\/frase-cajus-costas-canva.jpg\" data-id=\"21803\" class=\"wp-image-21803\" srcset=\"https:\/\/www.primecursos.com.br\/blog\/wp-content\/uploads\/2025\/07\/frase-cajus-costas-canva.jpg 1080w, https:\/\/www.primecursos.com.br\/blog\/wp-content\/uploads\/2025\/07\/frase-cajus-costas-canva-240x300.jpg 240w, https:\/\/www.primecursos.com.br\/blog\/wp-content\/uploads\/2025\/07\/frase-cajus-costas-canva-819x1024.jpg 819w, https:\/\/www.primecursos.com.br\/blog\/wp-content\/uploads\/2025\/07\/frase-cajus-costas-canva-768x960.jpg 768w, https:\/\/www.primecursos.com.br\/blog\/wp-content\/uploads\/2025\/07\/frase-cajus-costas-canva-150x188.jpg 150w\" sizes=\"(max-width: 1080px) 100vw, 1080px\" \/><\/div><\/div><\/figure><\/div><\/li><\/ul><\/div>\n\n\n<p>Veja, por exemplo, os seguintes casos:<\/p>\n\n\n\n<ul class=\"wp-block-list\">\n<li>O <strong>caju<\/strong> estava t\u00e3o doce que virou o ingrediente principal do suco.<\/li>\n\n\n\n<li>Ele agiu feito um <strong>caju<\/strong> na reuni\u00e3o, falando sem pensar e fazendo piadas fora de hora.<\/li>\n\n\n\n<li>Com menos de oitenta <strong>cajus<\/strong> nas costas, ele j\u00e1 n\u00e3o se sentia jovem e cheio de energia.<\/li>\n\n\n\n<li>Queria comprar uma bolsa bordada com renda de <strong>caju<\/strong>.<\/li>\n<\/ul>\n\n\n\n<h2 class=\"wp-block-heading\" id=\"h-dicas-para-memorizar-as-regras-de-acentuacao\"><strong>Dicas para memorizar as regras de acentua\u00e7\u00e3o<\/strong><\/h2>\n\n\n\n<p>Para memorizar as regras de acentua\u00e7\u00e3o, uma dica valiosa \u00e9 entender a posi\u00e7\u00e3o da s\u00edlaba t\u00f4nica em palavras como &#8220;caju&#8221;. Por ser uma palavra ox\u00edtona (t\u00f4nica na \u00faltima s\u00edlaba) terminada em \u201cu\u201d, ela n\u00e3o leva acento, conforme determina a norma. No entanto, caso terminasse em a(s), e(s) ou o(s), deveria ser acentuada. E, \u00e9 importante entender isso, pois facilita a identifica\u00e7\u00e3o de outras palavras com estruturas semelhantes.<\/p>\n\n\n\n<p>Al\u00e9m disso, criar associa\u00e7\u00f5es mentais ajuda na fixa\u00e7\u00e3o da grafia correta. Por exemplo, lembrar que &#8220;caju&#8221;, apesar de parecer que deveria ser acentuado, n\u00e3o recebe acento porque n\u00e3o forma hiato e termina em uma vogal que n\u00e3o exige acento gr\u00e1fico. Analogias bem-humoradas, como &#8220;fruta n\u00e3o precisa de acento porque n\u00e3o senta&#8221;, tamb\u00e9m tornam o aprendizado mais leve e marcante.<\/p>\n\n\n<div class=\"wp-block-image\">\n<figure class=\"aligncenter size-large\"><a href=\"https:\/\/www.primecursos.com.br\/blog\/wp-content\/uploads\/2025\/05\/fazendo-exercicios-portugues-canva.jpg\"><img decoding=\"async\" width=\"1024\" height=\"768\" src=\"https:\/\/www.primecursos.com.br\/blog\/wp-content\/uploads\/2025\/05\/fazendo-exercicios-portugues-canva-1024x768.jpg\" alt=\"Dois estudantes sentados lado a lado em uma mesa, concentrados na realiza\u00e7\u00e3o de exerc\u00edcios de portugu\u00eas. Eles escrevem com l\u00e1pis e consultam livros abertos, rodeados por cadernos, livros empilhados e post-its.\" class=\"wp-image-21281\" srcset=\"https:\/\/www.primecursos.com.br\/blog\/wp-content\/uploads\/2025\/05\/fazendo-exercicios-portugues-canva-1024x768.jpg 1024w, https:\/\/www.primecursos.com.br\/blog\/wp-content\/uploads\/2025\/05\/fazendo-exercicios-portugues-canva-300x225.jpg 300w, https:\/\/www.primecursos.com.br\/blog\/wp-content\/uploads\/2025\/05\/fazendo-exercicios-portugues-canva-768x576.jpg 768w, https:\/\/www.primecursos.com.br\/blog\/wp-content\/uploads\/2025\/05\/fazendo-exercicios-portugues-canva-150x113.jpg 150w, https:\/\/www.primecursos.com.br\/blog\/wp-content\/uploads\/2025\/05\/fazendo-exercicios-portugues-canva.jpg 1200w\" sizes=\"(max-width: 1024px) 100vw, 1024px\" \/><\/a><\/figure>\n<\/div>\n\n\n<p>Outra estrat\u00e9gia eficiente \u00e9 observar a palavra &#8220;caju&#8221; em diferentes contextos e significados, como foi feito neste texto. Pois, isso refor\u00e7a a forma correta de escrev\u00ea-la, ao mesmo tempo em que evidencia sua versatilidade. Quanto mais voc\u00ea v\u00ea, l\u00ea e escreve a palavra corretamente, maior ser\u00e1 sua familiaridade com as regras e mais confiante ser\u00e1 seu uso em situa\u00e7\u00f5es cotidianas.<\/p>\n\n\n\n<h2 class=\"wp-block-heading\" id=\"h-por-que-e-importante-escrever-corretamente\"><strong>Por que \u00e9 importante escrever corretamente?<\/strong><\/h2>\n\n\n\n<p>Escrever corretamente n\u00e3o \u00e9 apenas uma quest\u00e3o de seguir regras gramaticais; \u00e9 uma forma de garantir clareza, credibilidade e respeito com quem l\u00ea. No caso da palavra &#8220;caju&#8221;, conhecer a grafia correta evita erros comuns que podem comprometer a imagem de quem escreve, especialmente em contextos acad\u00eamicos ou profissionais.<\/p>\n\n\n\n<p>Al\u00e9m disso, dominar a ortografia ajuda na comunica\u00e7\u00e3o eficiente, pois transmite a mensagem com precis\u00e3o e seguran\u00e7a. Quando usamos palavras simples, como &#8220;caju&#8221;, em diferentes contextos, conseguimos ampliar o vocabul\u00e1rio e refor\u00e7ar o aprendizado das normas da l\u00edngua portuguesa.<\/p>\n\n\n\n<p>Por fim, compreender o motivo pelo qual &#8220;caju&#8221; n\u00e3o leva acento, mesmo sendo uma ox\u00edtona, contribui para o dom\u00ednio consciente das regras de acentua\u00e7\u00e3o. Esse tipo de conhecimento facilita a escrita e leitura no dia a dia, promovendo autonomia lingu\u00edstica e confian\u00e7a no uso do idioma.<\/p>\n\n\n<div class=\"wp-block-image\">\n<figure class=\"aligncenter size-large\"><a href=\"https:\/\/www.primecursos.com.br\/blog\/wp-content\/uploads\/2025\/04\/lendo-novo-acordo-ortografico-canva.jpg\"><img decoding=\"async\" width=\"1024\" height=\"768\" src=\"https:\/\/www.primecursos.com.br\/blog\/wp-content\/uploads\/2025\/04\/lendo-novo-acordo-ortografico-canva-1024x768.jpg\" alt=\"Pessoa lendo o novo acordo ortogr\u00e1fico, pesquisando no livro informa\u00e7\u00f5es sobre &quot;caju&quot; ou &quot;caj\u00fa&quot;.\" class=\"wp-image-20985\" srcset=\"https:\/\/www.primecursos.com.br\/blog\/wp-content\/uploads\/2025\/04\/lendo-novo-acordo-ortografico-canva-1024x768.jpg 1024w, https:\/\/www.primecursos.com.br\/blog\/wp-content\/uploads\/2025\/04\/lendo-novo-acordo-ortografico-canva-300x225.jpg 300w, https:\/\/www.primecursos.com.br\/blog\/wp-content\/uploads\/2025\/04\/lendo-novo-acordo-ortografico-canva-768x576.jpg 768w, https:\/\/www.primecursos.com.br\/blog\/wp-content\/uploads\/2025\/04\/lendo-novo-acordo-ortografico-canva-150x113.jpg 150w, https:\/\/www.primecursos.com.br\/blog\/wp-content\/uploads\/2025\/04\/lendo-novo-acordo-ortografico-canva.jpg 1200w\" sizes=\"(max-width: 1024px) 100vw, 1024px\" \/><\/a><\/figure>\n<\/div>\n\n\n<p>Agora que voc\u00ea chegou at\u00e9 aqui, j\u00e1 sabe que a forma correta de escrever \u00e9 caju, sem acento gr\u00e1fico. Essa d\u00favida, bastante comum, se esclarece com o conhecimento das regras b\u00e1sicas de acentua\u00e7\u00e3o da l\u00edngua portuguesa. Como aprendemos, palavras ox\u00edtonas terminadas em \u201cu\u201d n\u00e3o recebem acento, a menos que formem hiato, o que definitivamente n\u00e3o \u00e9 o caso de caju.<\/p>\n\n\n\n<p>Al\u00e9m de entender a grafia correta, voc\u00ea tamb\u00e9m p\u00f4de perceber que essa palavra vai muito al\u00e9m da ortografia. Pois, \u00e9 um termo cheio de significados, com presen\u00e7a marcante na bot\u00e2nica, na economia, na linguagem popular e at\u00e9 no artesanato regional. E, conhecer essas nuances enriquece nosso vocabul\u00e1rio e amplia nossa compreens\u00e3o da l\u00edngua.<\/p>\n\n\n\n<p>Por fim, dominar o uso correto de &#8220;caju&#8221; representa mais do que acertar na acentua\u00e7\u00e3o: \u00e9 reconhecer a versatilidade e a relev\u00e2ncia de uma palavra que \u00e9, ao mesmo tempo, simples e cheia de hist\u00f3ria. Se este conte\u00fado te ajudou, compartilhe com seus amigos e continue acompanhando o blog da Prime Cursos para aprender mais sobre o portugu\u00eas.<\/p>\n\n\n\n<h2 class=\"wp-block-heading has-text-align-center\" id=\"h-curso-de-lingua-portuguesa-atualizada-gratis\">Curso de L\u00edngua Portuguesa Atualizada Gr\u00e1tis<\/h2>\n\n\n<div class=\"wp-block-image\">\n<figure class=\"aligncenter size-full is-resized\"><a href=\"https:\/\/www.primecursos.com.br\/blog\/wp-content\/uploads\/2024\/08\/curso-de-lingua-portuguesa-atualizada.webp\"><img decoding=\"async\" width=\"540\" height=\"282\" src=\"https:\/\/www.primecursos.com.br\/blog\/wp-content\/uploads\/2024\/08\/curso-de-lingua-portuguesa-atualizada.webp\" alt=\"curso de l\u00edngua portuguesa atualizada da prime cursos \" class=\"wp-image-16411\" style=\"width:700px;height:auto\" srcset=\"https:\/\/www.primecursos.com.br\/blog\/wp-content\/uploads\/2024\/08\/curso-de-lingua-portuguesa-atualizada.webp 540w, https:\/\/www.primecursos.com.br\/blog\/wp-content\/uploads\/2024\/08\/curso-de-lingua-portuguesa-atualizada-300x157.webp 300w, https:\/\/www.primecursos.com.br\/blog\/wp-content\/uploads\/2024\/08\/curso-de-lingua-portuguesa-atualizada-150x78.webp 150w\" sizes=\"(max-width: 540px) 100vw, 540px\" \/><\/a><\/figure>\n<\/div>\n\n\n<p>Aprimore suas habilidades em L\u00edngua Portuguesa com o <a href=\"https:\/\/www.primecursos.com.br\/lingua-portuguesa-atualizada\/\"><strong>Curso de L\u00edngua Portuguesa Atualizada Online Gr\u00e1tis!<\/strong><\/a> Ideal para quem deseja se preparar para concursos p\u00fablicos ou simplesmente refor\u00e7ar seus conhecimentos. Durante o curso aprenda t\u00f3picos essenciais como gram\u00e1tica, interpreta\u00e7\u00e3o de textos, novas regras ortogr\u00e1ficas, reda\u00e7\u00e3o e muito mais. Com uma carga hor\u00e1ria de 35 horas e sem pr\u00e9-requisitos, voc\u00ea pode come\u00e7ar hoje mesmo e garantir sua qualifica\u00e7\u00e3o profissional com um certificado. Inscreva-se agora e conquiste seu diferencial no mercado de trabalho!<\/p>\n\n\n<style>.wp-block-kadence-advancedbtn.kb-btns16410_0c4703-b3{gap:var(--global-kb-gap-xs, 0.5rem );justify-content:center;align-items:center;}.kt-btns16410_0c4703-b3 .kt-button{font-weight:normal;font-style:normal;}.kt-btns16410_0c4703-b3 .kt-btn-wrap-0{margin-right:5px;}.wp-block-kadence-advancedbtn.kt-btns16410_0c4703-b3 .kt-btn-wrap-0 .kt-button{color:#555555;border-color:#555555;}.wp-block-kadence-advancedbtn.kt-btns16410_0c4703-b3 .kt-btn-wrap-0 .kt-button:hover, .wp-block-kadence-advancedbtn.kt-btns16410_0c4703-b3 .kt-btn-wrap-0 .kt-button:focus{color:#ffffff;border-color:#444444;}.wp-block-kadence-advancedbtn.kt-btns16410_0c4703-b3 .kt-btn-wrap-0 .kt-button::before{display:none;}.wp-block-kadence-advancedbtn.kt-btns16410_0c4703-b3 .kt-btn-wrap-0 .kt-button:hover, .wp-block-kadence-advancedbtn.kt-btns16410_0c4703-b3 .kt-btn-wrap-0 .kt-button:focus{background:#444444;}<\/style>\n<div class=\"wp-block-kadence-advancedbtn kb-buttons-wrap kb-btns16410_0c4703-b3\"><style>ul.menu .wp-block-kadence-advancedbtn .kb-btn16410_334062-4a.kb-button{width:initial;}<\/style><a class=\"kb-button kt-button button kb-btn16410_334062-4a kt-btn-size-xlarge kt-btn-width-type-full kb-btn-global-fill  kt-btn-has-text-true kt-btn-has-svg-false  wp-block-kadence-singlebtn\" href=\"https:\/\/www.primecursos.com.br\/lingua-portuguesa-atualizada\/\"><span class=\"kt-btn-inner-text\"><strong>Curso de L\u00edngua Portuguesa Atualizada Online Gr\u00e1tis<\/strong><\/span><\/a><\/div>\n","protected":false},"excerpt":{"rendered":"<p>Voc\u00ea j\u00e1 parou para pensar se o certo \u00e9 escrever &#8220;caju&#8221; ou &#8220;caj\u00fa&#8221;? A d\u00favida \u00e9 compreens\u00edvel e&#8230;<\/p>\n","protected":false},"author":25,"featured_media":21796,"comment_status":"closed","ping_status":"closed","sticky":false,"template":"","format":"standard","meta":{"_kad_blocks_custom_css":"","_kad_blocks_head_custom_js":"","_kad_blocks_body_custom_js":"","_kad_blocks_footer_custom_js":"","_kadence_starter_templates_imported_post":false,"_kad_post_transparent":"","_kad_post_title":"","_kad_post_layout":"","_kad_post_sidebar_id":"","_kad_post_content_style":"","_kad_post_vertical_padding":"","_kad_post_feature":"","_kad_post_feature_position":"","_kad_post_header":false,"_kad_post_footer":false,"_kad_post_classname":"","footnotes":""},"categories":[1],"tags":[],"class_list":["post-21788","post","type-post","status-publish","format-standard","has-post-thumbnail","hentry","category-artigos"],"yoast_head":"<!-- This site is optimized with the Yoast SEO plugin v27.5 - https:\/\/yoast.com\/product\/yoast-seo-wordpress\/ -->\n<title>Caj\u00fa ou Caju, Com ou Sem Acento? Descubra a Forma Correta! | Prime Cursos<\/title>\n<meta name=\"description\" content=\"Descubra se o certo \u00e9 caju ou caj\u00fa, entenda a regra de acentua\u00e7\u00e3o e explore os significados dessa palavra vers\u00e1til e tipicamente brasileira.\" \/>\n<meta name=\"robots\" content=\"index, follow, max-snippet:-1, max-image-preview:large, max-video-preview:-1\" \/>\n<link rel=\"canonical\" href=\"https:\/\/www.primecursos.com.br\/blog\/caju-ou-caju-descubra-a-forma-correta\/\" \/>\n<meta property=\"og:locale\" content=\"pt_BR\" \/>\n<meta property=\"og:type\" content=\"article\" \/>\n<meta property=\"og:title\" content=\"Caj\u00fa ou Caju, Com ou Sem Acento? Descubra a Forma Correta! | Prime Cursos\" \/>\n<meta property=\"og:description\" content=\"Descubra se o certo \u00e9 caju ou caj\u00fa, entenda a regra de acentua\u00e7\u00e3o e explore os significados dessa palavra vers\u00e1til e tipicamente brasileira.\" \/>\n<meta property=\"og:url\" content=\"https:\/\/www.primecursos.com.br\/blog\/caju-ou-caju-descubra-a-forma-correta\/\" \/>\n<meta property=\"og:site_name\" content=\"Prime Cursos\" \/>\n<meta property=\"article:publisher\" content=\"https:\/\/www.facebook.com\/primecursos\/\" \/>\n<meta property=\"article:published_time\" content=\"2025-07-28T10:00:00+00:00\" \/>\n<meta property=\"og:image\" content=\"https:\/\/www.primecursos.com.br\/blog\/wp-content\/uploads\/2025\/07\/duvida-ortografica-caju-canva.jpg\" \/>\n\t<meta property=\"og:image:width\" content=\"1200\" \/>\n\t<meta property=\"og:image:height\" content=\"900\" \/>\n\t<meta property=\"og:image:type\" content=\"image\/jpeg\" \/>\n<meta name=\"author\" content=\"yasmin.moreno\" \/>\n<meta name=\"twitter:label1\" content=\"Escrito por\" \/>\n\t<meta name=\"twitter:data1\" content=\"yasmin.moreno\" \/>\n\t<meta name=\"twitter:label2\" content=\"Est. tempo de leitura\" \/>\n\t<meta name=\"twitter:data2\" content=\"17 minutos\" \/>\n<script type=\"application\/ld+json\" class=\"yoast-schema-graph\">{\"@context\":\"https:\\\/\\\/schema.org\",\"@graph\":[{\"@type\":\"Article\",\"@id\":\"https:\\\/\\\/www.primecursos.com.br\\\/blog\\\/caju-ou-caju-descubra-a-forma-correta\\\/#article\",\"isPartOf\":{\"@id\":\"https:\\\/\\\/www.primecursos.com.br\\\/blog\\\/caju-ou-caju-descubra-a-forma-correta\\\/\"},\"author\":{\"name\":\"yasmin.moreno\",\"@id\":\"https:\\\/\\\/www.primecursos.com.br\\\/blog\\\/#\\\/schema\\\/person\\\/a84b284f4e319f54be681cfe0b7f2734\"},\"headline\":\"Caj\u00fa ou Caju, Com ou Sem Acento? Descubra a Forma Correta!\",\"datePublished\":\"2025-07-28T10:00:00+00:00\",\"mainEntityOfPage\":{\"@id\":\"https:\\\/\\\/www.primecursos.com.br\\\/blog\\\/caju-ou-caju-descubra-a-forma-correta\\\/\"},\"wordCount\":1508,\"publisher\":{\"@id\":\"https:\\\/\\\/www.primecursos.com.br\\\/blog\\\/#organization\"},\"image\":{\"@id\":\"https:\\\/\\\/www.primecursos.com.br\\\/blog\\\/caju-ou-caju-descubra-a-forma-correta\\\/#primaryimage\"},\"thumbnailUrl\":\"https:\\\/\\\/www.primecursos.com.br\\\/blog\\\/wp-content\\\/uploads\\\/2025\\\/07\\\/duvida-ortografica-caju-canva.jpg\",\"articleSection\":[\"Artigos\"],\"inLanguage\":\"pt-BR\"},{\"@type\":\"WebPage\",\"@id\":\"https:\\\/\\\/www.primecursos.com.br\\\/blog\\\/caju-ou-caju-descubra-a-forma-correta\\\/\",\"url\":\"https:\\\/\\\/www.primecursos.com.br\\\/blog\\\/caju-ou-caju-descubra-a-forma-correta\\\/\",\"name\":\"Caj\u00fa ou Caju, Com ou Sem Acento? Descubra a Forma Correta! | Prime Cursos\",\"isPartOf\":{\"@id\":\"https:\\\/\\\/www.primecursos.com.br\\\/blog\\\/#website\"},\"primaryImageOfPage\":{\"@id\":\"https:\\\/\\\/www.primecursos.com.br\\\/blog\\\/caju-ou-caju-descubra-a-forma-correta\\\/#primaryimage\"},\"image\":{\"@id\":\"https:\\\/\\\/www.primecursos.com.br\\\/blog\\\/caju-ou-caju-descubra-a-forma-correta\\\/#primaryimage\"},\"thumbnailUrl\":\"https:\\\/\\\/www.primecursos.com.br\\\/blog\\\/wp-content\\\/uploads\\\/2025\\\/07\\\/duvida-ortografica-caju-canva.jpg\",\"datePublished\":\"2025-07-28T10:00:00+00:00\",\"description\":\"Descubra se o certo \u00e9 caju ou caj\u00fa, entenda a regra de acentua\u00e7\u00e3o e explore os significados dessa palavra vers\u00e1til e tipicamente brasileira.\",\"breadcrumb\":{\"@id\":\"https:\\\/\\\/www.primecursos.com.br\\\/blog\\\/caju-ou-caju-descubra-a-forma-correta\\\/#breadcrumb\"},\"inLanguage\":\"pt-BR\",\"potentialAction\":[{\"@type\":\"ReadAction\",\"target\":[\"https:\\\/\\\/www.primecursos.com.br\\\/blog\\\/caju-ou-caju-descubra-a-forma-correta\\\/\"]}]},{\"@type\":\"ImageObject\",\"inLanguage\":\"pt-BR\",\"@id\":\"https:\\\/\\\/www.primecursos.com.br\\\/blog\\\/caju-ou-caju-descubra-a-forma-correta\\\/#primaryimage\",\"url\":\"https:\\\/\\\/www.primecursos.com.br\\\/blog\\\/wp-content\\\/uploads\\\/2025\\\/07\\\/duvida-ortografica-caju-canva.jpg\",\"contentUrl\":\"https:\\\/\\\/www.primecursos.com.br\\\/blog\\\/wp-content\\\/uploads\\\/2025\\\/07\\\/duvida-ortografica-caju-canva.jpg\",\"width\":1200,\"height\":900,\"caption\":\"Imagem com tr\u00eas cajus pendurados na \u00e1rvore, sobrepostos pela pergunta \u201cCaj\u00fa ou Caju?\u201d em destaque, cercada por v\u00e1rios pontos de interroga\u00e7\u00e3o. A imagem ilustra uma d\u00favida ortogr\u00e1fica comum sobre o uso de acento na palavra \\\"caju\\\".\"},{\"@type\":\"BreadcrumbList\",\"@id\":\"https:\\\/\\\/www.primecursos.com.br\\\/blog\\\/caju-ou-caju-descubra-a-forma-correta\\\/#breadcrumb\",\"itemListElement\":[{\"@type\":\"ListItem\",\"position\":1,\"name\":\"In\u00edcio\",\"item\":\"https:\\\/\\\/www.primecursos.com.br\\\/blog\\\/\"},{\"@type\":\"ListItem\",\"position\":2,\"name\":\"Artigos\",\"item\":\"https:\\\/\\\/www.primecursos.com.br\\\/blog\\\/artigos\\\/\"},{\"@type\":\"ListItem\",\"position\":3,\"name\":\"Caj\u00fa ou Caju, Com ou Sem Acento? Descubra a Forma Correta!\"}]},{\"@type\":\"WebSite\",\"@id\":\"https:\\\/\\\/www.primecursos.com.br\\\/blog\\\/#website\",\"url\":\"https:\\\/\\\/www.primecursos.com.br\\\/blog\\\/\",\"name\":\"Prime Cursos\",\"description\":\"Cursos gr\u00e1tis com certificado v\u00e1lido\",\"publisher\":{\"@id\":\"https:\\\/\\\/www.primecursos.com.br\\\/blog\\\/#organization\"},\"potentialAction\":[{\"@type\":\"SearchAction\",\"target\":{\"@type\":\"EntryPoint\",\"urlTemplate\":\"https:\\\/\\\/www.primecursos.com.br\\\/blog\\\/?s={search_term_string}\"},\"query-input\":{\"@type\":\"PropertyValueSpecification\",\"valueRequired\":true,\"valueName\":\"search_term_string\"}}],\"inLanguage\":\"pt-BR\"},{\"@type\":\"Organization\",\"@id\":\"https:\\\/\\\/www.primecursos.com.br\\\/blog\\\/#organization\",\"name\":\"Prime Cursos Online\",\"url\":\"https:\\\/\\\/www.primecursos.com.br\\\/blog\\\/\",\"logo\":{\"@type\":\"ImageObject\",\"inLanguage\":\"pt-BR\",\"@id\":\"https:\\\/\\\/www.primecursos.com.br\\\/blog\\\/#\\\/schema\\\/logo\\\/image\\\/\",\"url\":\"https:\\\/\\\/www.primecursos.com.br\\\/blog\\\/wp-content\\\/uploads\\\/2018\\\/03\\\/prime-cursos-gratis-online-logo-070318b-1.png\",\"contentUrl\":\"https:\\\/\\\/www.primecursos.com.br\\\/blog\\\/wp-content\\\/uploads\\\/2018\\\/03\\\/prime-cursos-gratis-online-logo-070318b-1.png\",\"width\":330,\"height\":80,\"caption\":\"Prime Cursos Online\"},\"image\":{\"@id\":\"https:\\\/\\\/www.primecursos.com.br\\\/blog\\\/#\\\/schema\\\/logo\\\/image\\\/\"},\"sameAs\":[\"https:\\\/\\\/www.facebook.com\\\/primecursos\\\/\",\"https:\\\/\\\/x.com\\\/primecursosbr\"]},{\"@type\":\"Person\",\"@id\":\"https:\\\/\\\/www.primecursos.com.br\\\/blog\\\/#\\\/schema\\\/person\\\/a84b284f4e319f54be681cfe0b7f2734\",\"name\":\"yasmin.moreno\",\"image\":{\"@type\":\"ImageObject\",\"inLanguage\":\"pt-BR\",\"@id\":\"https:\\\/\\\/secure.gravatar.com\\\/avatar\\\/c72c0671d03e6ce3833a273f26313d575d6a5344cf4ce5f64706726a55773792?s=96&d=mm&r=g\",\"url\":\"https:\\\/\\\/secure.gravatar.com\\\/avatar\\\/c72c0671d03e6ce3833a273f26313d575d6a5344cf4ce5f64706726a55773792?s=96&d=mm&r=g\",\"contentUrl\":\"https:\\\/\\\/secure.gravatar.com\\\/avatar\\\/c72c0671d03e6ce3833a273f26313d575d6a5344cf4ce5f64706726a55773792?s=96&d=mm&r=g\",\"caption\":\"yasmin.moreno\"},\"url\":\"https:\\\/\\\/www.primecursos.com.br\\\/blog\\\/author\\\/yasmin-moreno\\\/\"}]}<\/script>\n<!-- \/ Yoast SEO plugin. -->","yoast_head_json":{"title":"Caj\u00fa ou Caju, Com ou Sem Acento? Descubra a Forma Correta! | Prime Cursos","description":"Descubra se o certo \u00e9 caju ou caj\u00fa, entenda a regra de acentua\u00e7\u00e3o e explore os significados dessa palavra vers\u00e1til e tipicamente brasileira.","robots":{"index":"index","follow":"follow","max-snippet":"max-snippet:-1","max-image-preview":"max-image-preview:large","max-video-preview":"max-video-preview:-1"},"canonical":"https:\/\/www.primecursos.com.br\/blog\/caju-ou-caju-descubra-a-forma-correta\/","og_locale":"pt_BR","og_type":"article","og_title":"Caj\u00fa ou Caju, Com ou Sem Acento? Descubra a Forma Correta! | Prime Cursos","og_description":"Descubra se o certo \u00e9 caju ou caj\u00fa, entenda a regra de acentua\u00e7\u00e3o e explore os significados dessa palavra vers\u00e1til e tipicamente brasileira.","og_url":"https:\/\/www.primecursos.com.br\/blog\/caju-ou-caju-descubra-a-forma-correta\/","og_site_name":"Prime Cursos","article_publisher":"https:\/\/www.facebook.com\/primecursos\/","article_published_time":"2025-07-28T10:00:00+00:00","og_image":[{"width":1200,"height":900,"url":"https:\/\/www.primecursos.com.br\/blog\/wp-content\/uploads\/2025\/07\/duvida-ortografica-caju-canva.jpg","type":"image\/jpeg"}],"author":"yasmin.moreno","twitter_misc":{"Escrito por":"yasmin.moreno","Est. tempo de leitura":"17 minutos"},"schema":{"@context":"https:\/\/schema.org","@graph":[{"@type":"Article","@id":"https:\/\/www.primecursos.com.br\/blog\/caju-ou-caju-descubra-a-forma-correta\/#article","isPartOf":{"@id":"https:\/\/www.primecursos.com.br\/blog\/caju-ou-caju-descubra-a-forma-correta\/"},"author":{"name":"yasmin.moreno","@id":"https:\/\/www.primecursos.com.br\/blog\/#\/schema\/person\/a84b284f4e319f54be681cfe0b7f2734"},"headline":"Caj\u00fa ou Caju, Com ou Sem Acento? Descubra a Forma Correta!","datePublished":"2025-07-28T10:00:00+00:00","mainEntityOfPage":{"@id":"https:\/\/www.primecursos.com.br\/blog\/caju-ou-caju-descubra-a-forma-correta\/"},"wordCount":1508,"publisher":{"@id":"https:\/\/www.primecursos.com.br\/blog\/#organization"},"image":{"@id":"https:\/\/www.primecursos.com.br\/blog\/caju-ou-caju-descubra-a-forma-correta\/#primaryimage"},"thumbnailUrl":"https:\/\/www.primecursos.com.br\/blog\/wp-content\/uploads\/2025\/07\/duvida-ortografica-caju-canva.jpg","articleSection":["Artigos"],"inLanguage":"pt-BR"},{"@type":"WebPage","@id":"https:\/\/www.primecursos.com.br\/blog\/caju-ou-caju-descubra-a-forma-correta\/","url":"https:\/\/www.primecursos.com.br\/blog\/caju-ou-caju-descubra-a-forma-correta\/","name":"Caj\u00fa ou Caju, Com ou Sem Acento? Descubra a Forma Correta! | Prime Cursos","isPartOf":{"@id":"https:\/\/www.primecursos.com.br\/blog\/#website"},"primaryImageOfPage":{"@id":"https:\/\/www.primecursos.com.br\/blog\/caju-ou-caju-descubra-a-forma-correta\/#primaryimage"},"image":{"@id":"https:\/\/www.primecursos.com.br\/blog\/caju-ou-caju-descubra-a-forma-correta\/#primaryimage"},"thumbnailUrl":"https:\/\/www.primecursos.com.br\/blog\/wp-content\/uploads\/2025\/07\/duvida-ortografica-caju-canva.jpg","datePublished":"2025-07-28T10:00:00+00:00","description":"Descubra se o certo \u00e9 caju ou caj\u00fa, entenda a regra de acentua\u00e7\u00e3o e explore os significados dessa palavra vers\u00e1til e tipicamente brasileira.","breadcrumb":{"@id":"https:\/\/www.primecursos.com.br\/blog\/caju-ou-caju-descubra-a-forma-correta\/#breadcrumb"},"inLanguage":"pt-BR","potentialAction":[{"@type":"ReadAction","target":["https:\/\/www.primecursos.com.br\/blog\/caju-ou-caju-descubra-a-forma-correta\/"]}]},{"@type":"ImageObject","inLanguage":"pt-BR","@id":"https:\/\/www.primecursos.com.br\/blog\/caju-ou-caju-descubra-a-forma-correta\/#primaryimage","url":"https:\/\/www.primecursos.com.br\/blog\/wp-content\/uploads\/2025\/07\/duvida-ortografica-caju-canva.jpg","contentUrl":"https:\/\/www.primecursos.com.br\/blog\/wp-content\/uploads\/2025\/07\/duvida-ortografica-caju-canva.jpg","width":1200,"height":900,"caption":"Imagem com tr\u00eas cajus pendurados na \u00e1rvore, sobrepostos pela pergunta \u201cCaj\u00fa ou Caju?\u201d em destaque, cercada por v\u00e1rios pontos de interroga\u00e7\u00e3o. A imagem ilustra uma d\u00favida ortogr\u00e1fica comum sobre o uso de acento na palavra \"caju\"."},{"@type":"BreadcrumbList","@id":"https:\/\/www.primecursos.com.br\/blog\/caju-ou-caju-descubra-a-forma-correta\/#breadcrumb","itemListElement":[{"@type":"ListItem","position":1,"name":"In\u00edcio","item":"https:\/\/www.primecursos.com.br\/blog\/"},{"@type":"ListItem","position":2,"name":"Artigos","item":"https:\/\/www.primecursos.com.br\/blog\/artigos\/"},{"@type":"ListItem","position":3,"name":"Caj\u00fa ou Caju, Com ou Sem Acento? Descubra a Forma Correta!"}]},{"@type":"WebSite","@id":"https:\/\/www.primecursos.com.br\/blog\/#website","url":"https:\/\/www.primecursos.com.br\/blog\/","name":"Prime Cursos","description":"Cursos gr\u00e1tis com certificado v\u00e1lido","publisher":{"@id":"https:\/\/www.primecursos.com.br\/blog\/#organization"},"potentialAction":[{"@type":"SearchAction","target":{"@type":"EntryPoint","urlTemplate":"https:\/\/www.primecursos.com.br\/blog\/?s={search_term_string}"},"query-input":{"@type":"PropertyValueSpecification","valueRequired":true,"valueName":"search_term_string"}}],"inLanguage":"pt-BR"},{"@type":"Organization","@id":"https:\/\/www.primecursos.com.br\/blog\/#organization","name":"Prime Cursos Online","url":"https:\/\/www.primecursos.com.br\/blog\/","logo":{"@type":"ImageObject","inLanguage":"pt-BR","@id":"https:\/\/www.primecursos.com.br\/blog\/#\/schema\/logo\/image\/","url":"https:\/\/www.primecursos.com.br\/blog\/wp-content\/uploads\/2018\/03\/prime-cursos-gratis-online-logo-070318b-1.png","contentUrl":"https:\/\/www.primecursos.com.br\/blog\/wp-content\/uploads\/2018\/03\/prime-cursos-gratis-online-logo-070318b-1.png","width":330,"height":80,"caption":"Prime Cursos Online"},"image":{"@id":"https:\/\/www.primecursos.com.br\/blog\/#\/schema\/logo\/image\/"},"sameAs":["https:\/\/www.facebook.com\/primecursos\/","https:\/\/x.com\/primecursosbr"]},{"@type":"Person","@id":"https:\/\/www.primecursos.com.br\/blog\/#\/schema\/person\/a84b284f4e319f54be681cfe0b7f2734","name":"yasmin.moreno","image":{"@type":"ImageObject","inLanguage":"pt-BR","@id":"https:\/\/secure.gravatar.com\/avatar\/c72c0671d03e6ce3833a273f26313d575d6a5344cf4ce5f64706726a55773792?s=96&d=mm&r=g","url":"https:\/\/secure.gravatar.com\/avatar\/c72c0671d03e6ce3833a273f26313d575d6a5344cf4ce5f64706726a55773792?s=96&d=mm&r=g","contentUrl":"https:\/\/secure.gravatar.com\/avatar\/c72c0671d03e6ce3833a273f26313d575d6a5344cf4ce5f64706726a55773792?s=96&d=mm&r=g","caption":"yasmin.moreno"},"url":"https:\/\/www.primecursos.com.br\/blog\/author\/yasmin-moreno\/"}]}},"taxonomy_info":{"category":[{"value":1,"label":"Artigos"}]},"featured_image_src_large":["https:\/\/www.primecursos.com.br\/blog\/wp-content\/uploads\/2025\/07\/duvida-ortografica-caju-canva-1024x768.jpg",1024,768,true],"author_info":{"display_name":"yasmin.moreno","author_link":"https:\/\/www.primecursos.com.br\/blog\/author\/yasmin-moreno\/"},"comment_info":0,"category_info":[{"term_id":1,"name":"Artigos","slug":"artigos","term_group":0,"term_taxonomy_id":1,"taxonomy":"category","description":"","parent":0,"count":983,"filter":"raw","cat_ID":1,"category_count":983,"category_description":"","cat_name":"Artigos","category_nicename":"artigos","category_parent":0}],"tag_info":false,"_links":{"self":[{"href":"https:\/\/www.primecursos.com.br\/blog\/wp-json\/wp\/v2\/posts\/21788","targetHints":{"allow":["GET"]}}],"collection":[{"href":"https:\/\/www.primecursos.com.br\/blog\/wp-json\/wp\/v2\/posts"}],"about":[{"href":"https:\/\/www.primecursos.com.br\/blog\/wp-json\/wp\/v2\/types\/post"}],"author":[{"embeddable":true,"href":"https:\/\/www.primecursos.com.br\/blog\/wp-json\/wp\/v2\/users\/25"}],"replies":[{"embeddable":true,"href":"https:\/\/www.primecursos.com.br\/blog\/wp-json\/wp\/v2\/comments?post=21788"}],"version-history":[{"count":0,"href":"https:\/\/www.primecursos.com.br\/blog\/wp-json\/wp\/v2\/posts\/21788\/revisions"}],"wp:featuredmedia":[{"embeddable":true,"href":"https:\/\/www.primecursos.com.br\/blog\/wp-json\/wp\/v2\/media\/21796"}],"wp:attachment":[{"href":"https:\/\/www.primecursos.com.br\/blog\/wp-json\/wp\/v2\/media?parent=21788"}],"wp:term":[{"taxonomy":"category","embeddable":true,"href":"https:\/\/www.primecursos.com.br\/blog\/wp-json\/wp\/v2\/categories?post=21788"},{"taxonomy":"post_tag","embeddable":true,"href":"https:\/\/www.primecursos.com.br\/blog\/wp-json\/wp\/v2\/tags?post=21788"}],"curies":[{"name":"wp","href":"https:\/\/api.w.org\/{rel}","templated":true}]}}