{"id":4098,"date":"2017-12-15T20:38:49","date_gmt":"2017-12-15T20:38:49","guid":{"rendered":"https:\/\/www.primecursos.com.br\/blog\/?p=4098"},"modified":"2017-12-15T20:38:49","modified_gmt":"2017-12-15T20:38:49","slug":"5-expressoes-para-evitar-no-trabalho","status":"publish","type":"post","link":"https:\/\/www.primecursos.com.br\/blog\/5-expressoes-para-evitar-no-trabalho\/","title":{"rendered":"5 express\u00f5es para evitar no trabalho"},"content":{"rendered":"<p>Voc\u00ea j\u00e1 prestou aten\u00e7\u00e3o nas palavras que diz no trabalho? A maneira como voc\u00ea fala ou as palavras que voc\u00ea utiliza, por mais simples que pare\u00e7am, podem dizer muito sobre o profissional que voc\u00ea \u00e9. \u00c9 importante saber, que algumas express\u00f5es podem afetar o seu emocional e at\u00e9 prejudicar a forma como as pessoas ouvem o que voc\u00ea est\u00e1 dizendo. Ao optar por palavras positivas, voc\u00ea possivelmente j\u00e1 vai se sentir melhor mesmo diante de um grande desafio profissional.<\/p>\n<p><a href=\"https:\/\/www.primecursos.com.br\/\"><img decoding=\"async\" class=\"aligncenter size-full wp-image-4100\" src=\"https:\/\/www.primecursos.com.br\/blog\/wp-content\/uploads\/2017\/12\/trabalho-2.jpg\" alt=\"\" width=\"768\" height=\"527\" srcset=\"https:\/\/www.primecursos.com.br\/blog\/wp-content\/uploads\/2017\/12\/trabalho-2.jpg 768w, https:\/\/www.primecursos.com.br\/blog\/wp-content\/uploads\/2017\/12\/trabalho-2-100x70.jpg 100w, https:\/\/www.primecursos.com.br\/blog\/wp-content\/uploads\/2017\/12\/trabalho-2-218x150.jpg 218w, https:\/\/www.primecursos.com.br\/blog\/wp-content\/uploads\/2017\/12\/trabalho-2-696x478.jpg 696w, https:\/\/www.primecursos.com.br\/blog\/wp-content\/uploads\/2017\/12\/trabalho-2-612x420.jpg 612w, https:\/\/www.primecursos.com.br\/blog\/wp-content\/uploads\/2017\/12\/trabalho-2-300x206.jpg 300w\" sizes=\"(max-width: 768px) 100vw, 768px\" \/><\/a><\/p>\n<p>Por isso, \u00e9 fundamental pensar muito bem antes de falar, e aprender a formular as frases da melhor maneira poss\u00edvel. Veja abaixo 5 express\u00f5es que devem ser evitadas no dia a dia de trabalho:<\/p>\n<h2>&#8220;Imposs\u00edvel fazer isso&#8221; &#8211; &#8220;N\u00e3o tem como&#8221;.<\/h2>\n<p>Esses tipos de frase devem ser totalmente eliminados do seu dia a dia. Isso demonstra m\u00e1 vontade ao encarar um desafio. Olhe para as coisas de um jeito positivo e sempre pense que ir\u00e1 encontrar uma solu\u00e7\u00e3o, por mais trabalhoso que seja. As empresas valorizam pessoas que tentam e se esfor\u00e7am, aquelas que &#8220;n\u00e3o tem tempo ruim&#8221;. Pessoas com essas atitudes fazem toda a diferen\u00e7a no trabalho, pois deixam o ambiente mais alegre e positivo. Substitua essas frases por: \u201cpode at\u00e9 dar trabalho, mas vamos fazer\u201d.<\/p>\n<h2>\u201cIsso \u00e9 muito dif\u00edcil.\u201d<\/h2>\n<p>Esses tipos de frases, como &#8220;isso \u00e9 muito complicado&#8221; ou &#8220;isso \u00e9 muito chato&#8221;, tendem a ser um bloqueador emocional. Sempre que poss\u00edvel, fa\u00e7a uma substitui\u00e7\u00e3o das palavras. Nesse caso, troque o &#8220;dif\u00edcil&#8221; por &#8220;trabalhoso&#8221;, mesmo que apenas em seu pensamento. S\u00f3 o fato de trocar uma palavra pela outra j\u00e1 pode ajudar muito, pois nesse caso significa que at\u00e9 pode dar trabalho, mas n\u00e3o quer dizer que voc\u00ea ir\u00e1 desistir.<\/p>\n<h2>\u201cN\u00e3o, claro que eu posso.\u201d<\/h2>\n<p>Por mais que seja um h\u00e1bito muito comum, evite come\u00e7ar as frases com uma nega\u00e7\u00e3o, mesmo que a frase seguinte seja positiva. Pode at\u00e9 parecer algo simples, por\u00e9m quando se come\u00e7a um di\u00e1logo com o &#8220;n\u00e3o&#8221;, o organismo emocionalmente reage ao n\u00e3o, ent\u00e3o, mesmo que depois voc\u00ea fale algo positivo e concorde com a pessoa, o efeito negativo j\u00e1 foi prejudicial para o estado emocional dela.<\/p>\n<p><a href=\"https:\/\/www.primecursos.com.br\/\"><img decoding=\"async\" class=\"aligncenter size-full wp-image-4101\" src=\"https:\/\/www.primecursos.com.br\/blog\/wp-content\/uploads\/2017\/12\/trabalho.jpg\" alt=\"\" width=\"768\" height=\"512\" srcset=\"https:\/\/www.primecursos.com.br\/blog\/wp-content\/uploads\/2017\/12\/trabalho.jpg 768w, https:\/\/www.primecursos.com.br\/blog\/wp-content\/uploads\/2017\/12\/trabalho-300x200.jpg 300w, https:\/\/www.primecursos.com.br\/blog\/wp-content\/uploads\/2017\/12\/trabalho-422x281.jpg 422w\" sizes=\"(max-width: 768px) 100vw, 768px\" \/><\/a><\/p>\n<h2>\u201cOlha s\u00f3\u201d.<\/h2>\n<p>Express\u00f5es como &#8220;olha s\u00f3&#8221; e &#8220;veja bem&#8221; podem ser pejorativas para quem est\u00e1 ouvindo, mesmo que n\u00e3o tenham qualquer sentido mais. Utilizar essas express\u00f5es \u00e9 um h\u00e1bito muito comum, por\u00e9m pode ter outro significado. Usar um \u2018veja bem\u2019 no in\u00edcio da fala pode ser agressivo porque voc\u00ea est\u00e1 dizendo que, at\u00e9 o momento, a pessoa n\u00e3o estava analisando a situa\u00e7\u00e3o t\u00e3o bem quanto deveria.<\/p>\n<h2>\u201cEles mandaram\u201d.<\/h2>\n<p>Quando voc\u00ea utiliza &#8220;eles&#8221; nas frases, como por exemplo, &#8220;eles mandaram&#8221;, &#8220;eles n\u00e3o aceitaram&#8221;, n\u00e3o parece esclarecer exatamente quem mandou ou quem n\u00e3o aceitou, ent\u00e3o voc\u00ea acaba perdendo credibilidade do que est\u00e1 dizendo. Evite utilizar esse \u2018sujeito indeterminado\u2019 e diga sempre os nomes das pessoas.<\/p>\n<p>Para ajudar ainda mais, recomendamos o <a href=\"https:\/\/www.primecursos.com.br\/etiqueta-empresarial\/\">curso de Etiqueta Empresarial <\/a>e o <a href=\"https:\/\/www.primecursos.com.br\/marketing-pessoal\/\">curso de Marketing Pessoal<\/a> da <a href=\"https:\/\/www.primecursos.com.br\/\">Prime Cursos<\/a>, onde o aluno aprende diversas dicas de etiqueta no ambiente de trabalho, regras b\u00e1sicas do bom comportamento, apresenta\u00e7\u00e3o pessoal, \u00e9tica profissional, e muito mais!<\/p>\n<p>Aqui no blog tamb\u00e9m j\u00e1 colocamos um artigo sobre outras <a href=\"https:\/\/www.primecursos.com.br\/blog\/prime-cursos\/5-coisas-que-voce-nao-deve-falar-no-trabalho\/\">coisas que voc\u00ea n\u00e3o deve falar no trabalho<\/a>.<\/p>\n<p>Veja abaixo um v\u00eddeo interessante com mais dicas sobre o que n\u00e3o falar no ambiente de trabalho:<\/p>\n<p><iframe src=\"https:\/\/www.youtube.com\/embed\/Ql92G2eFf5Y\" width=\"560\" height=\"315\" frameborder=\"0\" allowfullscreen=\"allowfullscreen\"><\/iframe><\/p>\n<p>Gostou das dicas de hoje? Esperamos que sim!<\/p>\n<p>Deixe o seu coment\u00e1rio!<\/p>\n<p>Prime Cursos<\/p>\n","protected":false},"excerpt":{"rendered":"<p>Voc\u00ea j\u00e1 prestou aten\u00e7\u00e3o nas palavras que diz no trabalho? A maneira como voc\u00ea fala ou as palavras&#8230;<\/p>\n","protected":false},"author":4,"featured_media":4100,"comment_status":"open","ping_status":"open","sticky":false,"template":"","format":"standard","meta":{"_kad_blocks_custom_css":"","_kad_blocks_head_custom_js":"","_kad_blocks_body_custom_js":"","_kad_blocks_footer_custom_js":"","_kadence_starter_templates_imported_post":false,"_kad_post_transparent":"","_kad_post_title":"","_kad_post_layout":"","_kad_post_sidebar_id":"","_kad_post_content_style":"","_kad_post_vertical_padding":"","_kad_post_feature":"","_kad_post_feature_position":"","_kad_post_header":false,"_kad_post_footer":false,"_kad_post_classname":"","footnotes":""},"categories":[1],"tags":[8,7],"class_list":["post-4098","post","type-post","status-publish","format-standard","has-post-thumbnail","hentry","category-artigos","tag-carreira","tag-mercado-de-trabalho"],"yoast_head":"<!-- This site is optimized with the Yoast SEO plugin v27.5 - https:\/\/yoast.com\/product\/yoast-seo-wordpress\/ -->\n<title>5 express\u00f5es para evitar no trabalho | Prime Cursos<\/title>\n<meta name=\"description\" content=\"Voc\u00ea j\u00e1 prestou aten\u00e7\u00e3o nas palavras que diz no trabalho? A maneira como voc\u00ea fala ou as palavras que voc\u00ea utiliza, por mais simples que pare\u00e7am, podem\" \/>\n<meta name=\"robots\" content=\"index, follow, max-snippet:-1, max-image-preview:large, max-video-preview:-1\" \/>\n<link rel=\"canonical\" href=\"https:\/\/www.primecursos.com.br\/blog\/5-expressoes-para-evitar-no-trabalho\/\" \/>\n<meta property=\"og:locale\" content=\"pt_BR\" \/>\n<meta property=\"og:type\" content=\"article\" \/>\n<meta property=\"og:title\" content=\"5 express\u00f5es para evitar no trabalho | Prime Cursos\" \/>\n<meta property=\"og:description\" content=\"Voc\u00ea j\u00e1 prestou aten\u00e7\u00e3o nas palavras que diz no trabalho? A maneira como voc\u00ea fala ou as palavras que voc\u00ea utiliza, por mais simples que pare\u00e7am, podem\" \/>\n<meta property=\"og:url\" content=\"https:\/\/www.primecursos.com.br\/blog\/5-expressoes-para-evitar-no-trabalho\/\" \/>\n<meta property=\"og:site_name\" content=\"Prime Cursos\" \/>\n<meta property=\"article:publisher\" content=\"https:\/\/www.facebook.com\/primecursos\/\" \/>\n<meta property=\"article:published_time\" content=\"2017-12-15T20:38:49+00:00\" \/>\n<meta property=\"og:image\" content=\"https:\/\/www.primecursos.com.br\/blog\/wp-content\/uploads\/2017\/12\/trabalho-2.jpg\" \/>\n\t<meta property=\"og:image:width\" content=\"768\" \/>\n\t<meta property=\"og:image:height\" content=\"527\" \/>\n\t<meta property=\"og:image:type\" content=\"image\/jpeg\" \/>\n<meta name=\"author\" content=\"Prime Cursos\" \/>\n<meta name=\"twitter:label1\" content=\"Escrito por\" \/>\n\t<meta name=\"twitter:data1\" content=\"Prime Cursos\" \/>\n\t<meta name=\"twitter:label2\" content=\"Est. tempo de leitura\" \/>\n\t<meta name=\"twitter:data2\" content=\"3 minutos\" \/>\n<script type=\"application\/ld+json\" class=\"yoast-schema-graph\">{\"@context\":\"https:\\\/\\\/schema.org\",\"@graph\":[{\"@type\":\"Article\",\"@id\":\"https:\\\/\\\/www.primecursos.com.br\\\/blog\\\/5-expressoes-para-evitar-no-trabalho\\\/#article\",\"isPartOf\":{\"@id\":\"https:\\\/\\\/www.primecursos.com.br\\\/blog\\\/5-expressoes-para-evitar-no-trabalho\\\/\"},\"author\":{\"name\":\"Prime Cursos\",\"@id\":\"https:\\\/\\\/www.primecursos.com.br\\\/blog\\\/#\\\/schema\\\/person\\\/bae8996a583c53ecdfb83f6d5e057bc1\"},\"headline\":\"5 express\u00f5es para evitar no trabalho\",\"datePublished\":\"2017-12-15T20:38:49+00:00\",\"mainEntityOfPage\":{\"@id\":\"https:\\\/\\\/www.primecursos.com.br\\\/blog\\\/5-expressoes-para-evitar-no-trabalho\\\/\"},\"wordCount\":602,\"commentCount\":11,\"publisher\":{\"@id\":\"https:\\\/\\\/www.primecursos.com.br\\\/blog\\\/#organization\"},\"image\":{\"@id\":\"https:\\\/\\\/www.primecursos.com.br\\\/blog\\\/5-expressoes-para-evitar-no-trabalho\\\/#primaryimage\"},\"thumbnailUrl\":\"https:\\\/\\\/www.primecursos.com.br\\\/blog\\\/wp-content\\\/uploads\\\/2017\\\/12\\\/trabalho-2.jpg\",\"keywords\":[\"Carreira\",\"Mercado de Trabalho\"],\"articleSection\":[\"Artigos\"],\"inLanguage\":\"pt-BR\",\"potentialAction\":[{\"@type\":\"CommentAction\",\"name\":\"Comment\",\"target\":[\"https:\\\/\\\/www.primecursos.com.br\\\/blog\\\/5-expressoes-para-evitar-no-trabalho\\\/#respond\"]}]},{\"@type\":\"WebPage\",\"@id\":\"https:\\\/\\\/www.primecursos.com.br\\\/blog\\\/5-expressoes-para-evitar-no-trabalho\\\/\",\"url\":\"https:\\\/\\\/www.primecursos.com.br\\\/blog\\\/5-expressoes-para-evitar-no-trabalho\\\/\",\"name\":\"5 express\u00f5es para evitar no trabalho | Prime Cursos\",\"isPartOf\":{\"@id\":\"https:\\\/\\\/www.primecursos.com.br\\\/blog\\\/#website\"},\"primaryImageOfPage\":{\"@id\":\"https:\\\/\\\/www.primecursos.com.br\\\/blog\\\/5-expressoes-para-evitar-no-trabalho\\\/#primaryimage\"},\"image\":{\"@id\":\"https:\\\/\\\/www.primecursos.com.br\\\/blog\\\/5-expressoes-para-evitar-no-trabalho\\\/#primaryimage\"},\"thumbnailUrl\":\"https:\\\/\\\/www.primecursos.com.br\\\/blog\\\/wp-content\\\/uploads\\\/2017\\\/12\\\/trabalho-2.jpg\",\"datePublished\":\"2017-12-15T20:38:49+00:00\",\"description\":\"Voc\u00ea j\u00e1 prestou aten\u00e7\u00e3o nas palavras que diz no trabalho? A maneira como voc\u00ea fala ou as palavras que voc\u00ea utiliza, por mais simples que pare\u00e7am, podem\",\"breadcrumb\":{\"@id\":\"https:\\\/\\\/www.primecursos.com.br\\\/blog\\\/5-expressoes-para-evitar-no-trabalho\\\/#breadcrumb\"},\"inLanguage\":\"pt-BR\",\"potentialAction\":[{\"@type\":\"ReadAction\",\"target\":[\"https:\\\/\\\/www.primecursos.com.br\\\/blog\\\/5-expressoes-para-evitar-no-trabalho\\\/\"]}]},{\"@type\":\"ImageObject\",\"inLanguage\":\"pt-BR\",\"@id\":\"https:\\\/\\\/www.primecursos.com.br\\\/blog\\\/5-expressoes-para-evitar-no-trabalho\\\/#primaryimage\",\"url\":\"https:\\\/\\\/www.primecursos.com.br\\\/blog\\\/wp-content\\\/uploads\\\/2017\\\/12\\\/trabalho-2.jpg\",\"contentUrl\":\"https:\\\/\\\/www.primecursos.com.br\\\/blog\\\/wp-content\\\/uploads\\\/2017\\\/12\\\/trabalho-2.jpg\",\"width\":768,\"height\":527},{\"@type\":\"BreadcrumbList\",\"@id\":\"https:\\\/\\\/www.primecursos.com.br\\\/blog\\\/5-expressoes-para-evitar-no-trabalho\\\/#breadcrumb\",\"itemListElement\":[{\"@type\":\"ListItem\",\"position\":1,\"name\":\"In\u00edcio\",\"item\":\"https:\\\/\\\/www.primecursos.com.br\\\/blog\\\/\"},{\"@type\":\"ListItem\",\"position\":2,\"name\":\"Artigos\",\"item\":\"https:\\\/\\\/www.primecursos.com.br\\\/blog\\\/artigos\\\/\"},{\"@type\":\"ListItem\",\"position\":3,\"name\":\"5 express\u00f5es para evitar no trabalho\"}]},{\"@type\":\"WebSite\",\"@id\":\"https:\\\/\\\/www.primecursos.com.br\\\/blog\\\/#website\",\"url\":\"https:\\\/\\\/www.primecursos.com.br\\\/blog\\\/\",\"name\":\"Prime Cursos\",\"description\":\"Cursos gr\u00e1tis com certificado v\u00e1lido\",\"publisher\":{\"@id\":\"https:\\\/\\\/www.primecursos.com.br\\\/blog\\\/#organization\"},\"potentialAction\":[{\"@type\":\"SearchAction\",\"target\":{\"@type\":\"EntryPoint\",\"urlTemplate\":\"https:\\\/\\\/www.primecursos.com.br\\\/blog\\\/?s={search_term_string}\"},\"query-input\":{\"@type\":\"PropertyValueSpecification\",\"valueRequired\":true,\"valueName\":\"search_term_string\"}}],\"inLanguage\":\"pt-BR\"},{\"@type\":\"Organization\",\"@id\":\"https:\\\/\\\/www.primecursos.com.br\\\/blog\\\/#organization\",\"name\":\"Prime Cursos Online\",\"url\":\"https:\\\/\\\/www.primecursos.com.br\\\/blog\\\/\",\"logo\":{\"@type\":\"ImageObject\",\"inLanguage\":\"pt-BR\",\"@id\":\"https:\\\/\\\/www.primecursos.com.br\\\/blog\\\/#\\\/schema\\\/logo\\\/image\\\/\",\"url\":\"https:\\\/\\\/www.primecursos.com.br\\\/blog\\\/wp-content\\\/uploads\\\/2018\\\/03\\\/prime-cursos-gratis-online-logo-070318b-1.png\",\"contentUrl\":\"https:\\\/\\\/www.primecursos.com.br\\\/blog\\\/wp-content\\\/uploads\\\/2018\\\/03\\\/prime-cursos-gratis-online-logo-070318b-1.png\",\"width\":330,\"height\":80,\"caption\":\"Prime Cursos Online\"},\"image\":{\"@id\":\"https:\\\/\\\/www.primecursos.com.br\\\/blog\\\/#\\\/schema\\\/logo\\\/image\\\/\"},\"sameAs\":[\"https:\\\/\\\/www.facebook.com\\\/primecursos\\\/\",\"https:\\\/\\\/x.com\\\/primecursosbr\"]},{\"@type\":\"Person\",\"@id\":\"https:\\\/\\\/www.primecursos.com.br\\\/blog\\\/#\\\/schema\\\/person\\\/bae8996a583c53ecdfb83f6d5e057bc1\",\"name\":\"Prime Cursos\",\"image\":{\"@type\":\"ImageObject\",\"inLanguage\":\"pt-BR\",\"@id\":\"https:\\\/\\\/secure.gravatar.com\\\/avatar\\\/93f096802631e10882ddc586d19be9df70f23a82a91f309ccc98e708c6d98c4b?s=96&d=mm&r=g\",\"url\":\"https:\\\/\\\/secure.gravatar.com\\\/avatar\\\/93f096802631e10882ddc586d19be9df70f23a82a91f309ccc98e708c6d98c4b?s=96&d=mm&r=g\",\"contentUrl\":\"https:\\\/\\\/secure.gravatar.com\\\/avatar\\\/93f096802631e10882ddc586d19be9df70f23a82a91f309ccc98e708c6d98c4b?s=96&d=mm&r=g\",\"caption\":\"Prime Cursos\"},\"url\":\"https:\\\/\\\/www.primecursos.com.br\\\/blog\\\/author\\\/ticivitoria\\\/\"}]}<\/script>\n<!-- \/ Yoast SEO plugin. -->","yoast_head_json":{"title":"5 express\u00f5es para evitar no trabalho | Prime Cursos","description":"Voc\u00ea j\u00e1 prestou aten\u00e7\u00e3o nas palavras que diz no trabalho? A maneira como voc\u00ea fala ou as palavras que voc\u00ea utiliza, por mais simples que pare\u00e7am, podem","robots":{"index":"index","follow":"follow","max-snippet":"max-snippet:-1","max-image-preview":"max-image-preview:large","max-video-preview":"max-video-preview:-1"},"canonical":"https:\/\/www.primecursos.com.br\/blog\/5-expressoes-para-evitar-no-trabalho\/","og_locale":"pt_BR","og_type":"article","og_title":"5 express\u00f5es para evitar no trabalho | Prime Cursos","og_description":"Voc\u00ea j\u00e1 prestou aten\u00e7\u00e3o nas palavras que diz no trabalho? A maneira como voc\u00ea fala ou as palavras que voc\u00ea utiliza, por mais simples que pare\u00e7am, podem","og_url":"https:\/\/www.primecursos.com.br\/blog\/5-expressoes-para-evitar-no-trabalho\/","og_site_name":"Prime Cursos","article_publisher":"https:\/\/www.facebook.com\/primecursos\/","article_published_time":"2017-12-15T20:38:49+00:00","og_image":[{"width":768,"height":527,"url":"https:\/\/www.primecursos.com.br\/blog\/wp-content\/uploads\/2017\/12\/trabalho-2.jpg","type":"image\/jpeg"}],"author":"Prime Cursos","twitter_misc":{"Escrito por":"Prime Cursos","Est. tempo de leitura":"3 minutos"},"schema":{"@context":"https:\/\/schema.org","@graph":[{"@type":"Article","@id":"https:\/\/www.primecursos.com.br\/blog\/5-expressoes-para-evitar-no-trabalho\/#article","isPartOf":{"@id":"https:\/\/www.primecursos.com.br\/blog\/5-expressoes-para-evitar-no-trabalho\/"},"author":{"name":"Prime Cursos","@id":"https:\/\/www.primecursos.com.br\/blog\/#\/schema\/person\/bae8996a583c53ecdfb83f6d5e057bc1"},"headline":"5 express\u00f5es para evitar no trabalho","datePublished":"2017-12-15T20:38:49+00:00","mainEntityOfPage":{"@id":"https:\/\/www.primecursos.com.br\/blog\/5-expressoes-para-evitar-no-trabalho\/"},"wordCount":602,"commentCount":11,"publisher":{"@id":"https:\/\/www.primecursos.com.br\/blog\/#organization"},"image":{"@id":"https:\/\/www.primecursos.com.br\/blog\/5-expressoes-para-evitar-no-trabalho\/#primaryimage"},"thumbnailUrl":"https:\/\/www.primecursos.com.br\/blog\/wp-content\/uploads\/2017\/12\/trabalho-2.jpg","keywords":["Carreira","Mercado de Trabalho"],"articleSection":["Artigos"],"inLanguage":"pt-BR","potentialAction":[{"@type":"CommentAction","name":"Comment","target":["https:\/\/www.primecursos.com.br\/blog\/5-expressoes-para-evitar-no-trabalho\/#respond"]}]},{"@type":"WebPage","@id":"https:\/\/www.primecursos.com.br\/blog\/5-expressoes-para-evitar-no-trabalho\/","url":"https:\/\/www.primecursos.com.br\/blog\/5-expressoes-para-evitar-no-trabalho\/","name":"5 express\u00f5es para evitar no trabalho | Prime Cursos","isPartOf":{"@id":"https:\/\/www.primecursos.com.br\/blog\/#website"},"primaryImageOfPage":{"@id":"https:\/\/www.primecursos.com.br\/blog\/5-expressoes-para-evitar-no-trabalho\/#primaryimage"},"image":{"@id":"https:\/\/www.primecursos.com.br\/blog\/5-expressoes-para-evitar-no-trabalho\/#primaryimage"},"thumbnailUrl":"https:\/\/www.primecursos.com.br\/blog\/wp-content\/uploads\/2017\/12\/trabalho-2.jpg","datePublished":"2017-12-15T20:38:49+00:00","description":"Voc\u00ea j\u00e1 prestou aten\u00e7\u00e3o nas palavras que diz no trabalho? A maneira como voc\u00ea fala ou as palavras que voc\u00ea utiliza, por mais simples que pare\u00e7am, podem","breadcrumb":{"@id":"https:\/\/www.primecursos.com.br\/blog\/5-expressoes-para-evitar-no-trabalho\/#breadcrumb"},"inLanguage":"pt-BR","potentialAction":[{"@type":"ReadAction","target":["https:\/\/www.primecursos.com.br\/blog\/5-expressoes-para-evitar-no-trabalho\/"]}]},{"@type":"ImageObject","inLanguage":"pt-BR","@id":"https:\/\/www.primecursos.com.br\/blog\/5-expressoes-para-evitar-no-trabalho\/#primaryimage","url":"https:\/\/www.primecursos.com.br\/blog\/wp-content\/uploads\/2017\/12\/trabalho-2.jpg","contentUrl":"https:\/\/www.primecursos.com.br\/blog\/wp-content\/uploads\/2017\/12\/trabalho-2.jpg","width":768,"height":527},{"@type":"BreadcrumbList","@id":"https:\/\/www.primecursos.com.br\/blog\/5-expressoes-para-evitar-no-trabalho\/#breadcrumb","itemListElement":[{"@type":"ListItem","position":1,"name":"In\u00edcio","item":"https:\/\/www.primecursos.com.br\/blog\/"},{"@type":"ListItem","position":2,"name":"Artigos","item":"https:\/\/www.primecursos.com.br\/blog\/artigos\/"},{"@type":"ListItem","position":3,"name":"5 express\u00f5es para evitar no trabalho"}]},{"@type":"WebSite","@id":"https:\/\/www.primecursos.com.br\/blog\/#website","url":"https:\/\/www.primecursos.com.br\/blog\/","name":"Prime Cursos","description":"Cursos gr\u00e1tis com certificado v\u00e1lido","publisher":{"@id":"https:\/\/www.primecursos.com.br\/blog\/#organization"},"potentialAction":[{"@type":"SearchAction","target":{"@type":"EntryPoint","urlTemplate":"https:\/\/www.primecursos.com.br\/blog\/?s={search_term_string}"},"query-input":{"@type":"PropertyValueSpecification","valueRequired":true,"valueName":"search_term_string"}}],"inLanguage":"pt-BR"},{"@type":"Organization","@id":"https:\/\/www.primecursos.com.br\/blog\/#organization","name":"Prime Cursos Online","url":"https:\/\/www.primecursos.com.br\/blog\/","logo":{"@type":"ImageObject","inLanguage":"pt-BR","@id":"https:\/\/www.primecursos.com.br\/blog\/#\/schema\/logo\/image\/","url":"https:\/\/www.primecursos.com.br\/blog\/wp-content\/uploads\/2018\/03\/prime-cursos-gratis-online-logo-070318b-1.png","contentUrl":"https:\/\/www.primecursos.com.br\/blog\/wp-content\/uploads\/2018\/03\/prime-cursos-gratis-online-logo-070318b-1.png","width":330,"height":80,"caption":"Prime Cursos Online"},"image":{"@id":"https:\/\/www.primecursos.com.br\/blog\/#\/schema\/logo\/image\/"},"sameAs":["https:\/\/www.facebook.com\/primecursos\/","https:\/\/x.com\/primecursosbr"]},{"@type":"Person","@id":"https:\/\/www.primecursos.com.br\/blog\/#\/schema\/person\/bae8996a583c53ecdfb83f6d5e057bc1","name":"Prime Cursos","image":{"@type":"ImageObject","inLanguage":"pt-BR","@id":"https:\/\/secure.gravatar.com\/avatar\/93f096802631e10882ddc586d19be9df70f23a82a91f309ccc98e708c6d98c4b?s=96&d=mm&r=g","url":"https:\/\/secure.gravatar.com\/avatar\/93f096802631e10882ddc586d19be9df70f23a82a91f309ccc98e708c6d98c4b?s=96&d=mm&r=g","contentUrl":"https:\/\/secure.gravatar.com\/avatar\/93f096802631e10882ddc586d19be9df70f23a82a91f309ccc98e708c6d98c4b?s=96&d=mm&r=g","caption":"Prime Cursos"},"url":"https:\/\/www.primecursos.com.br\/blog\/author\/ticivitoria\/"}]}},"taxonomy_info":{"category":[{"value":1,"label":"Artigos"}],"post_tag":[{"value":8,"label":"Carreira"},{"value":7,"label":"Mercado de Trabalho"}]},"featured_image_src_large":["https:\/\/www.primecursos.com.br\/blog\/wp-content\/uploads\/2017\/12\/trabalho-2.jpg",768,527,false],"author_info":{"display_name":"Prime Cursos","author_link":"https:\/\/www.primecursos.com.br\/blog\/author\/ticivitoria\/"},"comment_info":11,"category_info":[{"term_id":1,"name":"Artigos","slug":"artigos","term_group":0,"term_taxonomy_id":1,"taxonomy":"category","description":"","parent":0,"count":983,"filter":"raw","cat_ID":1,"category_count":983,"category_description":"","cat_name":"Artigos","category_nicename":"artigos","category_parent":0}],"tag_info":[{"term_id":8,"name":"Carreira","slug":"carreira","term_group":0,"term_taxonomy_id":8,"taxonomy":"post_tag","description":"","parent":0,"count":157,"filter":"raw"},{"term_id":7,"name":"Mercado de Trabalho","slug":"mercado-de-trabalho","term_group":0,"term_taxonomy_id":7,"taxonomy":"post_tag","description":"","parent":0,"count":119,"filter":"raw"}],"_links":{"self":[{"href":"https:\/\/www.primecursos.com.br\/blog\/wp-json\/wp\/v2\/posts\/4098","targetHints":{"allow":["GET"]}}],"collection":[{"href":"https:\/\/www.primecursos.com.br\/blog\/wp-json\/wp\/v2\/posts"}],"about":[{"href":"https:\/\/www.primecursos.com.br\/blog\/wp-json\/wp\/v2\/types\/post"}],"author":[{"embeddable":true,"href":"https:\/\/www.primecursos.com.br\/blog\/wp-json\/wp\/v2\/users\/4"}],"replies":[{"embeddable":true,"href":"https:\/\/www.primecursos.com.br\/blog\/wp-json\/wp\/v2\/comments?post=4098"}],"version-history":[{"count":0,"href":"https:\/\/www.primecursos.com.br\/blog\/wp-json\/wp\/v2\/posts\/4098\/revisions"}],"wp:featuredmedia":[{"embeddable":true,"href":"https:\/\/www.primecursos.com.br\/blog\/wp-json\/wp\/v2\/media\/4100"}],"wp:attachment":[{"href":"https:\/\/www.primecursos.com.br\/blog\/wp-json\/wp\/v2\/media?parent=4098"}],"wp:term":[{"taxonomy":"category","embeddable":true,"href":"https:\/\/www.primecursos.com.br\/blog\/wp-json\/wp\/v2\/categories?post=4098"},{"taxonomy":"post_tag","embeddable":true,"href":"https:\/\/www.primecursos.com.br\/blog\/wp-json\/wp\/v2\/tags?post=4098"}],"curies":[{"name":"wp","href":"https:\/\/api.w.org\/{rel}","templated":true}]}}