{"id":4144,"date":"2018-01-24T19:48:44","date_gmt":"2018-01-24T19:48:44","guid":{"rendered":"https:\/\/www.primecursos.com.br\/blog\/?p=4144"},"modified":"2018-01-24T19:48:44","modified_gmt":"2018-01-24T19:48:44","slug":"a-importancia-da-flexibilidade-no-mundo-corporativo","status":"publish","type":"post","link":"https:\/\/www.primecursos.com.br\/blog\/a-importancia-da-flexibilidade-no-mundo-corporativo\/","title":{"rendered":"A import\u00e2ncia da flexibilidade no mundo corporativo"},"content":{"rendered":"<h2>&#8220;<em>Prefiro ser essa Metamorfose Ambulante, do que ter aquela velha opini\u00e3o formada sobre tudo<\/em>&#8221; Raul Seixas<\/h2>\n<p>Como j\u00e1 falamos <a href=\"https:\/\/www.primecursos.com.br\/blog\/prime-cursos\/7-competencias-muito-procuradas-pelas-empresas\/\">aqui no blog<\/a>, ter flexibilidade \u00e9 uma caracter\u00edstica fundamental para quem deseja ser valorizado no ambiente de trabalho. Ou seja, n\u00e3o basta apenas ter um excelente curr\u00edculo e qualifica\u00e7\u00f5es t\u00e9cnicas. Uma boa dose de flexibilidade pode trazer muito sucesso na carreira de qualquer profissional, e muitos avaliadores exigem esse diferencial j\u00e1 nos processos seletivos.<\/p>\n<p>O profissional de hoje em dia tem uma certa resist\u00eancia \u00e0 mudan\u00e7a, o que \u00e9 totalmente normal, j\u00e1 que toda mudan\u00e7a gera um inc\u00f4modo. Sair da zona de conforto n\u00e3o \u00e9 f\u00e1cil, por isso \u00e9 compreens\u00edvel que muitos profissionais evitem correr riscos.<\/p>\n<p>Ter flexibilidade envolve diversos benef\u00edcios, inclusive aprender a se moldar a qualquer situa\u00e7\u00e3o. Hoje em dia, para acompanhar as mudan\u00e7as constantes no cen\u00e1rio corporativo \u00e9 muito importante que o profissional esteja preparado.<\/p>\n<p><img decoding=\"async\" class=\"aligncenter size-full wp-image-4163\" src=\"https:\/\/www.primecursos.com.br\/blog\/wp-content\/uploads\/2018\/01\/flexibilidade.jpg\" alt=\"\" width=\"765\" height=\"511\" srcset=\"https:\/\/www.primecursos.com.br\/blog\/wp-content\/uploads\/2018\/01\/flexibilidade.jpg 765w, https:\/\/www.primecursos.com.br\/blog\/wp-content\/uploads\/2018\/01\/flexibilidade-696x465.jpg 696w, https:\/\/www.primecursos.com.br\/blog\/wp-content\/uploads\/2018\/01\/flexibilidade-629x420.jpg 629w, https:\/\/www.primecursos.com.br\/blog\/wp-content\/uploads\/2018\/01\/flexibilidade-300x200.jpg 300w, https:\/\/www.primecursos.com.br\/blog\/wp-content\/uploads\/2018\/01\/flexibilidade-422x281.jpg 422w\" sizes=\"(max-width: 765px) 100vw, 765px\" \/><\/p>\n<p>Por\u00e9m, \u00e9 muito importante saber que ser flex\u00edvel n\u00e3o significa ser uma pessoa manipulada, sem opini\u00e3o ou que n\u00e3o exp\u00f5e suas ideias. Ser um profissional flex\u00edvel significa que voc\u00ea deve se expor de diversas formas, questionando, sugerindo, articulando e at\u00e9 reivindicando, sem \u00e9 claro, se deixar levar pelos outros.<\/p>\n<p>Um profissional flex\u00edvel pode trazer muitas vantagens para a empresa, como por exemplo, saber se adaptar \u00e0 diversas situa\u00e7\u00f5es e agir com naturalidade diante de diferentes circunst\u00e2ncias. A flexibilidade beneficia o autoconhecimento profissional, pois ajuda a ampliar horizontes atrav\u00e9s de novos aprendizados e muito conhecimento, que poder\u00e3o auxiliar em importantes perspectivas. Veja alguns exemplos:<\/p>\n<p>-descobrir qual \u00e9 o seu real objetivo e prop\u00f3sito de vida;<br \/>\n-analisar suas compet\u00eancias e como elas podem ajudar a obter resultados desejados;<br \/>\n-entender quais as necessidades que o motivam;<br \/>\n-descobrir o que est\u00e1 pretendendo fazer e como se diferenciar.<\/p>\n<p>Essa compet\u00eancia deve ser utilizada com sabedoria e com o prop\u00f3sito de gerar resultados construtivos, sabendo agir com responsabilidade e naturalidade, comunicar-se de maneira adequada, buscar solu\u00e7\u00f5es para os problemas e compartilhar conhecimentos.<\/p>\n<p><strong>E como posso me tornar um profissional com flexibilidade?<\/strong><\/p>\n<p>Para ser um profissional flex\u00edvel \u00e9 preciso estar disposto \u00e0 mudan\u00e7as. Fa\u00e7a uma boa an\u00e1lise de cada situa\u00e7\u00e3o antes de agir, sempre observando os fatos antes de julgar. Seja aut\u00eantico, n\u00e3o manipule ningu\u00e9m, e sempre seja verdadeiro consigo mesmo. \u00c9 preciso ser natural, e ter clareza de suas ideias e inten\u00e7\u00f5es. Profissionais flex\u00edveis t\u00eam a autoestima elevada, e s\u00e3o mais preparados para enfrentar os desafios encontrados no dia a dia de trabalho.<\/p>\n<p>Lembre-se que cada momento que voc\u00ea resiste \u00e0s mudan\u00e7as, voc\u00ea continue estagnado. Ser flex\u00edvel e saber mudar de opini\u00e3o ou de plano quando for preciso, faz com que voc\u00ea v\u00e1 em busca do novo, do inesperado e do suspense. Profissionais male\u00e1veis compreendem que o mundo em que vivem \u00e9 consequ\u00eancia daquilo que elas investem nele. Por isso, n\u00e3o permita que o medo ou a inseguran\u00e7a sejam uma barreira. Nem sempre o novo ser\u00e1 o melhor, mas \u00e9 preciso conhec\u00ea-lo. O resultado pode n\u00e3o ser o melhor hoje, mas o conhecimento e a experi\u00eancia que voc\u00ea ganhar poder\u00e3o contar muito no futuro.<\/p>\n<p>&nbsp;<\/p>\n<p>Estudar &#8211; buscando conhecimento na \u00e1rea em que voc\u00ea atua ou at\u00e9 em diferentes \u00e1reas &#8211; tamb\u00e9m \u00e9 uma excelente maneira de ganhar destaque no mercado de trabalho. Para quem deseja obter sucesso profissional, \u00e9 fundamental estar em constante aprendizado, sempre se qualificando, se atualizando, e buscando aprender algo novo diariamente. Por isso, recomendamos os cursos online e gratuitos da Prime Cursos do Brasil. Voc\u00ea estuda atrav\u00e9s do site e pode fazer quantos cursos desejar, basta fazer o seu cadastro!<\/p>\n<p><a href=\"https:\/\/www.primecursos.com.br\/\"><img decoding=\"async\" class=\"aligncenter size-full wp-image-2795\" src=\"https:\/\/www.primecursos.com.br\/blog\/wp-content\/uploads\/2016\/04\/img-acessar-agora-2.png\" alt=\"\" width=\"660\" height=\"81\" srcset=\"https:\/\/www.primecursos.com.br\/blog\/wp-content\/uploads\/2016\/04\/img-acessar-agora-2.png 660w, https:\/\/www.primecursos.com.br\/blog\/wp-content\/uploads\/2016\/04\/img-acessar-agora-2-300x37.png 300w\" sizes=\"(max-width: 660px) 100vw, 660px\" \/><\/a><\/p>\n<p>Gostou das dicas de hoje? Esperamos que sim!<\/p>\n<p>E voc\u00ea, se considera um profissional flex\u00edvel?<\/p>\n<p>&#8211;<\/p>\n<p>Prime Cursos<\/p>\n","protected":false},"excerpt":{"rendered":"<p>&#8220;Prefiro ser essa Metamorfose Ambulante, do que ter aquela velha opini\u00e3o formada sobre tudo&#8221; Raul Seixas Como j\u00e1&#8230;<\/p>\n","protected":false},"author":4,"featured_media":4163,"comment_status":"open","ping_status":"open","sticky":false,"template":"","format":"standard","meta":{"_kad_blocks_custom_css":"","_kad_blocks_head_custom_js":"","_kad_blocks_body_custom_js":"","_kad_blocks_footer_custom_js":"","_kadence_starter_templates_imported_post":false,"_kad_post_transparent":"","_kad_post_title":"","_kad_post_layout":"","_kad_post_sidebar_id":"","_kad_post_content_style":"","_kad_post_vertical_padding":"","_kad_post_feature":"","_kad_post_feature_position":"","_kad_post_header":false,"_kad_post_footer":false,"_kad_post_classname":"","footnotes":""},"categories":[1],"tags":[8,7],"class_list":["post-4144","post","type-post","status-publish","format-standard","has-post-thumbnail","hentry","category-artigos","tag-carreira","tag-mercado-de-trabalho"],"yoast_head":"<!-- This site is optimized with the Yoast SEO plugin v27.5 - https:\/\/yoast.com\/product\/yoast-seo-wordpress\/ -->\n<title>A import\u00e2ncia da flexibilidade no mundo corporativo | Prime Cursos<\/title>\n<meta name=\"description\" content=\"&quot;Prefiro ser essa Metamorfose Ambulante, do que ter aquela velha opini\u00e3o formada sobre tudo&quot; Raul Seixas Como j\u00e1 falamos aqui no blog, ter flexibilidade \u00e9\" \/>\n<meta name=\"robots\" content=\"index, follow, max-snippet:-1, max-image-preview:large, max-video-preview:-1\" \/>\n<link rel=\"canonical\" href=\"https:\/\/www.primecursos.com.br\/blog\/a-importancia-da-flexibilidade-no-mundo-corporativo\/\" \/>\n<meta property=\"og:locale\" content=\"pt_BR\" \/>\n<meta property=\"og:type\" content=\"article\" \/>\n<meta property=\"og:title\" content=\"A import\u00e2ncia da flexibilidade no mundo corporativo | Prime Cursos\" \/>\n<meta property=\"og:description\" content=\"&quot;Prefiro ser essa Metamorfose Ambulante, do que ter aquela velha opini\u00e3o formada sobre tudo&quot; Raul Seixas Como j\u00e1 falamos aqui no blog, ter flexibilidade \u00e9\" \/>\n<meta property=\"og:url\" content=\"https:\/\/www.primecursos.com.br\/blog\/a-importancia-da-flexibilidade-no-mundo-corporativo\/\" \/>\n<meta property=\"og:site_name\" content=\"Prime Cursos\" \/>\n<meta property=\"article:publisher\" content=\"https:\/\/www.facebook.com\/primecursos\/\" \/>\n<meta property=\"article:published_time\" content=\"2018-01-24T19:48:44+00:00\" \/>\n<meta property=\"og:image\" content=\"https:\/\/www.primecursos.com.br\/blog\/wp-content\/uploads\/2018\/01\/flexibilidade.jpg\" \/>\n\t<meta property=\"og:image:width\" content=\"765\" \/>\n\t<meta property=\"og:image:height\" content=\"511\" \/>\n\t<meta property=\"og:image:type\" content=\"image\/jpeg\" \/>\n<meta name=\"author\" content=\"Prime Cursos\" \/>\n<meta name=\"twitter:label1\" content=\"Escrito por\" \/>\n\t<meta name=\"twitter:data1\" content=\"Prime Cursos\" \/>\n\t<meta name=\"twitter:label2\" content=\"Est. tempo de leitura\" \/>\n\t<meta name=\"twitter:data2\" content=\"3 minutos\" \/>\n<script type=\"application\/ld+json\" class=\"yoast-schema-graph\">{\"@context\":\"https:\\\/\\\/schema.org\",\"@graph\":[{\"@type\":\"Article\",\"@id\":\"https:\\\/\\\/www.primecursos.com.br\\\/blog\\\/a-importancia-da-flexibilidade-no-mundo-corporativo\\\/#article\",\"isPartOf\":{\"@id\":\"https:\\\/\\\/www.primecursos.com.br\\\/blog\\\/a-importancia-da-flexibilidade-no-mundo-corporativo\\\/\"},\"author\":{\"name\":\"Prime Cursos\",\"@id\":\"https:\\\/\\\/www.primecursos.com.br\\\/blog\\\/#\\\/schema\\\/person\\\/bae8996a583c53ecdfb83f6d5e057bc1\"},\"headline\":\"A import\u00e2ncia da flexibilidade no mundo corporativo\",\"datePublished\":\"2018-01-24T19:48:44+00:00\",\"mainEntityOfPage\":{\"@id\":\"https:\\\/\\\/www.primecursos.com.br\\\/blog\\\/a-importancia-da-flexibilidade-no-mundo-corporativo\\\/\"},\"wordCount\":655,\"commentCount\":2,\"publisher\":{\"@id\":\"https:\\\/\\\/www.primecursos.com.br\\\/blog\\\/#organization\"},\"image\":{\"@id\":\"https:\\\/\\\/www.primecursos.com.br\\\/blog\\\/a-importancia-da-flexibilidade-no-mundo-corporativo\\\/#primaryimage\"},\"thumbnailUrl\":\"https:\\\/\\\/www.primecursos.com.br\\\/blog\\\/wp-content\\\/uploads\\\/2018\\\/01\\\/flexibilidade.jpg\",\"keywords\":[\"Carreira\",\"Mercado de Trabalho\"],\"articleSection\":[\"Artigos\"],\"inLanguage\":\"pt-BR\",\"potentialAction\":[{\"@type\":\"CommentAction\",\"name\":\"Comment\",\"target\":[\"https:\\\/\\\/www.primecursos.com.br\\\/blog\\\/a-importancia-da-flexibilidade-no-mundo-corporativo\\\/#respond\"]}]},{\"@type\":\"WebPage\",\"@id\":\"https:\\\/\\\/www.primecursos.com.br\\\/blog\\\/a-importancia-da-flexibilidade-no-mundo-corporativo\\\/\",\"url\":\"https:\\\/\\\/www.primecursos.com.br\\\/blog\\\/a-importancia-da-flexibilidade-no-mundo-corporativo\\\/\",\"name\":\"A import\u00e2ncia da flexibilidade no mundo corporativo | Prime Cursos\",\"isPartOf\":{\"@id\":\"https:\\\/\\\/www.primecursos.com.br\\\/blog\\\/#website\"},\"primaryImageOfPage\":{\"@id\":\"https:\\\/\\\/www.primecursos.com.br\\\/blog\\\/a-importancia-da-flexibilidade-no-mundo-corporativo\\\/#primaryimage\"},\"image\":{\"@id\":\"https:\\\/\\\/www.primecursos.com.br\\\/blog\\\/a-importancia-da-flexibilidade-no-mundo-corporativo\\\/#primaryimage\"},\"thumbnailUrl\":\"https:\\\/\\\/www.primecursos.com.br\\\/blog\\\/wp-content\\\/uploads\\\/2018\\\/01\\\/flexibilidade.jpg\",\"datePublished\":\"2018-01-24T19:48:44+00:00\",\"description\":\"\\\"Prefiro ser essa Metamorfose Ambulante, do que ter aquela velha opini\u00e3o formada sobre tudo\\\" Raul Seixas Como j\u00e1 falamos aqui no blog, ter flexibilidade \u00e9\",\"breadcrumb\":{\"@id\":\"https:\\\/\\\/www.primecursos.com.br\\\/blog\\\/a-importancia-da-flexibilidade-no-mundo-corporativo\\\/#breadcrumb\"},\"inLanguage\":\"pt-BR\",\"potentialAction\":[{\"@type\":\"ReadAction\",\"target\":[\"https:\\\/\\\/www.primecursos.com.br\\\/blog\\\/a-importancia-da-flexibilidade-no-mundo-corporativo\\\/\"]}]},{\"@type\":\"ImageObject\",\"inLanguage\":\"pt-BR\",\"@id\":\"https:\\\/\\\/www.primecursos.com.br\\\/blog\\\/a-importancia-da-flexibilidade-no-mundo-corporativo\\\/#primaryimage\",\"url\":\"https:\\\/\\\/www.primecursos.com.br\\\/blog\\\/wp-content\\\/uploads\\\/2018\\\/01\\\/flexibilidade.jpg\",\"contentUrl\":\"https:\\\/\\\/www.primecursos.com.br\\\/blog\\\/wp-content\\\/uploads\\\/2018\\\/01\\\/flexibilidade.jpg\",\"width\":765,\"height\":511},{\"@type\":\"BreadcrumbList\",\"@id\":\"https:\\\/\\\/www.primecursos.com.br\\\/blog\\\/a-importancia-da-flexibilidade-no-mundo-corporativo\\\/#breadcrumb\",\"itemListElement\":[{\"@type\":\"ListItem\",\"position\":1,\"name\":\"In\u00edcio\",\"item\":\"https:\\\/\\\/www.primecursos.com.br\\\/blog\\\/\"},{\"@type\":\"ListItem\",\"position\":2,\"name\":\"Artigos\",\"item\":\"https:\\\/\\\/www.primecursos.com.br\\\/blog\\\/artigos\\\/\"},{\"@type\":\"ListItem\",\"position\":3,\"name\":\"A import\u00e2ncia da flexibilidade no mundo corporativo\"}]},{\"@type\":\"WebSite\",\"@id\":\"https:\\\/\\\/www.primecursos.com.br\\\/blog\\\/#website\",\"url\":\"https:\\\/\\\/www.primecursos.com.br\\\/blog\\\/\",\"name\":\"Prime Cursos\",\"description\":\"Cursos gr\u00e1tis com certificado v\u00e1lido\",\"publisher\":{\"@id\":\"https:\\\/\\\/www.primecursos.com.br\\\/blog\\\/#organization\"},\"potentialAction\":[{\"@type\":\"SearchAction\",\"target\":{\"@type\":\"EntryPoint\",\"urlTemplate\":\"https:\\\/\\\/www.primecursos.com.br\\\/blog\\\/?s={search_term_string}\"},\"query-input\":{\"@type\":\"PropertyValueSpecification\",\"valueRequired\":true,\"valueName\":\"search_term_string\"}}],\"inLanguage\":\"pt-BR\"},{\"@type\":\"Organization\",\"@id\":\"https:\\\/\\\/www.primecursos.com.br\\\/blog\\\/#organization\",\"name\":\"Prime Cursos Online\",\"url\":\"https:\\\/\\\/www.primecursos.com.br\\\/blog\\\/\",\"logo\":{\"@type\":\"ImageObject\",\"inLanguage\":\"pt-BR\",\"@id\":\"https:\\\/\\\/www.primecursos.com.br\\\/blog\\\/#\\\/schema\\\/logo\\\/image\\\/\",\"url\":\"https:\\\/\\\/www.primecursos.com.br\\\/blog\\\/wp-content\\\/uploads\\\/2018\\\/03\\\/prime-cursos-gratis-online-logo-070318b-1.png\",\"contentUrl\":\"https:\\\/\\\/www.primecursos.com.br\\\/blog\\\/wp-content\\\/uploads\\\/2018\\\/03\\\/prime-cursos-gratis-online-logo-070318b-1.png\",\"width\":330,\"height\":80,\"caption\":\"Prime Cursos Online\"},\"image\":{\"@id\":\"https:\\\/\\\/www.primecursos.com.br\\\/blog\\\/#\\\/schema\\\/logo\\\/image\\\/\"},\"sameAs\":[\"https:\\\/\\\/www.facebook.com\\\/primecursos\\\/\",\"https:\\\/\\\/x.com\\\/primecursosbr\"]},{\"@type\":\"Person\",\"@id\":\"https:\\\/\\\/www.primecursos.com.br\\\/blog\\\/#\\\/schema\\\/person\\\/bae8996a583c53ecdfb83f6d5e057bc1\",\"name\":\"Prime Cursos\",\"image\":{\"@type\":\"ImageObject\",\"inLanguage\":\"pt-BR\",\"@id\":\"https:\\\/\\\/secure.gravatar.com\\\/avatar\\\/93f096802631e10882ddc586d19be9df70f23a82a91f309ccc98e708c6d98c4b?s=96&d=mm&r=g\",\"url\":\"https:\\\/\\\/secure.gravatar.com\\\/avatar\\\/93f096802631e10882ddc586d19be9df70f23a82a91f309ccc98e708c6d98c4b?s=96&d=mm&r=g\",\"contentUrl\":\"https:\\\/\\\/secure.gravatar.com\\\/avatar\\\/93f096802631e10882ddc586d19be9df70f23a82a91f309ccc98e708c6d98c4b?s=96&d=mm&r=g\",\"caption\":\"Prime Cursos\"},\"url\":\"https:\\\/\\\/www.primecursos.com.br\\\/blog\\\/author\\\/ticivitoria\\\/\"}]}<\/script>\n<!-- \/ Yoast SEO plugin. -->","yoast_head_json":{"title":"A import\u00e2ncia da flexibilidade no mundo corporativo | Prime Cursos","description":"\"Prefiro ser essa Metamorfose Ambulante, do que ter aquela velha opini\u00e3o formada sobre tudo\" Raul Seixas Como j\u00e1 falamos aqui no blog, ter flexibilidade \u00e9","robots":{"index":"index","follow":"follow","max-snippet":"max-snippet:-1","max-image-preview":"max-image-preview:large","max-video-preview":"max-video-preview:-1"},"canonical":"https:\/\/www.primecursos.com.br\/blog\/a-importancia-da-flexibilidade-no-mundo-corporativo\/","og_locale":"pt_BR","og_type":"article","og_title":"A import\u00e2ncia da flexibilidade no mundo corporativo | Prime Cursos","og_description":"\"Prefiro ser essa Metamorfose Ambulante, do que ter aquela velha opini\u00e3o formada sobre tudo\" Raul Seixas Como j\u00e1 falamos aqui no blog, ter flexibilidade \u00e9","og_url":"https:\/\/www.primecursos.com.br\/blog\/a-importancia-da-flexibilidade-no-mundo-corporativo\/","og_site_name":"Prime Cursos","article_publisher":"https:\/\/www.facebook.com\/primecursos\/","article_published_time":"2018-01-24T19:48:44+00:00","og_image":[{"width":765,"height":511,"url":"https:\/\/www.primecursos.com.br\/blog\/wp-content\/uploads\/2018\/01\/flexibilidade.jpg","type":"image\/jpeg"}],"author":"Prime Cursos","twitter_misc":{"Escrito por":"Prime Cursos","Est. tempo de leitura":"3 minutos"},"schema":{"@context":"https:\/\/schema.org","@graph":[{"@type":"Article","@id":"https:\/\/www.primecursos.com.br\/blog\/a-importancia-da-flexibilidade-no-mundo-corporativo\/#article","isPartOf":{"@id":"https:\/\/www.primecursos.com.br\/blog\/a-importancia-da-flexibilidade-no-mundo-corporativo\/"},"author":{"name":"Prime Cursos","@id":"https:\/\/www.primecursos.com.br\/blog\/#\/schema\/person\/bae8996a583c53ecdfb83f6d5e057bc1"},"headline":"A import\u00e2ncia da flexibilidade no mundo corporativo","datePublished":"2018-01-24T19:48:44+00:00","mainEntityOfPage":{"@id":"https:\/\/www.primecursos.com.br\/blog\/a-importancia-da-flexibilidade-no-mundo-corporativo\/"},"wordCount":655,"commentCount":2,"publisher":{"@id":"https:\/\/www.primecursos.com.br\/blog\/#organization"},"image":{"@id":"https:\/\/www.primecursos.com.br\/blog\/a-importancia-da-flexibilidade-no-mundo-corporativo\/#primaryimage"},"thumbnailUrl":"https:\/\/www.primecursos.com.br\/blog\/wp-content\/uploads\/2018\/01\/flexibilidade.jpg","keywords":["Carreira","Mercado de Trabalho"],"articleSection":["Artigos"],"inLanguage":"pt-BR","potentialAction":[{"@type":"CommentAction","name":"Comment","target":["https:\/\/www.primecursos.com.br\/blog\/a-importancia-da-flexibilidade-no-mundo-corporativo\/#respond"]}]},{"@type":"WebPage","@id":"https:\/\/www.primecursos.com.br\/blog\/a-importancia-da-flexibilidade-no-mundo-corporativo\/","url":"https:\/\/www.primecursos.com.br\/blog\/a-importancia-da-flexibilidade-no-mundo-corporativo\/","name":"A import\u00e2ncia da flexibilidade no mundo corporativo | Prime Cursos","isPartOf":{"@id":"https:\/\/www.primecursos.com.br\/blog\/#website"},"primaryImageOfPage":{"@id":"https:\/\/www.primecursos.com.br\/blog\/a-importancia-da-flexibilidade-no-mundo-corporativo\/#primaryimage"},"image":{"@id":"https:\/\/www.primecursos.com.br\/blog\/a-importancia-da-flexibilidade-no-mundo-corporativo\/#primaryimage"},"thumbnailUrl":"https:\/\/www.primecursos.com.br\/blog\/wp-content\/uploads\/2018\/01\/flexibilidade.jpg","datePublished":"2018-01-24T19:48:44+00:00","description":"\"Prefiro ser essa Metamorfose Ambulante, do que ter aquela velha opini\u00e3o formada sobre tudo\" Raul Seixas Como j\u00e1 falamos aqui no blog, ter flexibilidade \u00e9","breadcrumb":{"@id":"https:\/\/www.primecursos.com.br\/blog\/a-importancia-da-flexibilidade-no-mundo-corporativo\/#breadcrumb"},"inLanguage":"pt-BR","potentialAction":[{"@type":"ReadAction","target":["https:\/\/www.primecursos.com.br\/blog\/a-importancia-da-flexibilidade-no-mundo-corporativo\/"]}]},{"@type":"ImageObject","inLanguage":"pt-BR","@id":"https:\/\/www.primecursos.com.br\/blog\/a-importancia-da-flexibilidade-no-mundo-corporativo\/#primaryimage","url":"https:\/\/www.primecursos.com.br\/blog\/wp-content\/uploads\/2018\/01\/flexibilidade.jpg","contentUrl":"https:\/\/www.primecursos.com.br\/blog\/wp-content\/uploads\/2018\/01\/flexibilidade.jpg","width":765,"height":511},{"@type":"BreadcrumbList","@id":"https:\/\/www.primecursos.com.br\/blog\/a-importancia-da-flexibilidade-no-mundo-corporativo\/#breadcrumb","itemListElement":[{"@type":"ListItem","position":1,"name":"In\u00edcio","item":"https:\/\/www.primecursos.com.br\/blog\/"},{"@type":"ListItem","position":2,"name":"Artigos","item":"https:\/\/www.primecursos.com.br\/blog\/artigos\/"},{"@type":"ListItem","position":3,"name":"A import\u00e2ncia da flexibilidade no mundo corporativo"}]},{"@type":"WebSite","@id":"https:\/\/www.primecursos.com.br\/blog\/#website","url":"https:\/\/www.primecursos.com.br\/blog\/","name":"Prime Cursos","description":"Cursos gr\u00e1tis com certificado v\u00e1lido","publisher":{"@id":"https:\/\/www.primecursos.com.br\/blog\/#organization"},"potentialAction":[{"@type":"SearchAction","target":{"@type":"EntryPoint","urlTemplate":"https:\/\/www.primecursos.com.br\/blog\/?s={search_term_string}"},"query-input":{"@type":"PropertyValueSpecification","valueRequired":true,"valueName":"search_term_string"}}],"inLanguage":"pt-BR"},{"@type":"Organization","@id":"https:\/\/www.primecursos.com.br\/blog\/#organization","name":"Prime Cursos Online","url":"https:\/\/www.primecursos.com.br\/blog\/","logo":{"@type":"ImageObject","inLanguage":"pt-BR","@id":"https:\/\/www.primecursos.com.br\/blog\/#\/schema\/logo\/image\/","url":"https:\/\/www.primecursos.com.br\/blog\/wp-content\/uploads\/2018\/03\/prime-cursos-gratis-online-logo-070318b-1.png","contentUrl":"https:\/\/www.primecursos.com.br\/blog\/wp-content\/uploads\/2018\/03\/prime-cursos-gratis-online-logo-070318b-1.png","width":330,"height":80,"caption":"Prime Cursos Online"},"image":{"@id":"https:\/\/www.primecursos.com.br\/blog\/#\/schema\/logo\/image\/"},"sameAs":["https:\/\/www.facebook.com\/primecursos\/","https:\/\/x.com\/primecursosbr"]},{"@type":"Person","@id":"https:\/\/www.primecursos.com.br\/blog\/#\/schema\/person\/bae8996a583c53ecdfb83f6d5e057bc1","name":"Prime Cursos","image":{"@type":"ImageObject","inLanguage":"pt-BR","@id":"https:\/\/secure.gravatar.com\/avatar\/93f096802631e10882ddc586d19be9df70f23a82a91f309ccc98e708c6d98c4b?s=96&d=mm&r=g","url":"https:\/\/secure.gravatar.com\/avatar\/93f096802631e10882ddc586d19be9df70f23a82a91f309ccc98e708c6d98c4b?s=96&d=mm&r=g","contentUrl":"https:\/\/secure.gravatar.com\/avatar\/93f096802631e10882ddc586d19be9df70f23a82a91f309ccc98e708c6d98c4b?s=96&d=mm&r=g","caption":"Prime Cursos"},"url":"https:\/\/www.primecursos.com.br\/blog\/author\/ticivitoria\/"}]}},"taxonomy_info":{"category":[{"value":1,"label":"Artigos"}],"post_tag":[{"value":8,"label":"Carreira"},{"value":7,"label":"Mercado de Trabalho"}]},"featured_image_src_large":["https:\/\/www.primecursos.com.br\/blog\/wp-content\/uploads\/2018\/01\/flexibilidade.jpg",765,511,false],"author_info":{"display_name":"Prime Cursos","author_link":"https:\/\/www.primecursos.com.br\/blog\/author\/ticivitoria\/"},"comment_info":2,"category_info":[{"term_id":1,"name":"Artigos","slug":"artigos","term_group":0,"term_taxonomy_id":1,"taxonomy":"category","description":"","parent":0,"count":983,"filter":"raw","cat_ID":1,"category_count":983,"category_description":"","cat_name":"Artigos","category_nicename":"artigos","category_parent":0}],"tag_info":[{"term_id":8,"name":"Carreira","slug":"carreira","term_group":0,"term_taxonomy_id":8,"taxonomy":"post_tag","description":"","parent":0,"count":157,"filter":"raw"},{"term_id":7,"name":"Mercado de Trabalho","slug":"mercado-de-trabalho","term_group":0,"term_taxonomy_id":7,"taxonomy":"post_tag","description":"","parent":0,"count":119,"filter":"raw"}],"_links":{"self":[{"href":"https:\/\/www.primecursos.com.br\/blog\/wp-json\/wp\/v2\/posts\/4144","targetHints":{"allow":["GET"]}}],"collection":[{"href":"https:\/\/www.primecursos.com.br\/blog\/wp-json\/wp\/v2\/posts"}],"about":[{"href":"https:\/\/www.primecursos.com.br\/blog\/wp-json\/wp\/v2\/types\/post"}],"author":[{"embeddable":true,"href":"https:\/\/www.primecursos.com.br\/blog\/wp-json\/wp\/v2\/users\/4"}],"replies":[{"embeddable":true,"href":"https:\/\/www.primecursos.com.br\/blog\/wp-json\/wp\/v2\/comments?post=4144"}],"version-history":[{"count":0,"href":"https:\/\/www.primecursos.com.br\/blog\/wp-json\/wp\/v2\/posts\/4144\/revisions"}],"wp:featuredmedia":[{"embeddable":true,"href":"https:\/\/www.primecursos.com.br\/blog\/wp-json\/wp\/v2\/media\/4163"}],"wp:attachment":[{"href":"https:\/\/www.primecursos.com.br\/blog\/wp-json\/wp\/v2\/media?parent=4144"}],"wp:term":[{"taxonomy":"category","embeddable":true,"href":"https:\/\/www.primecursos.com.br\/blog\/wp-json\/wp\/v2\/categories?post=4144"},{"taxonomy":"post_tag","embeddable":true,"href":"https:\/\/www.primecursos.com.br\/blog\/wp-json\/wp\/v2\/tags?post=4144"}],"curies":[{"name":"wp","href":"https:\/\/api.w.org\/{rel}","templated":true}]}}