{"id":4287,"date":"2018-03-28T13:25:01","date_gmt":"2018-03-28T13:25:01","guid":{"rendered":"https:\/\/www.primecursos.com.br\/blog\/?p=4287"},"modified":"2020-04-25T15:54:49","modified_gmt":"2020-04-25T15:54:49","slug":"como-ter-equilibrio-na-vida-pessoal-e-profissional","status":"publish","type":"post","link":"https:\/\/www.primecursos.com.br\/blog\/como-ter-equilibrio-na-vida-pessoal-e-profissional\/","title":{"rendered":"Como ter equil\u00edbrio na vida pessoal e profissional"},"content":{"rendered":"<p>Muitas pessoas nos enviam e-mails e coment\u00e1rios com a seguinte d\u00favida: &#8220;<em>o que posso fazer para equilibrar minha vida pessoal com a profissional?<\/em>&#8220;. Com a rotina cada vez mais corrida e agitada, isso pode realmente se tornar um desafio no dia a dia. E esse desequil\u00edbrio acontece porque \u00e9 cada vez mais comum observar trabalhadores chegando mais cedo e saindo mais tarde do local de trabalho. Para piorar, muitos acabam levando tarefas do servi\u00e7o para casa, ou trabalhando nos finais de semana, reduzindo assim o tempo de descanso ou de lazer com a fam\u00edlia e os amigos.<\/p>\n<p>Para identificar se o excesso de trabalho est\u00e1 atrapalhando sua rotina e causando um desequil\u00edbrio entre a vida pessoal e profissional, observe se voc\u00ea:<\/p>\n<p>-est\u00e1 se sentindo sobrecarregado e estressado<br \/>\n-deseja passar mais tempo de qualidade com sua fam\u00edlia e amigos<br \/>\n-trabalha at\u00e9 tarde e\/ou nos fins de semana<br \/>\n-n\u00e3o tem tempo para compromissos sociais<br \/>\n-passa muito tempo pensando no trabalho quando n\u00e3o est\u00e1 no ambiente profissional<\/p>\n<p>Sabendo da import\u00e2ncia deste assunto, resolvemos fazer um artigo e tentar ajudar nossos leitores com essa d\u00favida! Vamos l\u00e1?<\/p>\n<p><img decoding=\"async\" class=\"aligncenter size-full wp-image-4327\" src=\"https:\/\/www.primecursos.com.br\/blog\/wp-content\/uploads\/2018\/03\/profissional-0.jpg\" alt=\"\" width=\"768\" height=\"513\" srcset=\"https:\/\/www.primecursos.com.br\/blog\/wp-content\/uploads\/2018\/03\/profissional-0.jpg 768w, https:\/\/www.primecursos.com.br\/blog\/wp-content\/uploads\/2018\/03\/profissional-0-300x200.jpg 300w, https:\/\/www.primecursos.com.br\/blog\/wp-content\/uploads\/2018\/03\/profissional-0-422x281.jpg 422w\" sizes=\"(max-width: 768px) 100vw, 768px\" \/><\/p>\n<h2>Compartilhe tarefas<\/h2>\n<p>Se voc\u00ea n\u00e3o est\u00e1 dando conta do servi\u00e7o, converse com seu superior sobre sua carga de trabalho atual. Talvez tenham pessoas em sua equipe ou departamento que gostariam de mais responsabilidades, assim, voc\u00ea poderia compartilhar suas tarefas. Lembre-se apenas de conversar com o seu superior e mant\u00ea-lo informado de tudo o que est\u00e1 fazendo.<\/p>\n<h2>Economize tempo<\/h2>\n<p>Quando estiver no trabalho, foque apenas no seu trabalho. Tente analisar quanto tempo voc\u00ea j\u00e1 perdeu procrastinando, ou seja, pensando e fazendo coisas desnecess\u00e1rias. \u00c9 claro que voc\u00ea deve tirar alguns minutinhos do dia para dar uma pausa, seja para relaxar tomando um caf\u00e9 ou apenas se alongando. Por\u00e9m, fa\u00e7a o c\u00e1lculo de quanto tempo perde checando as redes sociais e aplicativos que n\u00e3o s\u00e3o relacionados ao seu trabalho. Economize tempo, pois quanto mais tempo voc\u00ea tiver de sobra, mas tempo ter\u00e1 para voc\u00ea!<\/p>\n<h2>Organize a sua vida fora do trabalho<\/h2>\n<p>Voc\u00ea \u00e9 super organizado no trabalho, anota todas as tarefas e reuni\u00f5es da semana? \u00d3timo, ent\u00e3o o planejamento profissional est\u00e1 ok. E como voc\u00ea est\u00e1 organizando sua vida fora do trabalho? Aplique sua organiza\u00e7\u00e3o \u00e0 sua vida pessoal tamb\u00e9m. Se voc\u00ea anota seus compromissos sociais, \u00e9 muito mais prov\u00e1vel que ir\u00e1 conseguir separar um tempo para isso. Da pr\u00f3xima vez que voc\u00ea encontrar um amigo, em vez de apenas dizer &#8220;vamos combinar um caf\u00e9&#8221;, j\u00e1 estabele\u00e7a uma data e hor\u00e1rio para assim conseguir cumpri-lo.<\/p>\n<p>Outra dica \u00e9 j\u00e1 planejar o seu final de semana com anteced\u00eancia. Se o seu objetivo \u00e9 apenas descansar, ent\u00e3o foque nisso. Se deseja combinar algo com seus amigos, coloque na agenda. Saiba organizar e planejar os seus compromissos pessoais, assim como faz com suas tarefas profissionais. Se voc\u00ea n\u00e3o tiver nada marcado, ser\u00e1 muito mais f\u00e1cil arranjar desculpas para trabalhar, e quando perceber, mais um final de semana acabou e voc\u00ea n\u00e3o teve tempo para descansar ou aproveitar da forma como gostaria.<\/p>\n<h2>Use seu trajeto<\/h2>\n<p><strong>Se voc\u00ea utiliza \u00f4nibus<\/strong> como meio de transporte at\u00e9 o local de trabalho, que tal tirar esse tempo at\u00e9 chegar para ler um livro, responder seus e-mails ou apenas escutar uma boa m\u00fasica? Esses minutinhos antes e depois do trabalho, podem ajudar a reduzir o estresse e ajud\u00e1-lo a relaxar no final do dia.<\/p>\n<p><strong>Se voc\u00ea mora perto do local de trabalho<\/strong>, que tal ir a p\u00e9, aproveitando a natureza e fazendo uma caminhada? Usar a bicicleta tamb\u00e9m \u00e9 uma \u00f3tima maneira para se exercitar e cuidar da sa\u00fade enquanto faz o trajeto. Assim voc\u00ea economiza custos com mensalidades de academia e tempo \u00e0 noite que poderia gastar com outros afazeres. Ah, lembre-se de que uma boa rotina de exerc\u00edcios e alimenta\u00e7\u00e3o saud\u00e1vel podem deixar seus dias mais produtivos, j\u00e1 que aumentam sua energia e aten\u00e7\u00e3o!<\/p>\n<p><strong>Se voc\u00ea utiliza o carro<\/strong>, dirigir para o trabalho pode exigir concentra\u00e7\u00e3o na estrada, por isso a dica \u00e9 investir em alguns livros em \u00e1udio.<\/p>\n<h2>Exercite a flexibilidade<\/h2>\n<p>Voc\u00ea deve ser firme nos seus objetivos profissionais e n\u00e3o abrir m\u00e3o de seus princ\u00edpios, por\u00e9m, n\u00e3o se torne escravo da agenda. Saiba separar e equilibrar suas tarefas e compromissos, pois o sucesso na vida profissional nunca ir\u00e1 compensar o fracasso na vida pessoal.<\/p>\n<h2>Seja otimista<\/h2>\n<p>Seja otimista e pense positivo, pois para tudo na vida existe uma ou mais sa\u00eddas. V\u00e1 com calma, e tente melhorar a cada dia. Encare seus problemas como desafios, sempre sob um olhos otimista.<\/p>\n<p>Por fim, lembre-se que uma situa\u00e7\u00e3o de desequil\u00edbrio e desconforto n\u00e3o \u00e9 para sempre, as crises oscilam e aqueles que mant\u00eam tranquilidade e serenidade prosperam. Aprenda com a natureza: quando o sol nasce, todos os seres vivos acordam, respiram fundo e se preparam para mais um dia, com o objetivo de garantir sua sobreviv\u00eancia. No fim do dia, todos eles sabem que devem voltar para casa, at\u00e9 mesmo os p\u00e1ssaros, animais e plantas noturnas. Eles sabem que precisam descansar e repor as energias, assim como n\u00f3s.<\/p>\n<p>Esperamos que as dicas possam ajudar! Se voc\u00ea gostou do artigo, deixe seu coment\u00e1rio!<\/p>\n<p>Prime Cursos<\/p>\n<p>&nbsp;<\/p>\n","protected":false},"excerpt":{"rendered":"<p>Muitas pessoas nos enviam e-mails e coment\u00e1rios com a seguinte d\u00favida: &#8220;o que posso fazer para equilibrar minha&#8230;<\/p>\n","protected":false},"author":4,"featured_media":4329,"comment_status":"open","ping_status":"open","sticky":false,"template":"","format":"standard","meta":{"_kad_blocks_custom_css":"","_kad_blocks_head_custom_js":"","_kad_blocks_body_custom_js":"","_kad_blocks_footer_custom_js":"","_kadence_starter_templates_imported_post":false,"_kad_post_transparent":"","_kad_post_title":"","_kad_post_layout":"","_kad_post_sidebar_id":"","_kad_post_content_style":"","_kad_post_vertical_padding":"","_kad_post_feature":"","_kad_post_feature_position":"","_kad_post_header":false,"_kad_post_footer":false,"_kad_post_classname":"","footnotes":""},"categories":[1,120],"tags":[8,7],"class_list":["post-4287","post","type-post","status-publish","format-standard","has-post-thumbnail","hentry","category-artigos","category-tutoriais","tag-carreira","tag-mercado-de-trabalho"],"yoast_head":"<!-- This site is optimized with the Yoast SEO plugin v27.5 - https:\/\/yoast.com\/product\/yoast-seo-wordpress\/ -->\n<title>Como ter equil\u00edbrio na vida pessoal e profissional | Prime Cursos<\/title>\n<meta name=\"description\" content=\"Muitas pessoas nos enviam e-mails e coment\u00e1rios com a seguinte d\u00favida: &quot;o que posso fazer para equilibrar minha vida pessoal com a profissional?&quot;. Com a\" \/>\n<meta name=\"robots\" content=\"index, follow, max-snippet:-1, max-image-preview:large, max-video-preview:-1\" \/>\n<link rel=\"canonical\" href=\"https:\/\/www.primecursos.com.br\/blog\/como-ter-equilibrio-na-vida-pessoal-e-profissional\/\" \/>\n<meta property=\"og:locale\" content=\"pt_BR\" \/>\n<meta property=\"og:type\" content=\"article\" \/>\n<meta property=\"og:title\" content=\"Como ter equil\u00edbrio na vida pessoal e profissional | Prime Cursos\" \/>\n<meta property=\"og:description\" content=\"Muitas pessoas nos enviam e-mails e coment\u00e1rios com a seguinte d\u00favida: &quot;o que posso fazer para equilibrar minha vida pessoal com a profissional?&quot;. Com a\" \/>\n<meta property=\"og:url\" content=\"https:\/\/www.primecursos.com.br\/blog\/como-ter-equilibrio-na-vida-pessoal-e-profissional\/\" \/>\n<meta property=\"og:site_name\" content=\"Prime Cursos\" \/>\n<meta property=\"article:publisher\" content=\"https:\/\/www.facebook.com\/primecursos\/\" \/>\n<meta property=\"article:published_time\" content=\"2018-03-28T13:25:01+00:00\" \/>\n<meta property=\"article:modified_time\" content=\"2020-04-25T15:54:49+00:00\" \/>\n<meta property=\"og:image\" content=\"https:\/\/www.primecursos.com.br\/blog\/wp-content\/uploads\/2018\/03\/profissional-1.jpg\" \/>\n\t<meta property=\"og:image:width\" content=\"768\" \/>\n\t<meta property=\"og:image:height\" content=\"511\" \/>\n\t<meta property=\"og:image:type\" content=\"image\/jpeg\" \/>\n<meta name=\"author\" content=\"Prime Cursos\" \/>\n<meta name=\"twitter:label1\" content=\"Escrito por\" \/>\n\t<meta name=\"twitter:data1\" content=\"Prime Cursos\" \/>\n\t<meta name=\"twitter:label2\" content=\"Est. tempo de leitura\" \/>\n\t<meta name=\"twitter:data2\" content=\"4 minutos\" \/>\n<script type=\"application\/ld+json\" class=\"yoast-schema-graph\">{\"@context\":\"https:\\\/\\\/schema.org\",\"@graph\":[{\"@type\":\"Article\",\"@id\":\"https:\\\/\\\/www.primecursos.com.br\\\/blog\\\/como-ter-equilibrio-na-vida-pessoal-e-profissional\\\/#article\",\"isPartOf\":{\"@id\":\"https:\\\/\\\/www.primecursos.com.br\\\/blog\\\/como-ter-equilibrio-na-vida-pessoal-e-profissional\\\/\"},\"author\":{\"name\":\"Prime Cursos\",\"@id\":\"https:\\\/\\\/www.primecursos.com.br\\\/blog\\\/#\\\/schema\\\/person\\\/bae8996a583c53ecdfb83f6d5e057bc1\"},\"headline\":\"Como ter equil\u00edbrio na vida pessoal e profissional\",\"datePublished\":\"2018-03-28T13:25:01+00:00\",\"dateModified\":\"2020-04-25T15:54:49+00:00\",\"mainEntityOfPage\":{\"@id\":\"https:\\\/\\\/www.primecursos.com.br\\\/blog\\\/como-ter-equilibrio-na-vida-pessoal-e-profissional\\\/\"},\"wordCount\":904,\"commentCount\":19,\"publisher\":{\"@id\":\"https:\\\/\\\/www.primecursos.com.br\\\/blog\\\/#organization\"},\"image\":{\"@id\":\"https:\\\/\\\/www.primecursos.com.br\\\/blog\\\/como-ter-equilibrio-na-vida-pessoal-e-profissional\\\/#primaryimage\"},\"thumbnailUrl\":\"https:\\\/\\\/www.primecursos.com.br\\\/blog\\\/wp-content\\\/uploads\\\/2018\\\/03\\\/profissional-1.jpg\",\"keywords\":[\"Carreira\",\"Mercado de Trabalho\"],\"articleSection\":[\"Artigos\",\"Tutoriais\"],\"inLanguage\":\"pt-BR\",\"potentialAction\":[{\"@type\":\"CommentAction\",\"name\":\"Comment\",\"target\":[\"https:\\\/\\\/www.primecursos.com.br\\\/blog\\\/como-ter-equilibrio-na-vida-pessoal-e-profissional\\\/#respond\"]}]},{\"@type\":\"WebPage\",\"@id\":\"https:\\\/\\\/www.primecursos.com.br\\\/blog\\\/como-ter-equilibrio-na-vida-pessoal-e-profissional\\\/\",\"url\":\"https:\\\/\\\/www.primecursos.com.br\\\/blog\\\/como-ter-equilibrio-na-vida-pessoal-e-profissional\\\/\",\"name\":\"Como ter equil\u00edbrio na vida pessoal e profissional | Prime Cursos\",\"isPartOf\":{\"@id\":\"https:\\\/\\\/www.primecursos.com.br\\\/blog\\\/#website\"},\"primaryImageOfPage\":{\"@id\":\"https:\\\/\\\/www.primecursos.com.br\\\/blog\\\/como-ter-equilibrio-na-vida-pessoal-e-profissional\\\/#primaryimage\"},\"image\":{\"@id\":\"https:\\\/\\\/www.primecursos.com.br\\\/blog\\\/como-ter-equilibrio-na-vida-pessoal-e-profissional\\\/#primaryimage\"},\"thumbnailUrl\":\"https:\\\/\\\/www.primecursos.com.br\\\/blog\\\/wp-content\\\/uploads\\\/2018\\\/03\\\/profissional-1.jpg\",\"datePublished\":\"2018-03-28T13:25:01+00:00\",\"dateModified\":\"2020-04-25T15:54:49+00:00\",\"description\":\"Muitas pessoas nos enviam e-mails e coment\u00e1rios com a seguinte d\u00favida: \\\"o que posso fazer para equilibrar minha vida pessoal com a profissional?\\\". Com a\",\"breadcrumb\":{\"@id\":\"https:\\\/\\\/www.primecursos.com.br\\\/blog\\\/como-ter-equilibrio-na-vida-pessoal-e-profissional\\\/#breadcrumb\"},\"inLanguage\":\"pt-BR\",\"potentialAction\":[{\"@type\":\"ReadAction\",\"target\":[\"https:\\\/\\\/www.primecursos.com.br\\\/blog\\\/como-ter-equilibrio-na-vida-pessoal-e-profissional\\\/\"]}]},{\"@type\":\"ImageObject\",\"inLanguage\":\"pt-BR\",\"@id\":\"https:\\\/\\\/www.primecursos.com.br\\\/blog\\\/como-ter-equilibrio-na-vida-pessoal-e-profissional\\\/#primaryimage\",\"url\":\"https:\\\/\\\/www.primecursos.com.br\\\/blog\\\/wp-content\\\/uploads\\\/2018\\\/03\\\/profissional-1.jpg\",\"contentUrl\":\"https:\\\/\\\/www.primecursos.com.br\\\/blog\\\/wp-content\\\/uploads\\\/2018\\\/03\\\/profissional-1.jpg\",\"width\":768,\"height\":511},{\"@type\":\"BreadcrumbList\",\"@id\":\"https:\\\/\\\/www.primecursos.com.br\\\/blog\\\/como-ter-equilibrio-na-vida-pessoal-e-profissional\\\/#breadcrumb\",\"itemListElement\":[{\"@type\":\"ListItem\",\"position\":1,\"name\":\"In\u00edcio\",\"item\":\"https:\\\/\\\/www.primecursos.com.br\\\/blog\\\/\"},{\"@type\":\"ListItem\",\"position\":2,\"name\":\"Artigos\",\"item\":\"https:\\\/\\\/www.primecursos.com.br\\\/blog\\\/artigos\\\/\"},{\"@type\":\"ListItem\",\"position\":3,\"name\":\"Como ter equil\u00edbrio na vida pessoal e profissional\"}]},{\"@type\":\"WebSite\",\"@id\":\"https:\\\/\\\/www.primecursos.com.br\\\/blog\\\/#website\",\"url\":\"https:\\\/\\\/www.primecursos.com.br\\\/blog\\\/\",\"name\":\"Prime Cursos\",\"description\":\"Cursos gr\u00e1tis com certificado v\u00e1lido\",\"publisher\":{\"@id\":\"https:\\\/\\\/www.primecursos.com.br\\\/blog\\\/#organization\"},\"potentialAction\":[{\"@type\":\"SearchAction\",\"target\":{\"@type\":\"EntryPoint\",\"urlTemplate\":\"https:\\\/\\\/www.primecursos.com.br\\\/blog\\\/?s={search_term_string}\"},\"query-input\":{\"@type\":\"PropertyValueSpecification\",\"valueRequired\":true,\"valueName\":\"search_term_string\"}}],\"inLanguage\":\"pt-BR\"},{\"@type\":\"Organization\",\"@id\":\"https:\\\/\\\/www.primecursos.com.br\\\/blog\\\/#organization\",\"name\":\"Prime Cursos Online\",\"url\":\"https:\\\/\\\/www.primecursos.com.br\\\/blog\\\/\",\"logo\":{\"@type\":\"ImageObject\",\"inLanguage\":\"pt-BR\",\"@id\":\"https:\\\/\\\/www.primecursos.com.br\\\/blog\\\/#\\\/schema\\\/logo\\\/image\\\/\",\"url\":\"https:\\\/\\\/www.primecursos.com.br\\\/blog\\\/wp-content\\\/uploads\\\/2018\\\/03\\\/prime-cursos-gratis-online-logo-070318b-1.png\",\"contentUrl\":\"https:\\\/\\\/www.primecursos.com.br\\\/blog\\\/wp-content\\\/uploads\\\/2018\\\/03\\\/prime-cursos-gratis-online-logo-070318b-1.png\",\"width\":330,\"height\":80,\"caption\":\"Prime Cursos Online\"},\"image\":{\"@id\":\"https:\\\/\\\/www.primecursos.com.br\\\/blog\\\/#\\\/schema\\\/logo\\\/image\\\/\"},\"sameAs\":[\"https:\\\/\\\/www.facebook.com\\\/primecursos\\\/\",\"https:\\\/\\\/x.com\\\/primecursosbr\"]},{\"@type\":\"Person\",\"@id\":\"https:\\\/\\\/www.primecursos.com.br\\\/blog\\\/#\\\/schema\\\/person\\\/bae8996a583c53ecdfb83f6d5e057bc1\",\"name\":\"Prime Cursos\",\"image\":{\"@type\":\"ImageObject\",\"inLanguage\":\"pt-BR\",\"@id\":\"https:\\\/\\\/secure.gravatar.com\\\/avatar\\\/93f096802631e10882ddc586d19be9df70f23a82a91f309ccc98e708c6d98c4b?s=96&d=mm&r=g\",\"url\":\"https:\\\/\\\/secure.gravatar.com\\\/avatar\\\/93f096802631e10882ddc586d19be9df70f23a82a91f309ccc98e708c6d98c4b?s=96&d=mm&r=g\",\"contentUrl\":\"https:\\\/\\\/secure.gravatar.com\\\/avatar\\\/93f096802631e10882ddc586d19be9df70f23a82a91f309ccc98e708c6d98c4b?s=96&d=mm&r=g\",\"caption\":\"Prime Cursos\"},\"url\":\"https:\\\/\\\/www.primecursos.com.br\\\/blog\\\/author\\\/ticivitoria\\\/\"}]}<\/script>\n<!-- \/ Yoast SEO plugin. -->","yoast_head_json":{"title":"Como ter equil\u00edbrio na vida pessoal e profissional | Prime Cursos","description":"Muitas pessoas nos enviam e-mails e coment\u00e1rios com a seguinte d\u00favida: \"o que posso fazer para equilibrar minha vida pessoal com a profissional?\". Com a","robots":{"index":"index","follow":"follow","max-snippet":"max-snippet:-1","max-image-preview":"max-image-preview:large","max-video-preview":"max-video-preview:-1"},"canonical":"https:\/\/www.primecursos.com.br\/blog\/como-ter-equilibrio-na-vida-pessoal-e-profissional\/","og_locale":"pt_BR","og_type":"article","og_title":"Como ter equil\u00edbrio na vida pessoal e profissional | Prime Cursos","og_description":"Muitas pessoas nos enviam e-mails e coment\u00e1rios com a seguinte d\u00favida: \"o que posso fazer para equilibrar minha vida pessoal com a profissional?\". Com a","og_url":"https:\/\/www.primecursos.com.br\/blog\/como-ter-equilibrio-na-vida-pessoal-e-profissional\/","og_site_name":"Prime Cursos","article_publisher":"https:\/\/www.facebook.com\/primecursos\/","article_published_time":"2018-03-28T13:25:01+00:00","article_modified_time":"2020-04-25T15:54:49+00:00","og_image":[{"width":768,"height":511,"url":"https:\/\/www.primecursos.com.br\/blog\/wp-content\/uploads\/2018\/03\/profissional-1.jpg","type":"image\/jpeg"}],"author":"Prime Cursos","twitter_misc":{"Escrito por":"Prime Cursos","Est. tempo de leitura":"4 minutos"},"schema":{"@context":"https:\/\/schema.org","@graph":[{"@type":"Article","@id":"https:\/\/www.primecursos.com.br\/blog\/como-ter-equilibrio-na-vida-pessoal-e-profissional\/#article","isPartOf":{"@id":"https:\/\/www.primecursos.com.br\/blog\/como-ter-equilibrio-na-vida-pessoal-e-profissional\/"},"author":{"name":"Prime Cursos","@id":"https:\/\/www.primecursos.com.br\/blog\/#\/schema\/person\/bae8996a583c53ecdfb83f6d5e057bc1"},"headline":"Como ter equil\u00edbrio na vida pessoal e profissional","datePublished":"2018-03-28T13:25:01+00:00","dateModified":"2020-04-25T15:54:49+00:00","mainEntityOfPage":{"@id":"https:\/\/www.primecursos.com.br\/blog\/como-ter-equilibrio-na-vida-pessoal-e-profissional\/"},"wordCount":904,"commentCount":19,"publisher":{"@id":"https:\/\/www.primecursos.com.br\/blog\/#organization"},"image":{"@id":"https:\/\/www.primecursos.com.br\/blog\/como-ter-equilibrio-na-vida-pessoal-e-profissional\/#primaryimage"},"thumbnailUrl":"https:\/\/www.primecursos.com.br\/blog\/wp-content\/uploads\/2018\/03\/profissional-1.jpg","keywords":["Carreira","Mercado de Trabalho"],"articleSection":["Artigos","Tutoriais"],"inLanguage":"pt-BR","potentialAction":[{"@type":"CommentAction","name":"Comment","target":["https:\/\/www.primecursos.com.br\/blog\/como-ter-equilibrio-na-vida-pessoal-e-profissional\/#respond"]}]},{"@type":"WebPage","@id":"https:\/\/www.primecursos.com.br\/blog\/como-ter-equilibrio-na-vida-pessoal-e-profissional\/","url":"https:\/\/www.primecursos.com.br\/blog\/como-ter-equilibrio-na-vida-pessoal-e-profissional\/","name":"Como ter equil\u00edbrio na vida pessoal e profissional | Prime Cursos","isPartOf":{"@id":"https:\/\/www.primecursos.com.br\/blog\/#website"},"primaryImageOfPage":{"@id":"https:\/\/www.primecursos.com.br\/blog\/como-ter-equilibrio-na-vida-pessoal-e-profissional\/#primaryimage"},"image":{"@id":"https:\/\/www.primecursos.com.br\/blog\/como-ter-equilibrio-na-vida-pessoal-e-profissional\/#primaryimage"},"thumbnailUrl":"https:\/\/www.primecursos.com.br\/blog\/wp-content\/uploads\/2018\/03\/profissional-1.jpg","datePublished":"2018-03-28T13:25:01+00:00","dateModified":"2020-04-25T15:54:49+00:00","description":"Muitas pessoas nos enviam e-mails e coment\u00e1rios com a seguinte d\u00favida: \"o que posso fazer para equilibrar minha vida pessoal com a profissional?\". Com a","breadcrumb":{"@id":"https:\/\/www.primecursos.com.br\/blog\/como-ter-equilibrio-na-vida-pessoal-e-profissional\/#breadcrumb"},"inLanguage":"pt-BR","potentialAction":[{"@type":"ReadAction","target":["https:\/\/www.primecursos.com.br\/blog\/como-ter-equilibrio-na-vida-pessoal-e-profissional\/"]}]},{"@type":"ImageObject","inLanguage":"pt-BR","@id":"https:\/\/www.primecursos.com.br\/blog\/como-ter-equilibrio-na-vida-pessoal-e-profissional\/#primaryimage","url":"https:\/\/www.primecursos.com.br\/blog\/wp-content\/uploads\/2018\/03\/profissional-1.jpg","contentUrl":"https:\/\/www.primecursos.com.br\/blog\/wp-content\/uploads\/2018\/03\/profissional-1.jpg","width":768,"height":511},{"@type":"BreadcrumbList","@id":"https:\/\/www.primecursos.com.br\/blog\/como-ter-equilibrio-na-vida-pessoal-e-profissional\/#breadcrumb","itemListElement":[{"@type":"ListItem","position":1,"name":"In\u00edcio","item":"https:\/\/www.primecursos.com.br\/blog\/"},{"@type":"ListItem","position":2,"name":"Artigos","item":"https:\/\/www.primecursos.com.br\/blog\/artigos\/"},{"@type":"ListItem","position":3,"name":"Como ter equil\u00edbrio na vida pessoal e profissional"}]},{"@type":"WebSite","@id":"https:\/\/www.primecursos.com.br\/blog\/#website","url":"https:\/\/www.primecursos.com.br\/blog\/","name":"Prime Cursos","description":"Cursos gr\u00e1tis com certificado v\u00e1lido","publisher":{"@id":"https:\/\/www.primecursos.com.br\/blog\/#organization"},"potentialAction":[{"@type":"SearchAction","target":{"@type":"EntryPoint","urlTemplate":"https:\/\/www.primecursos.com.br\/blog\/?s={search_term_string}"},"query-input":{"@type":"PropertyValueSpecification","valueRequired":true,"valueName":"search_term_string"}}],"inLanguage":"pt-BR"},{"@type":"Organization","@id":"https:\/\/www.primecursos.com.br\/blog\/#organization","name":"Prime Cursos Online","url":"https:\/\/www.primecursos.com.br\/blog\/","logo":{"@type":"ImageObject","inLanguage":"pt-BR","@id":"https:\/\/www.primecursos.com.br\/blog\/#\/schema\/logo\/image\/","url":"https:\/\/www.primecursos.com.br\/blog\/wp-content\/uploads\/2018\/03\/prime-cursos-gratis-online-logo-070318b-1.png","contentUrl":"https:\/\/www.primecursos.com.br\/blog\/wp-content\/uploads\/2018\/03\/prime-cursos-gratis-online-logo-070318b-1.png","width":330,"height":80,"caption":"Prime Cursos Online"},"image":{"@id":"https:\/\/www.primecursos.com.br\/blog\/#\/schema\/logo\/image\/"},"sameAs":["https:\/\/www.facebook.com\/primecursos\/","https:\/\/x.com\/primecursosbr"]},{"@type":"Person","@id":"https:\/\/www.primecursos.com.br\/blog\/#\/schema\/person\/bae8996a583c53ecdfb83f6d5e057bc1","name":"Prime Cursos","image":{"@type":"ImageObject","inLanguage":"pt-BR","@id":"https:\/\/secure.gravatar.com\/avatar\/93f096802631e10882ddc586d19be9df70f23a82a91f309ccc98e708c6d98c4b?s=96&d=mm&r=g","url":"https:\/\/secure.gravatar.com\/avatar\/93f096802631e10882ddc586d19be9df70f23a82a91f309ccc98e708c6d98c4b?s=96&d=mm&r=g","contentUrl":"https:\/\/secure.gravatar.com\/avatar\/93f096802631e10882ddc586d19be9df70f23a82a91f309ccc98e708c6d98c4b?s=96&d=mm&r=g","caption":"Prime Cursos"},"url":"https:\/\/www.primecursos.com.br\/blog\/author\/ticivitoria\/"}]}},"taxonomy_info":{"category":[{"value":1,"label":"Artigos"},{"value":120,"label":"Tutoriais"}],"post_tag":[{"value":8,"label":"Carreira"},{"value":7,"label":"Mercado de Trabalho"}]},"featured_image_src_large":["https:\/\/www.primecursos.com.br\/blog\/wp-content\/uploads\/2018\/03\/profissional-1.jpg",768,511,false],"author_info":{"display_name":"Prime Cursos","author_link":"https:\/\/www.primecursos.com.br\/blog\/author\/ticivitoria\/"},"comment_info":19,"category_info":[{"term_id":1,"name":"Artigos","slug":"artigos","term_group":0,"term_taxonomy_id":1,"taxonomy":"category","description":"","parent":0,"count":983,"filter":"raw","cat_ID":1,"category_count":983,"category_description":"","cat_name":"Artigos","category_nicename":"artigos","category_parent":0},{"term_id":120,"name":"Tutoriais","slug":"tutoriais","term_group":0,"term_taxonomy_id":120,"taxonomy":"category","description":"","parent":0,"count":44,"filter":"raw","cat_ID":120,"category_count":44,"category_description":"","cat_name":"Tutoriais","category_nicename":"tutoriais","category_parent":0}],"tag_info":[{"term_id":8,"name":"Carreira","slug":"carreira","term_group":0,"term_taxonomy_id":8,"taxonomy":"post_tag","description":"","parent":0,"count":157,"filter":"raw"},{"term_id":7,"name":"Mercado de Trabalho","slug":"mercado-de-trabalho","term_group":0,"term_taxonomy_id":7,"taxonomy":"post_tag","description":"","parent":0,"count":119,"filter":"raw"}],"_links":{"self":[{"href":"https:\/\/www.primecursos.com.br\/blog\/wp-json\/wp\/v2\/posts\/4287","targetHints":{"allow":["GET"]}}],"collection":[{"href":"https:\/\/www.primecursos.com.br\/blog\/wp-json\/wp\/v2\/posts"}],"about":[{"href":"https:\/\/www.primecursos.com.br\/blog\/wp-json\/wp\/v2\/types\/post"}],"author":[{"embeddable":true,"href":"https:\/\/www.primecursos.com.br\/blog\/wp-json\/wp\/v2\/users\/4"}],"replies":[{"embeddable":true,"href":"https:\/\/www.primecursos.com.br\/blog\/wp-json\/wp\/v2\/comments?post=4287"}],"version-history":[{"count":0,"href":"https:\/\/www.primecursos.com.br\/blog\/wp-json\/wp\/v2\/posts\/4287\/revisions"}],"wp:featuredmedia":[{"embeddable":true,"href":"https:\/\/www.primecursos.com.br\/blog\/wp-json\/wp\/v2\/media\/4329"}],"wp:attachment":[{"href":"https:\/\/www.primecursos.com.br\/blog\/wp-json\/wp\/v2\/media?parent=4287"}],"wp:term":[{"taxonomy":"category","embeddable":true,"href":"https:\/\/www.primecursos.com.br\/blog\/wp-json\/wp\/v2\/categories?post=4287"},{"taxonomy":"post_tag","embeddable":true,"href":"https:\/\/www.primecursos.com.br\/blog\/wp-json\/wp\/v2\/tags?post=4287"}],"curies":[{"name":"wp","href":"https:\/\/api.w.org\/{rel}","templated":true}]}}