{"id":4439,"date":"2018-05-07T14:22:04","date_gmt":"2018-05-07T14:22:04","guid":{"rendered":"https:\/\/www.primecursos.com.br\/blog\/?p=4439"},"modified":"2020-04-25T15:52:34","modified_gmt":"2020-04-25T15:52:34","slug":"5-dicas-para-preservar-sua-imagem-na-empresa","status":"publish","type":"post","link":"https:\/\/www.primecursos.com.br\/blog\/5-dicas-para-preservar-sua-imagem-na-empresa\/","title":{"rendered":"5 dicas para preservar sua imagem profissional"},"content":{"rendered":"<p>Algumas atitudes, que parecem ser inofensivas, podem pegar mal no ambiente de trabalho e at\u00e9 mudar a maneira que as pessoas olham para voc\u00ea. Dentro do ambiente profissional, \u00e9 preciso cuidar com o que faz, o que fala, e tamb\u00e9m o jeito de se expressar. Por isso, veja algumas dicas para preservar sua imagem profissional no dia a dia de trabalho:<\/p>\n<h2>Abaixe ou desligue o celular<\/h2>\n<p>Apesar de clich\u00ea, essa dica \u00e9 muito importante, j\u00e1 que muitos profissionais ainda n\u00e3o a seguem. Deixe o seu celular no modo silencioso, e apenas atenda alguma liga\u00e7\u00e3o se for algo muito importante, principalmente em reuni\u00f5es. Se realmente precisar, antes mesmo da reuni\u00e3o avise que talvez tenha de atender a uma chamada. E sim, mesmo que o uso seja permitido na sua empresa, evite utilizar o celular e foque no trabalho.<\/p>\n<h2>N\u00e3o atenda o celular do colega<\/h2>\n<p>O celular do seu colega est\u00e1 tocando direto. Voc\u00ea atende ou espera ele chegar? A d\u00favida \u00e9 comum, por\u00e9m o correto \u00e9 n\u00e3o atender. O celular \u00e9 um aparelho pessoal e nunca deve ser atendido por outra pessoa, apenas \u00e9 claro, se o dono pedir formalmente. Para ser um bom colega no trabalho &#8211; e na vida pessoal tamb\u00e9m &#8211; coloque-se sempre no lugar do outro, e pergunte a si mesmo &#8220;eu gostaria que fizessem isso comigo? Eu gostaria que falassem isso de mim?&#8221;.<\/p>\n<p><img decoding=\"async\" class=\"aligncenter size-full wp-image-4444\" src=\"https:\/\/www.primecursos.com.br\/blog\/wp-content\/uploads\/2018\/05\/imagem-profissional.jpg\" alt=\"\" width=\"768\" height=\"512\" srcset=\"https:\/\/www.primecursos.com.br\/blog\/wp-content\/uploads\/2018\/05\/imagem-profissional.jpg 768w, https:\/\/www.primecursos.com.br\/blog\/wp-content\/uploads\/2018\/05\/imagem-profissional-696x464.jpg 696w, https:\/\/www.primecursos.com.br\/blog\/wp-content\/uploads\/2018\/05\/imagem-profissional-630x420.jpg 630w, https:\/\/www.primecursos.com.br\/blog\/wp-content\/uploads\/2018\/05\/imagem-profissional-300x200.jpg 300w, https:\/\/www.primecursos.com.br\/blog\/wp-content\/uploads\/2018\/05\/imagem-profissional-422x281.jpg 422w\" sizes=\"(max-width: 768px) 100vw, 768px\" \/><\/p>\n<h2>Cuidado com as redes sociais<\/h2>\n<p>Infelizmente, as redes sociais podem atrapalhar a sua imagem no ambiente profissional. Em primeiro lugar, evite sair adicionado todas as pessoas do trabalho. Se voc\u00ea utilizar uma rede social profissional, como o <a href=\"https:\/\/br.linkedin.com\/\" target=\"_blank\" rel=\"nofollow\"><em>LinkedIn<\/em><\/a>, tudo bem. Por\u00e9m em outras redes sociais, deixe para adicionar apenas amigos e familiares. Cuidado tamb\u00e9m com o que posta, o que curte e o que compartilha. N\u00e3o fa\u00e7a coment\u00e1rios relacionados ao trabalho ou \u00e0 empresa nas redes sociais, mesmo aqueles considerados como &#8220;brincadeira&#8221;. Durante o hor\u00e1rio de trabalho, evite utilizar as redes sociais. Deixe para acessar no intervalo ou fora da empresa. N\u00e3o \u00e9 legal que outras pessoas vejam voc\u00ea curtindo, comentando ou compartilhando coisas enquanto deveria estar trabalhando.<\/p>\n<h2>Lembre-se de que voc\u00ea est\u00e1 sendo observado<\/h2>\n<p>Muitas vezes, as pessoas acabam se esquecendo de que est\u00e3o num ambiente profissional e que est\u00e3o sendo observadas, em todas as suas atitudes. O que voc\u00ea fala, o jeito que se expressa, suas dicas e ideias, e at\u00e9 o que voc\u00ea curte, comenta e compartilha nas redes sociais, assim como j\u00e1 falamos na dica anterior. Cuidado para n\u00e3o cair em contradi\u00e7\u00e3o! Imagine a seguinte situa\u00e7\u00e3o: voc\u00ea recusou um convite para uma reuni\u00e3o ou para um almo\u00e7o, afirmando que tinha outro compromisso, mas acaba compartilhando outras informa\u00e7\u00f5es nas redes sociais. Quando estiver no trabalho, foque nisso. N\u00e3o minta, nem fa\u00e7a fofoca, achando que seus colegas ou superiores n\u00e3o v\u00e3o descobrir. O que voc\u00ea fala sobre outra pessoa, diz muito sobre voc\u00ea. Ent\u00e3o, novamente, lembre-se de que voc\u00ea est\u00e1 sempre sendo observado.<\/p>\n<p><img decoding=\"async\" class=\"aligncenter size-full wp-image-4445\" src=\"https:\/\/www.primecursos.com.br\/blog\/wp-content\/uploads\/2018\/05\/imagem-profissional-1.jpg\" alt=\"\" width=\"768\" height=\"513\" srcset=\"https:\/\/www.primecursos.com.br\/blog\/wp-content\/uploads\/2018\/05\/imagem-profissional-1.jpg 768w, https:\/\/www.primecursos.com.br\/blog\/wp-content\/uploads\/2018\/05\/imagem-profissional-1-300x200.jpg 300w, https:\/\/www.primecursos.com.br\/blog\/wp-content\/uploads\/2018\/05\/imagem-profissional-1-422x281.jpg 422w\" sizes=\"(max-width: 768px) 100vw, 768px\" \/><\/p>\n<h2>Evite coment\u00e1rios negativos<\/h2>\n<p>Por mais que apare\u00e7a alguma situa\u00e7\u00e3o dif\u00edcil, reuni\u00e3o chata ou at\u00e9 um coment\u00e1rio negativo de um colega de trabalho ou do chefe, evite comentar sobre isso dentro do ambiente de trabalho. Jamais fale de outras pessoas, e cuidado com os coment\u00e1rios e a maneira que voc\u00ea se expressa. Piadas devem ser evitadas e brincadeiras devem ser feitas com modera\u00e7\u00e3o, desde que n\u00e3o estejam relacionadas \u00e0 pessoas ou que transmitam insatisfa\u00e7\u00e3o com o trabalho. Imagine a seguinte situa\u00e7\u00e3o: um colega vai tirar f\u00e9rias e voc\u00ea fala, sem querer, que ele \u00e9 sortudo. Parece uma simples brincadeira, certo? Por\u00e9m, algu\u00e9m pode entender que voc\u00ea n\u00e3o est\u00e1 feliz no trabalho. Simples palavras podem comprometer a sua imagem, por isso, pense muito bem antes de falar.<\/p>\n<p>Veja abaixo um v\u00eddeo muito interessante sobre postura profissional:<\/p>\n<p><iframe src=\"https:\/\/www.youtube.com\/embed\/351_-FkKIV4\" width=\"560\" height=\"315\" frameborder=\"0\" allowfullscreen=\"allowfullscreen\"><\/iframe><\/p>\n<p>Por fim, lembre-se de ser voc\u00ea mesmo, ter educa\u00e7\u00e3o, \u00e9tica profissional, e tratar todos com respeito.<\/p>\n<p>Se voc\u00ea gostou do artigo de hoje, deixe seu coment\u00e1rio!<\/p>\n<p>Prime Cursos<\/p>\n","protected":false},"excerpt":{"rendered":"<p>Algumas atitudes, que parecem ser inofensivas, podem pegar mal no ambiente de trabalho e at\u00e9 mudar a maneira&#8230;<\/p>\n","protected":false},"author":4,"featured_media":4444,"comment_status":"open","ping_status":"open","sticky":false,"template":"","format":"standard","meta":{"_kad_blocks_custom_css":"","_kad_blocks_head_custom_js":"","_kad_blocks_body_custom_js":"","_kad_blocks_footer_custom_js":"","_kadence_starter_templates_imported_post":false,"_kad_post_transparent":"","_kad_post_title":"","_kad_post_layout":"","_kad_post_sidebar_id":"","_kad_post_content_style":"","_kad_post_vertical_padding":"","_kad_post_feature":"","_kad_post_feature_position":"","_kad_post_header":false,"_kad_post_footer":false,"_kad_post_classname":"","footnotes":""},"categories":[1,118],"tags":[8,7],"class_list":["post-4439","post","type-post","status-publish","format-standard","has-post-thumbnail","hentry","category-artigos","category-dicas","tag-carreira","tag-mercado-de-trabalho"],"yoast_head":"<!-- This site is optimized with the Yoast SEO plugin v27.5 - https:\/\/yoast.com\/product\/yoast-seo-wordpress\/ -->\n<title>5 dicas para preservar sua imagem profissional | Prime Cursos<\/title>\n<meta name=\"description\" content=\"Algumas atitudes, que parecem ser inofensivas, podem pegar mal no ambiente de trabalho e at\u00e9 mudar a maneira que as pessoas olham para voc\u00ea. Dentro do\" \/>\n<meta name=\"robots\" content=\"index, follow, max-snippet:-1, max-image-preview:large, max-video-preview:-1\" \/>\n<link rel=\"canonical\" href=\"https:\/\/www.primecursos.com.br\/blog\/5-dicas-para-preservar-sua-imagem-na-empresa\/\" \/>\n<meta property=\"og:locale\" content=\"pt_BR\" \/>\n<meta property=\"og:type\" content=\"article\" \/>\n<meta property=\"og:title\" content=\"5 dicas para preservar sua imagem profissional | Prime Cursos\" \/>\n<meta property=\"og:description\" content=\"Algumas atitudes, que parecem ser inofensivas, podem pegar mal no ambiente de trabalho e at\u00e9 mudar a maneira que as pessoas olham para voc\u00ea. Dentro do\" \/>\n<meta property=\"og:url\" content=\"https:\/\/www.primecursos.com.br\/blog\/5-dicas-para-preservar-sua-imagem-na-empresa\/\" \/>\n<meta property=\"og:site_name\" content=\"Prime Cursos\" \/>\n<meta property=\"article:publisher\" content=\"https:\/\/www.facebook.com\/primecursos\/\" \/>\n<meta property=\"article:published_time\" content=\"2018-05-07T14:22:04+00:00\" \/>\n<meta property=\"article:modified_time\" content=\"2020-04-25T15:52:34+00:00\" \/>\n<meta property=\"og:image\" content=\"https:\/\/www.primecursos.com.br\/blog\/wp-content\/uploads\/2018\/05\/imagem-profissional.jpg\" \/>\n\t<meta property=\"og:image:width\" content=\"768\" \/>\n\t<meta property=\"og:image:height\" content=\"512\" \/>\n\t<meta property=\"og:image:type\" content=\"image\/jpeg\" \/>\n<meta name=\"author\" content=\"Prime Cursos\" \/>\n<meta name=\"twitter:label1\" content=\"Escrito por\" \/>\n\t<meta name=\"twitter:data1\" content=\"Prime Cursos\" \/>\n\t<meta name=\"twitter:label2\" content=\"Est. tempo de leitura\" \/>\n\t<meta name=\"twitter:data2\" content=\"3 minutos\" \/>\n<script type=\"application\/ld+json\" class=\"yoast-schema-graph\">{\"@context\":\"https:\\\/\\\/schema.org\",\"@graph\":[{\"@type\":\"Article\",\"@id\":\"https:\\\/\\\/www.primecursos.com.br\\\/blog\\\/5-dicas-para-preservar-sua-imagem-na-empresa\\\/#article\",\"isPartOf\":{\"@id\":\"https:\\\/\\\/www.primecursos.com.br\\\/blog\\\/5-dicas-para-preservar-sua-imagem-na-empresa\\\/\"},\"author\":{\"name\":\"Prime Cursos\",\"@id\":\"https:\\\/\\\/www.primecursos.com.br\\\/blog\\\/#\\\/schema\\\/person\\\/bae8996a583c53ecdfb83f6d5e057bc1\"},\"headline\":\"5 dicas para preservar sua imagem profissional\",\"datePublished\":\"2018-05-07T14:22:04+00:00\",\"dateModified\":\"2020-04-25T15:52:34+00:00\",\"mainEntityOfPage\":{\"@id\":\"https:\\\/\\\/www.primecursos.com.br\\\/blog\\\/5-dicas-para-preservar-sua-imagem-na-empresa\\\/\"},\"wordCount\":688,\"commentCount\":138,\"publisher\":{\"@id\":\"https:\\\/\\\/www.primecursos.com.br\\\/blog\\\/#organization\"},\"image\":{\"@id\":\"https:\\\/\\\/www.primecursos.com.br\\\/blog\\\/5-dicas-para-preservar-sua-imagem-na-empresa\\\/#primaryimage\"},\"thumbnailUrl\":\"https:\\\/\\\/www.primecursos.com.br\\\/blog\\\/wp-content\\\/uploads\\\/2018\\\/05\\\/imagem-profissional.jpg\",\"keywords\":[\"Carreira\",\"Mercado de Trabalho\"],\"articleSection\":[\"Artigos\",\"Dicas\"],\"inLanguage\":\"pt-BR\",\"potentialAction\":[{\"@type\":\"CommentAction\",\"name\":\"Comment\",\"target\":[\"https:\\\/\\\/www.primecursos.com.br\\\/blog\\\/5-dicas-para-preservar-sua-imagem-na-empresa\\\/#respond\"]}]},{\"@type\":\"WebPage\",\"@id\":\"https:\\\/\\\/www.primecursos.com.br\\\/blog\\\/5-dicas-para-preservar-sua-imagem-na-empresa\\\/\",\"url\":\"https:\\\/\\\/www.primecursos.com.br\\\/blog\\\/5-dicas-para-preservar-sua-imagem-na-empresa\\\/\",\"name\":\"5 dicas para preservar sua imagem profissional | Prime Cursos\",\"isPartOf\":{\"@id\":\"https:\\\/\\\/www.primecursos.com.br\\\/blog\\\/#website\"},\"primaryImageOfPage\":{\"@id\":\"https:\\\/\\\/www.primecursos.com.br\\\/blog\\\/5-dicas-para-preservar-sua-imagem-na-empresa\\\/#primaryimage\"},\"image\":{\"@id\":\"https:\\\/\\\/www.primecursos.com.br\\\/blog\\\/5-dicas-para-preservar-sua-imagem-na-empresa\\\/#primaryimage\"},\"thumbnailUrl\":\"https:\\\/\\\/www.primecursos.com.br\\\/blog\\\/wp-content\\\/uploads\\\/2018\\\/05\\\/imagem-profissional.jpg\",\"datePublished\":\"2018-05-07T14:22:04+00:00\",\"dateModified\":\"2020-04-25T15:52:34+00:00\",\"description\":\"Algumas atitudes, que parecem ser inofensivas, podem pegar mal no ambiente de trabalho e at\u00e9 mudar a maneira que as pessoas olham para voc\u00ea. Dentro do\",\"breadcrumb\":{\"@id\":\"https:\\\/\\\/www.primecursos.com.br\\\/blog\\\/5-dicas-para-preservar-sua-imagem-na-empresa\\\/#breadcrumb\"},\"inLanguage\":\"pt-BR\",\"potentialAction\":[{\"@type\":\"ReadAction\",\"target\":[\"https:\\\/\\\/www.primecursos.com.br\\\/blog\\\/5-dicas-para-preservar-sua-imagem-na-empresa\\\/\"]}]},{\"@type\":\"ImageObject\",\"inLanguage\":\"pt-BR\",\"@id\":\"https:\\\/\\\/www.primecursos.com.br\\\/blog\\\/5-dicas-para-preservar-sua-imagem-na-empresa\\\/#primaryimage\",\"url\":\"https:\\\/\\\/www.primecursos.com.br\\\/blog\\\/wp-content\\\/uploads\\\/2018\\\/05\\\/imagem-profissional.jpg\",\"contentUrl\":\"https:\\\/\\\/www.primecursos.com.br\\\/blog\\\/wp-content\\\/uploads\\\/2018\\\/05\\\/imagem-profissional.jpg\",\"width\":768,\"height\":512},{\"@type\":\"BreadcrumbList\",\"@id\":\"https:\\\/\\\/www.primecursos.com.br\\\/blog\\\/5-dicas-para-preservar-sua-imagem-na-empresa\\\/#breadcrumb\",\"itemListElement\":[{\"@type\":\"ListItem\",\"position\":1,\"name\":\"In\u00edcio\",\"item\":\"https:\\\/\\\/www.primecursos.com.br\\\/blog\\\/\"},{\"@type\":\"ListItem\",\"position\":2,\"name\":\"Artigos\",\"item\":\"https:\\\/\\\/www.primecursos.com.br\\\/blog\\\/artigos\\\/\"},{\"@type\":\"ListItem\",\"position\":3,\"name\":\"5 dicas para preservar sua imagem profissional\"}]},{\"@type\":\"WebSite\",\"@id\":\"https:\\\/\\\/www.primecursos.com.br\\\/blog\\\/#website\",\"url\":\"https:\\\/\\\/www.primecursos.com.br\\\/blog\\\/\",\"name\":\"Prime Cursos\",\"description\":\"Cursos gr\u00e1tis com certificado v\u00e1lido\",\"publisher\":{\"@id\":\"https:\\\/\\\/www.primecursos.com.br\\\/blog\\\/#organization\"},\"potentialAction\":[{\"@type\":\"SearchAction\",\"target\":{\"@type\":\"EntryPoint\",\"urlTemplate\":\"https:\\\/\\\/www.primecursos.com.br\\\/blog\\\/?s={search_term_string}\"},\"query-input\":{\"@type\":\"PropertyValueSpecification\",\"valueRequired\":true,\"valueName\":\"search_term_string\"}}],\"inLanguage\":\"pt-BR\"},{\"@type\":\"Organization\",\"@id\":\"https:\\\/\\\/www.primecursos.com.br\\\/blog\\\/#organization\",\"name\":\"Prime Cursos Online\",\"url\":\"https:\\\/\\\/www.primecursos.com.br\\\/blog\\\/\",\"logo\":{\"@type\":\"ImageObject\",\"inLanguage\":\"pt-BR\",\"@id\":\"https:\\\/\\\/www.primecursos.com.br\\\/blog\\\/#\\\/schema\\\/logo\\\/image\\\/\",\"url\":\"https:\\\/\\\/www.primecursos.com.br\\\/blog\\\/wp-content\\\/uploads\\\/2018\\\/03\\\/prime-cursos-gratis-online-logo-070318b-1.png\",\"contentUrl\":\"https:\\\/\\\/www.primecursos.com.br\\\/blog\\\/wp-content\\\/uploads\\\/2018\\\/03\\\/prime-cursos-gratis-online-logo-070318b-1.png\",\"width\":330,\"height\":80,\"caption\":\"Prime Cursos Online\"},\"image\":{\"@id\":\"https:\\\/\\\/www.primecursos.com.br\\\/blog\\\/#\\\/schema\\\/logo\\\/image\\\/\"},\"sameAs\":[\"https:\\\/\\\/www.facebook.com\\\/primecursos\\\/\",\"https:\\\/\\\/x.com\\\/primecursosbr\"]},{\"@type\":\"Person\",\"@id\":\"https:\\\/\\\/www.primecursos.com.br\\\/blog\\\/#\\\/schema\\\/person\\\/bae8996a583c53ecdfb83f6d5e057bc1\",\"name\":\"Prime Cursos\",\"image\":{\"@type\":\"ImageObject\",\"inLanguage\":\"pt-BR\",\"@id\":\"https:\\\/\\\/secure.gravatar.com\\\/avatar\\\/93f096802631e10882ddc586d19be9df70f23a82a91f309ccc98e708c6d98c4b?s=96&d=mm&r=g\",\"url\":\"https:\\\/\\\/secure.gravatar.com\\\/avatar\\\/93f096802631e10882ddc586d19be9df70f23a82a91f309ccc98e708c6d98c4b?s=96&d=mm&r=g\",\"contentUrl\":\"https:\\\/\\\/secure.gravatar.com\\\/avatar\\\/93f096802631e10882ddc586d19be9df70f23a82a91f309ccc98e708c6d98c4b?s=96&d=mm&r=g\",\"caption\":\"Prime Cursos\"},\"url\":\"https:\\\/\\\/www.primecursos.com.br\\\/blog\\\/author\\\/ticivitoria\\\/\"}]}<\/script>\n<!-- \/ Yoast SEO plugin. -->","yoast_head_json":{"title":"5 dicas para preservar sua imagem profissional | Prime Cursos","description":"Algumas atitudes, que parecem ser inofensivas, podem pegar mal no ambiente de trabalho e at\u00e9 mudar a maneira que as pessoas olham para voc\u00ea. Dentro do","robots":{"index":"index","follow":"follow","max-snippet":"max-snippet:-1","max-image-preview":"max-image-preview:large","max-video-preview":"max-video-preview:-1"},"canonical":"https:\/\/www.primecursos.com.br\/blog\/5-dicas-para-preservar-sua-imagem-na-empresa\/","og_locale":"pt_BR","og_type":"article","og_title":"5 dicas para preservar sua imagem profissional | Prime Cursos","og_description":"Algumas atitudes, que parecem ser inofensivas, podem pegar mal no ambiente de trabalho e at\u00e9 mudar a maneira que as pessoas olham para voc\u00ea. Dentro do","og_url":"https:\/\/www.primecursos.com.br\/blog\/5-dicas-para-preservar-sua-imagem-na-empresa\/","og_site_name":"Prime Cursos","article_publisher":"https:\/\/www.facebook.com\/primecursos\/","article_published_time":"2018-05-07T14:22:04+00:00","article_modified_time":"2020-04-25T15:52:34+00:00","og_image":[{"width":768,"height":512,"url":"https:\/\/www.primecursos.com.br\/blog\/wp-content\/uploads\/2018\/05\/imagem-profissional.jpg","type":"image\/jpeg"}],"author":"Prime Cursos","twitter_misc":{"Escrito por":"Prime Cursos","Est. tempo de leitura":"3 minutos"},"schema":{"@context":"https:\/\/schema.org","@graph":[{"@type":"Article","@id":"https:\/\/www.primecursos.com.br\/blog\/5-dicas-para-preservar-sua-imagem-na-empresa\/#article","isPartOf":{"@id":"https:\/\/www.primecursos.com.br\/blog\/5-dicas-para-preservar-sua-imagem-na-empresa\/"},"author":{"name":"Prime Cursos","@id":"https:\/\/www.primecursos.com.br\/blog\/#\/schema\/person\/bae8996a583c53ecdfb83f6d5e057bc1"},"headline":"5 dicas para preservar sua imagem profissional","datePublished":"2018-05-07T14:22:04+00:00","dateModified":"2020-04-25T15:52:34+00:00","mainEntityOfPage":{"@id":"https:\/\/www.primecursos.com.br\/blog\/5-dicas-para-preservar-sua-imagem-na-empresa\/"},"wordCount":688,"commentCount":138,"publisher":{"@id":"https:\/\/www.primecursos.com.br\/blog\/#organization"},"image":{"@id":"https:\/\/www.primecursos.com.br\/blog\/5-dicas-para-preservar-sua-imagem-na-empresa\/#primaryimage"},"thumbnailUrl":"https:\/\/www.primecursos.com.br\/blog\/wp-content\/uploads\/2018\/05\/imagem-profissional.jpg","keywords":["Carreira","Mercado de Trabalho"],"articleSection":["Artigos","Dicas"],"inLanguage":"pt-BR","potentialAction":[{"@type":"CommentAction","name":"Comment","target":["https:\/\/www.primecursos.com.br\/blog\/5-dicas-para-preservar-sua-imagem-na-empresa\/#respond"]}]},{"@type":"WebPage","@id":"https:\/\/www.primecursos.com.br\/blog\/5-dicas-para-preservar-sua-imagem-na-empresa\/","url":"https:\/\/www.primecursos.com.br\/blog\/5-dicas-para-preservar-sua-imagem-na-empresa\/","name":"5 dicas para preservar sua imagem profissional | Prime Cursos","isPartOf":{"@id":"https:\/\/www.primecursos.com.br\/blog\/#website"},"primaryImageOfPage":{"@id":"https:\/\/www.primecursos.com.br\/blog\/5-dicas-para-preservar-sua-imagem-na-empresa\/#primaryimage"},"image":{"@id":"https:\/\/www.primecursos.com.br\/blog\/5-dicas-para-preservar-sua-imagem-na-empresa\/#primaryimage"},"thumbnailUrl":"https:\/\/www.primecursos.com.br\/blog\/wp-content\/uploads\/2018\/05\/imagem-profissional.jpg","datePublished":"2018-05-07T14:22:04+00:00","dateModified":"2020-04-25T15:52:34+00:00","description":"Algumas atitudes, que parecem ser inofensivas, podem pegar mal no ambiente de trabalho e at\u00e9 mudar a maneira que as pessoas olham para voc\u00ea. Dentro do","breadcrumb":{"@id":"https:\/\/www.primecursos.com.br\/blog\/5-dicas-para-preservar-sua-imagem-na-empresa\/#breadcrumb"},"inLanguage":"pt-BR","potentialAction":[{"@type":"ReadAction","target":["https:\/\/www.primecursos.com.br\/blog\/5-dicas-para-preservar-sua-imagem-na-empresa\/"]}]},{"@type":"ImageObject","inLanguage":"pt-BR","@id":"https:\/\/www.primecursos.com.br\/blog\/5-dicas-para-preservar-sua-imagem-na-empresa\/#primaryimage","url":"https:\/\/www.primecursos.com.br\/blog\/wp-content\/uploads\/2018\/05\/imagem-profissional.jpg","contentUrl":"https:\/\/www.primecursos.com.br\/blog\/wp-content\/uploads\/2018\/05\/imagem-profissional.jpg","width":768,"height":512},{"@type":"BreadcrumbList","@id":"https:\/\/www.primecursos.com.br\/blog\/5-dicas-para-preservar-sua-imagem-na-empresa\/#breadcrumb","itemListElement":[{"@type":"ListItem","position":1,"name":"In\u00edcio","item":"https:\/\/www.primecursos.com.br\/blog\/"},{"@type":"ListItem","position":2,"name":"Artigos","item":"https:\/\/www.primecursos.com.br\/blog\/artigos\/"},{"@type":"ListItem","position":3,"name":"5 dicas para preservar sua imagem profissional"}]},{"@type":"WebSite","@id":"https:\/\/www.primecursos.com.br\/blog\/#website","url":"https:\/\/www.primecursos.com.br\/blog\/","name":"Prime Cursos","description":"Cursos gr\u00e1tis com certificado v\u00e1lido","publisher":{"@id":"https:\/\/www.primecursos.com.br\/blog\/#organization"},"potentialAction":[{"@type":"SearchAction","target":{"@type":"EntryPoint","urlTemplate":"https:\/\/www.primecursos.com.br\/blog\/?s={search_term_string}"},"query-input":{"@type":"PropertyValueSpecification","valueRequired":true,"valueName":"search_term_string"}}],"inLanguage":"pt-BR"},{"@type":"Organization","@id":"https:\/\/www.primecursos.com.br\/blog\/#organization","name":"Prime Cursos Online","url":"https:\/\/www.primecursos.com.br\/blog\/","logo":{"@type":"ImageObject","inLanguage":"pt-BR","@id":"https:\/\/www.primecursos.com.br\/blog\/#\/schema\/logo\/image\/","url":"https:\/\/www.primecursos.com.br\/blog\/wp-content\/uploads\/2018\/03\/prime-cursos-gratis-online-logo-070318b-1.png","contentUrl":"https:\/\/www.primecursos.com.br\/blog\/wp-content\/uploads\/2018\/03\/prime-cursos-gratis-online-logo-070318b-1.png","width":330,"height":80,"caption":"Prime Cursos Online"},"image":{"@id":"https:\/\/www.primecursos.com.br\/blog\/#\/schema\/logo\/image\/"},"sameAs":["https:\/\/www.facebook.com\/primecursos\/","https:\/\/x.com\/primecursosbr"]},{"@type":"Person","@id":"https:\/\/www.primecursos.com.br\/blog\/#\/schema\/person\/bae8996a583c53ecdfb83f6d5e057bc1","name":"Prime Cursos","image":{"@type":"ImageObject","inLanguage":"pt-BR","@id":"https:\/\/secure.gravatar.com\/avatar\/93f096802631e10882ddc586d19be9df70f23a82a91f309ccc98e708c6d98c4b?s=96&d=mm&r=g","url":"https:\/\/secure.gravatar.com\/avatar\/93f096802631e10882ddc586d19be9df70f23a82a91f309ccc98e708c6d98c4b?s=96&d=mm&r=g","contentUrl":"https:\/\/secure.gravatar.com\/avatar\/93f096802631e10882ddc586d19be9df70f23a82a91f309ccc98e708c6d98c4b?s=96&d=mm&r=g","caption":"Prime Cursos"},"url":"https:\/\/www.primecursos.com.br\/blog\/author\/ticivitoria\/"}]}},"taxonomy_info":{"category":[{"value":1,"label":"Artigos"},{"value":118,"label":"Dicas"}],"post_tag":[{"value":8,"label":"Carreira"},{"value":7,"label":"Mercado de Trabalho"}]},"featured_image_src_large":["https:\/\/www.primecursos.com.br\/blog\/wp-content\/uploads\/2018\/05\/imagem-profissional.jpg",768,512,false],"author_info":{"display_name":"Prime Cursos","author_link":"https:\/\/www.primecursos.com.br\/blog\/author\/ticivitoria\/"},"comment_info":138,"category_info":[{"term_id":1,"name":"Artigos","slug":"artigos","term_group":0,"term_taxonomy_id":1,"taxonomy":"category","description":"","parent":0,"count":983,"filter":"raw","cat_ID":1,"category_count":983,"category_description":"","cat_name":"Artigos","category_nicename":"artigos","category_parent":0},{"term_id":118,"name":"Dicas","slug":"dicas","term_group":0,"term_taxonomy_id":118,"taxonomy":"category","description":"","parent":0,"count":60,"filter":"raw","cat_ID":118,"category_count":60,"category_description":"","cat_name":"Dicas","category_nicename":"dicas","category_parent":0}],"tag_info":[{"term_id":8,"name":"Carreira","slug":"carreira","term_group":0,"term_taxonomy_id":8,"taxonomy":"post_tag","description":"","parent":0,"count":157,"filter":"raw"},{"term_id":7,"name":"Mercado de Trabalho","slug":"mercado-de-trabalho","term_group":0,"term_taxonomy_id":7,"taxonomy":"post_tag","description":"","parent":0,"count":119,"filter":"raw"}],"_links":{"self":[{"href":"https:\/\/www.primecursos.com.br\/blog\/wp-json\/wp\/v2\/posts\/4439","targetHints":{"allow":["GET"]}}],"collection":[{"href":"https:\/\/www.primecursos.com.br\/blog\/wp-json\/wp\/v2\/posts"}],"about":[{"href":"https:\/\/www.primecursos.com.br\/blog\/wp-json\/wp\/v2\/types\/post"}],"author":[{"embeddable":true,"href":"https:\/\/www.primecursos.com.br\/blog\/wp-json\/wp\/v2\/users\/4"}],"replies":[{"embeddable":true,"href":"https:\/\/www.primecursos.com.br\/blog\/wp-json\/wp\/v2\/comments?post=4439"}],"version-history":[{"count":0,"href":"https:\/\/www.primecursos.com.br\/blog\/wp-json\/wp\/v2\/posts\/4439\/revisions"}],"wp:featuredmedia":[{"embeddable":true,"href":"https:\/\/www.primecursos.com.br\/blog\/wp-json\/wp\/v2\/media\/4444"}],"wp:attachment":[{"href":"https:\/\/www.primecursos.com.br\/blog\/wp-json\/wp\/v2\/media?parent=4439"}],"wp:term":[{"taxonomy":"category","embeddable":true,"href":"https:\/\/www.primecursos.com.br\/blog\/wp-json\/wp\/v2\/categories?post=4439"},{"taxonomy":"post_tag","embeddable":true,"href":"https:\/\/www.primecursos.com.br\/blog\/wp-json\/wp\/v2\/tags?post=4439"}],"curies":[{"name":"wp","href":"https:\/\/api.w.org\/{rel}","templated":true}]}}