{"id":7337,"date":"2020-07-06T12:50:00","date_gmt":"2020-07-06T12:50:00","guid":{"rendered":"https:\/\/www.primecursos.com.br\/blog\/?p=7337"},"modified":"2024-04-10T12:59:39","modified_gmt":"2024-04-10T12:59:39","slug":"o-que-e-libras-e-qual-e-a-sua-importancia","status":"publish","type":"post","link":"https:\/\/www.primecursos.com.br\/blog\/o-que-e-libras-e-qual-e-a-sua-importancia\/","title":{"rendered":"O que \u00e9 libras e qual \u00e9 a sua import\u00e2ncia?"},"content":{"rendered":"\n<p>Oficializada como uma l\u00edngua oficial no Brasil pela Lei n\u00b0 10.436 no dia 24 de abril de 2002&nbsp; a L\u00edngua Brasileira de sinais, mais conhecida como libras, \u00e9 uma importante <strong>ferramenta de inclus\u00e3o social para pessoas surdas<\/strong>.<\/p>\n\n\n\n<!--more-->\n\n\n\n<p>\u00c9 bem comum que vejamos na TV programas com aquele espa\u00e7o em tela para um <strong>int\u00e9rprete de libras<\/strong>, mesmo que na maioria das vezes prestamos pouca aten\u00e7\u00e3o ao que est\u00e1 sendo feito.<\/p>\n\n\n\n<p>A presen\u00e7a desses profissionais tem sido cada vez mais percebida em <strong>ambientes profissionais, educativos e at\u00e9 mesmo de lazer<\/strong>.<\/p>\n\n\n\n<p>Eles carregam consigo uma <strong>import\u00e2ncia enorme a uma parcela da popula\u00e7\u00e3o<\/strong>, mesmo sendo mal percebidos por outra. Para entender um pouco mais sobre esse assunto vamos falar aqui um pouco mais sobre o que \u00e9 e porque a libras importa tanto.<\/p>\n\n\n\n<h2 class=\"wp-block-heading\" id=\"comecando-pelo-basico-o-que-e-libras\">Come\u00e7ando pelo b\u00e1sico: o que \u00e9 libras?<\/h2>\n\n\n\n<p>Se o interlocutor desejar uma resposta simples podemos dizer que a libras \u00e9 uma <strong>l\u00edngua gestual visual<\/strong>, onde os indiv\u00edduos se comunicam atrav\u00e9s de <strong>gestos, express\u00f5es faciais e corporais<\/strong>.<\/p>\n\n\n\n<p>Entretanto, a libras \u00e9 <strong>muito mais complexa<\/strong> do que apenas essas poucas linhas e muitos desconhecem seu alcance e sua complexidade.<\/p>\n\n\n\n<p>Tamb\u00e9m conhecida como l\u00edngua de sinais a libras \u00e9 uma l\u00edngua que <strong>n\u00e3o usa sons de forma oral<\/strong>, como a maioria dos idiomas. No entanto, isso <strong>n\u00e3o a torna menos ampla<\/strong> do que qualquer outro idioma que conhecemos.<\/p>\n\n\n\n<div class=\"wp-block-image\"><figure class=\"aligncenter size-large\"><img decoding=\"async\" width=\"800\" height=\"530\" src=\"https:\/\/www.primecursos.com.br\/blog\/wp-content\/uploads\/2020\/06\/32075664808_c5f50d3f8b_c.jpg\" alt=\"Igreja com int\u00e9rprete em libras\" class=\"wp-image-7339\" srcset=\"https:\/\/www.primecursos.com.br\/blog\/wp-content\/uploads\/2020\/06\/32075664808_c5f50d3f8b_c.jpg 800w, https:\/\/www.primecursos.com.br\/blog\/wp-content\/uploads\/2020\/06\/32075664808_c5f50d3f8b_c-300x199.jpg 300w, https:\/\/www.primecursos.com.br\/blog\/wp-content\/uploads\/2020\/06\/32075664808_c5f50d3f8b_c-768x509.jpg 768w, https:\/\/www.primecursos.com.br\/blog\/wp-content\/uploads\/2020\/06\/32075664808_c5f50d3f8b_c-696x461.jpg 696w, https:\/\/www.primecursos.com.br\/blog\/wp-content\/uploads\/2020\/06\/32075664808_c5f50d3f8b_c-634x420.jpg 634w\" sizes=\"(max-width: 800px) 100vw, 800px\" \/><figcaption>Se comunicar e se informar sobre o mundo se torna muito mais f\u00e1cil para as pessoas surdas<\/figcaption><\/figure><\/div>\n\n\n\n<p>Isso porque ela tamb\u00e9m possui uma <strong>dificuldade t\u00e9cnica<\/strong>, onde existe uma gram\u00e1tica pr\u00f3pria al\u00e9m de n\u00edveis lingu\u00edsticos como fonologia, morfologia, sintaxe e sem\u00e2ntica. O que \u00e9 dito em libras e como \u00e9 dito faz toda a diferen\u00e7a.<\/p>\n\n\n\n<p>Existem at\u00e9 mesmo <strong>regionalismos na forma de se falar a l\u00edngua brasileira de sinais<\/strong>, assim como acontece com o portugu\u00eas, onde existem sotaques e express\u00f5es pr\u00f3prias de determinadas regi\u00f5es do Brasil.<\/p>\n\n\n\n<p>Para se comunicar atrav\u00e9s da libras \u00e9 preciso saber que suas palavras e frases, que assim como o idioma oral possuem <strong>fonemas<\/strong>, ir\u00e3o ser influenciados pelos seus movimentos, sinais e a parte do corpo de onde eles partem.<\/p>\n\n\n\n<p>Por exemplo, se voc\u00ea faz um movimento partindo da altura do seu umbigo e faz o mesmo movimento, mas partindo do seu peitoral, eles ter\u00e3o <strong>significados diferentes<\/strong>.<\/p>\n\n\n\n<p>A complexidade na hora de aprender essa l\u00edngua n\u00e3o \u00e9 diferente de qualquer outro idioma falado, mesmo que a maneira como ele \u00e9 expressado seja.<\/p>\n\n\n\n<h2 class=\"wp-block-heading\" id=\"existe-uma-unica-lingua-de-sinais\">Existe uma \u00fanica l\u00edngua de sinais?<\/h2>\n\n\n\n<p>Como o pr\u00f3prio nome j\u00e1 diz a L\u00edngua Brasileira de Sinais \u00e9 a<strong> linguagem brasileira<\/strong> com que pessoas surdas se comunicam no <strong>Brasil<\/strong>.<\/p>\n\n\n\n<p>Mas, assim como ela existe aqui, existem outras com gram\u00e1ticas, sintaxes e gestos diferentes em outros pa\u00edses.<\/p>\n\n\n\n<p>Em Portugal existe o LGP (L\u00edngua Gestual Portuguesa), nos Estados Unidos a ASL (American Sign Language), na Fran\u00e7a o LSF (Langue des Signes Fran\u00e7aise).<\/p>\n\n\n\n<p>E n\u00e3o apenas eles, mas <strong>cada pa\u00eds do globo possui sua pr\u00f3pria l\u00edngua de sinais<\/strong>, desenvolvida atrav\u00e9s dos anos por seus nativos surdos.<\/p>\n\n\n\n<div class=\"wp-block-image\"><figure class=\"aligncenter size-large is-resized\"><img decoding=\"async\" src=\"https:\/\/www.primecursos.com.br\/blog\/wp-content\/uploads\/2020\/06\/6779163329_e5f4e2035e_c.jpg\" alt=\"Arte com libras\" class=\"wp-image-7340\" width=\"657\" height=\"543\" srcset=\"https:\/\/www.primecursos.com.br\/blog\/wp-content\/uploads\/2020\/06\/6779163329_e5f4e2035e_c.jpg 800w, https:\/\/www.primecursos.com.br\/blog\/wp-content\/uploads\/2020\/06\/6779163329_e5f4e2035e_c-300x248.jpg 300w, https:\/\/www.primecursos.com.br\/blog\/wp-content\/uploads\/2020\/06\/6779163329_e5f4e2035e_c-768x636.jpg 768w, https:\/\/www.primecursos.com.br\/blog\/wp-content\/uploads\/2020\/06\/6779163329_e5f4e2035e_c-696x576.jpg 696w, https:\/\/www.primecursos.com.br\/blog\/wp-content\/uploads\/2020\/06\/6779163329_e5f4e2035e_c-508x420.jpg 508w\" sizes=\"(max-width: 657px) 100vw, 657px\" \/><figcaption>A import\u00e2ncia da l\u00edngua de sinais para as pessoas surdas \u00e9 o mesmo onde quer que v\u00e1<\/figcaption><\/figure><\/div>\n\n\n\n<p>Essas <strong>l\u00ednguas gestuais n\u00e3o s\u00e3o diferentes do pr\u00f3prio idioma oral de cada lugar<\/strong>, que veio evoluindo e mudando com a passagem do tempo, se adaptando a popula\u00e7\u00e3o local, as transforma\u00e7\u00f5es da sociedade, e se tornando mais complexa e completa com o passar dos anos.<\/p>\n\n\n\n<p>Alguns costumam se questionar se n\u00e3o seria mais simples se existisse uma l\u00edngua de sinais universal, j\u00e1 que comparado as pessoas n\u00e3o surdas aqueles que os s\u00e3o est\u00e3o em menor n\u00famero.<\/p>\n\n\n\n<p>No entanto, \u00e9 exatamente por essa<strong> complexidade e riqueza em hist\u00f3ria e caracter\u00edsticas pr\u00f3prias<\/strong>, que n\u00e3o faria sentido adaptar a um modo usado por todo o globo.<\/p>\n\n\n\n<p>Esse \u00e9 um modo de comunica\u00e7\u00e3o rico em sua hist\u00f3ria e significados, desenvolvido por cada popula\u00e7\u00e3o atrav\u00e9s de um longo per\u00edodo de tempo, absorvendo em si suas <strong>caracter\u00edsticas e individualidades pr\u00f3prias<\/strong>.<\/p>\n\n\n\n<p>E, da mesma forma como cada pa\u00eds possui sua pr\u00f3pria l\u00edngua de sinais, em um pa\u00eds extenso como o Brasil a pr\u00f3pria libras tamb\u00e9m possui suas <strong>individualidades partindo de estado para estado<\/strong>, como dito antes.<\/p>\n\n\n\n<p>Por isso \u00e9 importante para aquele que tem interesse em aprender essa l\u00edngua estar sempre em contato com as pessoas com as quais ele ir\u00e1 se comunicar, aprendendo na pr\u00e1tica e absorvendo a libras como faria ao aprender um idioma oral novo.<\/p>\n\n\n\n<h2 class=\"wp-block-heading\" id=\"a-importancia-da-libras-na-nossa-sociedade\">A import\u00e2ncia da libras na nossa sociedade<\/h2>\n\n\n\n<p>A libras tem um importante papel social na <strong>inclus\u00e3o de pessoas com defici\u00eancia auditiva<\/strong>, seja parcial ou completa.<\/p>\n\n\n\n<p>Ela tamb\u00e9m auxilia no <strong>desenvolvimento de aspectos sociais e emocionais<\/strong>, n\u00e3o s\u00f3 da pessoa surda, mas tamb\u00e9m daqueles que convivem com ela, especialmente amigos e familiares.<\/p>\n\n\n\n<p>Al\u00e9m disso, a inclus\u00e3o vem sendo algo que aos poucos tem recebido mais da aten\u00e7\u00e3o e import\u00e2ncia que merecem na nossa sociedade.<\/p>\n\n\n\n<p>Por isso empresas t\u00eam sido aconselhadas a <strong>n\u00e3o usarem de preconceito ao excluir profissionais com esse tipo de caracter\u00edstica<\/strong>, mas sim os inclu\u00edrem em seus quadros de funcion\u00e1rios.<\/p>\n\n\n\n<div class=\"wp-block-image\"><figure class=\"aligncenter size-large is-resized\"><img decoding=\"async\" src=\"https:\/\/www.primecursos.com.br\/blog\/wp-content\/uploads\/2020\/06\/2561985029_64cf007823_c.jpg\" alt=\"Pessoas pedindo informa\u00e7\u00f5es em libras\" class=\"wp-image-7341\" width=\"600\" height=\"400\"\/><figcaption>Mesmo a\u00e7\u00f5es simples, como pedir informa\u00e7\u00f5es, podem ser grandes desafios se a pessoa que questiona n\u00e3o consegue te ouvir<\/figcaption><\/figure><\/div>\n\n\n\n<p>Para isso profissionais que tenham conhecimento em libras acabam sendo bem vistos ao se candidatarem a uma vaga, assim como tem crescido a <strong>necessidade de int\u00e9rpretes nas empresas p\u00fablicas e privadas<\/strong>.<\/p>\n\n\n\n<p>A<strong> libras no entretenimento e ve\u00edculos de comunica\u00e7\u00e3o tamb\u00e9m \u00e9<\/strong> <strong>algo essencial<\/strong>, que ajuda a incluir um p\u00fablico que muitas vezes se sente ignorado e mal vindo ao consumir produtos midi\u00e1ticos.<\/p>\n\n\n\n<p>A TV, por exemplo, se torna muito <strong>mais acess\u00edvel a pessoas surdas<\/strong> a partir do momento em que existe um int\u00e9rprete para se comunicar com ele.<\/p>\n\n\n\n<h2 class=\"wp-block-heading\" id=\"a-dualidade-no-crescimento-e-na-precariedade-do-ensino-de-libras\">A dualidade no crescimento e na precariedade do ensino de libras<\/h2>\n\n\n\n<p>A legisla\u00e7\u00e3o brasileira j\u00e1 possui uma lei que <strong>garante o direito da pessoa surda a ter um atendimento<\/strong> em seu idioma em qualquer institui\u00e7\u00e3o p\u00fablica.<\/p>\n\n\n\n<p>Isso, somado a outras a\u00e7\u00f5es e medidas tomadas nos \u00faltimos anos que visam a inclus\u00e3o, est\u00e3o fazendo com que <strong>profissionais que conhe\u00e7am a l\u00edngua de sinais sejam mais necess\u00e1rios<\/strong> nos ambientes.<\/p>\n\n\n\n<p>Sejam em eventos, empresas, programas de TV, escolas, entre tantos outros, a libras aos poucos vem se tornando mais presente. Entretanto, mesmo que existam boas faculdades e universidades que tenham em sua lista o curso de libras, elas <strong>ainda s\u00e3o poucas<\/strong>.<\/p>\n\n\n\n<p>Em 2005 foi estabelecido uma lei que obriga todos os cursos de forma\u00e7\u00e3o de professores e fonologia a terem ao menos uma mat\u00e9ria de libras, onde ser\u00e1 apresentado os <strong>conceitos b\u00e1sicos<\/strong> sobre o assunto.<\/p>\n\n\n\n<div class=\"wp-block-image\"><figure class=\"aligncenter size-large\"><img decoding=\"async\" width=\"799\" height=\"534\" src=\"https:\/\/www.primecursos.com.br\/blog\/wp-content\/uploads\/2020\/06\/23100913800_520a8d77c2_c.jpg\" alt=\"Aula de libras\" class=\"wp-image-7342\" srcset=\"https:\/\/www.primecursos.com.br\/blog\/wp-content\/uploads\/2020\/06\/23100913800_520a8d77c2_c.jpg 799w, https:\/\/www.primecursos.com.br\/blog\/wp-content\/uploads\/2020\/06\/23100913800_520a8d77c2_c-300x201.jpg 300w, https:\/\/www.primecursos.com.br\/blog\/wp-content\/uploads\/2020\/06\/23100913800_520a8d77c2_c-768x513.jpg 768w, https:\/\/www.primecursos.com.br\/blog\/wp-content\/uploads\/2020\/06\/23100913800_520a8d77c2_c-696x465.jpg 696w, https:\/\/www.primecursos.com.br\/blog\/wp-content\/uploads\/2020\/06\/23100913800_520a8d77c2_c-628x420.jpg 628w\" sizes=\"(max-width: 799px) 100vw, 799px\" \/><figcaption>Tanto o interesse em aprender quanto o interesse em ensinar libras vem crescendo, mas ele ainda \u00e9 pequeno comparado as grandes mudan\u00e7as que precisam acontecer<\/figcaption><\/figure><\/div>\n\n\n\n<p>Isso os ajuda a ter <strong>conhecimento de parte da viv\u00eancia e necessidades<\/strong> das pessoas surdas, assim valorizando mais a inclus\u00e3o delas na sociedade.<\/p>\n\n\n\n<p>S\u00e3o movimentos importantes na valoriza\u00e7\u00e3o da libras e do seu significado, no entanto ainda <strong>s\u00e3o pequenas comparadas ao desconhecimento e desvaloriza\u00e7\u00e3o<\/strong> que ainda existem.<\/p>\n\n\n\n<p>Mudan\u00e7as est\u00e3o acontecendo, mas precisamos dar aten\u00e7\u00e3o a elas e as fazer serem ainda maiores.<\/p>\n\n\n\n<h2 class=\"wp-block-heading\">Curso Gr\u00e1tis de Libras B\u00e1sico<\/h2>\n\n\n\n<p>A Prime Cursos oferece a voc\u00ea um curso de LIBRAS gr\u00e1tis e totalmente online, com op\u00e7\u00e3o de certifica\u00e7\u00e3o ap\u00f3s a sua conclus\u00e3o. Comece j\u00e1 e desenvolva habilidades que s\u00e3o valorizadas no mercado de trabalho. Desenvolva habilidades, aprenda mais, compartilhe conhecimento e estude algo novo com o <a href=\"https:\/\/www.primecursos.com.br\/libras-basico\/\">Curso de LIBRAS gr\u00e1tis e online.<\/a><\/p>\n\n\n\n<div class=\"wp-block-image\"><figure class=\"aligncenter size-large is-resized\"><a href=\"https:\/\/www.primecursos.com.br\/libras-basico\/\"><img decoding=\"async\" src=\"https:\/\/www.primecursos.com.br\/arquivos\/uploads\/2018\/05\/curso-gratis-de-libras-basico.jpg\" alt=\"\" width=\"641\" height=\"335\"\/><\/a><\/figure><\/div>\n","protected":false},"excerpt":{"rendered":"<p>Oficializada como uma l\u00edngua oficial no Brasil pela Lei n\u00b0 10.436 no dia 24 de abril de 2002&nbsp;&#8230;<\/p>\n","protected":false},"author":14,"featured_media":7459,"comment_status":"open","ping_status":"closed","sticky":false,"template":"","format":"standard","meta":{"_kad_blocks_custom_css":"","_kad_blocks_head_custom_js":"","_kad_blocks_body_custom_js":"","_kad_blocks_footer_custom_js":"","_kadence_starter_templates_imported_post":false,"_kad_post_transparent":"","_kad_post_title":"","_kad_post_layout":"","_kad_post_sidebar_id":"","_kad_post_content_style":"","_kad_post_vertical_padding":"","_kad_post_feature":"","_kad_post_feature_position":"","_kad_post_header":false,"_kad_post_footer":false,"_kad_post_classname":"","footnotes":""},"categories":[1],"tags":[202],"class_list":["post-7337","post","type-post","status-publish","format-standard","has-post-thumbnail","hentry","category-artigos","tag-libras"],"yoast_head":"<!-- This site is optimized with the Yoast SEO plugin v27.5 - https:\/\/yoast.com\/product\/yoast-seo-wordpress\/ -->\n<title>O que \u00e9 libras e qual \u00e9 a sua import\u00e2ncia? | Prime Cursos<\/title>\n<meta name=\"description\" content=\"O que \u00e9 o curso de libras e qual \u00e9 a sua import\u00e2ncia em meio a sociedade, voc\u00ea sabe me dizer? Ent\u00e3o, confira na mat\u00e9ria de hoje no nosso blog!\" \/>\n<meta name=\"robots\" content=\"index, follow, max-snippet:-1, max-image-preview:large, max-video-preview:-1\" \/>\n<link rel=\"canonical\" href=\"https:\/\/www.primecursos.com.br\/blog\/o-que-e-libras-e-qual-e-a-sua-importancia\/\" \/>\n<meta property=\"og:locale\" content=\"pt_BR\" \/>\n<meta property=\"og:type\" content=\"article\" \/>\n<meta property=\"og:title\" content=\"O que \u00e9 libras e qual \u00e9 a sua import\u00e2ncia? | Prime Cursos\" \/>\n<meta property=\"og:description\" content=\"O que \u00e9 o curso de libras e qual \u00e9 a sua import\u00e2ncia em meio a sociedade, voc\u00ea sabe me dizer? Ent\u00e3o, confira na mat\u00e9ria de hoje no nosso blog!\" \/>\n<meta property=\"og:url\" content=\"https:\/\/www.primecursos.com.br\/blog\/o-que-e-libras-e-qual-e-a-sua-importancia\/\" \/>\n<meta property=\"og:site_name\" content=\"Prime Cursos\" \/>\n<meta property=\"article:publisher\" content=\"https:\/\/www.facebook.com\/primecursos\/\" \/>\n<meta property=\"article:published_time\" content=\"2020-07-06T12:50:00+00:00\" \/>\n<meta property=\"article:modified_time\" content=\"2024-04-10T12:59:39+00:00\" \/>\n<meta property=\"og:image\" content=\"https:\/\/www.primecursos.com.br\/blog\/wp-content\/uploads\/2020\/06\/o-que-e-a-linguagem-de-libras.jpg\" \/>\n\t<meta property=\"og:image:width\" content=\"1230\" \/>\n\t<meta property=\"og:image:height\" content=\"644\" \/>\n\t<meta property=\"og:image:type\" content=\"image\/jpeg\" \/>\n<meta name=\"author\" content=\"Rafaella Rique\" \/>\n<meta name=\"twitter:label1\" content=\"Escrito por\" \/>\n\t<meta name=\"twitter:data1\" content=\"Rafaella Rique\" \/>\n\t<meta name=\"twitter:label2\" content=\"Est. tempo de leitura\" \/>\n\t<meta name=\"twitter:data2\" content=\"8 minutos\" \/>\n<script type=\"application\/ld+json\" class=\"yoast-schema-graph\">{\"@context\":\"https:\\\/\\\/schema.org\",\"@graph\":[{\"@type\":\"Article\",\"@id\":\"https:\\\/\\\/www.primecursos.com.br\\\/blog\\\/o-que-e-libras-e-qual-e-a-sua-importancia\\\/#article\",\"isPartOf\":{\"@id\":\"https:\\\/\\\/www.primecursos.com.br\\\/blog\\\/o-que-e-libras-e-qual-e-a-sua-importancia\\\/\"},\"author\":{\"name\":\"Rafaella Rique\",\"@id\":\"https:\\\/\\\/www.primecursos.com.br\\\/blog\\\/#\\\/schema\\\/person\\\/26930cdfa17a9d9307972b99520c3a7c\"},\"headline\":\"O que \u00e9 libras e qual \u00e9 a sua import\u00e2ncia?\",\"datePublished\":\"2020-07-06T12:50:00+00:00\",\"dateModified\":\"2024-04-10T12:59:39+00:00\",\"mainEntityOfPage\":{\"@id\":\"https:\\\/\\\/www.primecursos.com.br\\\/blog\\\/o-que-e-libras-e-qual-e-a-sua-importancia\\\/\"},\"wordCount\":1279,\"commentCount\":0,\"publisher\":{\"@id\":\"https:\\\/\\\/www.primecursos.com.br\\\/blog\\\/#organization\"},\"image\":{\"@id\":\"https:\\\/\\\/www.primecursos.com.br\\\/blog\\\/o-que-e-libras-e-qual-e-a-sua-importancia\\\/#primaryimage\"},\"thumbnailUrl\":\"https:\\\/\\\/www.primecursos.com.br\\\/blog\\\/wp-content\\\/uploads\\\/2020\\\/06\\\/o-que-e-a-linguagem-de-libras.jpg\",\"keywords\":[\"Libras\"],\"articleSection\":[\"Artigos\"],\"inLanguage\":\"pt-BR\",\"potentialAction\":[{\"@type\":\"CommentAction\",\"name\":\"Comment\",\"target\":[\"https:\\\/\\\/www.primecursos.com.br\\\/blog\\\/o-que-e-libras-e-qual-e-a-sua-importancia\\\/#respond\"]}]},{\"@type\":\"WebPage\",\"@id\":\"https:\\\/\\\/www.primecursos.com.br\\\/blog\\\/o-que-e-libras-e-qual-e-a-sua-importancia\\\/\",\"url\":\"https:\\\/\\\/www.primecursos.com.br\\\/blog\\\/o-que-e-libras-e-qual-e-a-sua-importancia\\\/\",\"name\":\"O que \u00e9 libras e qual \u00e9 a sua import\u00e2ncia? | Prime Cursos\",\"isPartOf\":{\"@id\":\"https:\\\/\\\/www.primecursos.com.br\\\/blog\\\/#website\"},\"primaryImageOfPage\":{\"@id\":\"https:\\\/\\\/www.primecursos.com.br\\\/blog\\\/o-que-e-libras-e-qual-e-a-sua-importancia\\\/#primaryimage\"},\"image\":{\"@id\":\"https:\\\/\\\/www.primecursos.com.br\\\/blog\\\/o-que-e-libras-e-qual-e-a-sua-importancia\\\/#primaryimage\"},\"thumbnailUrl\":\"https:\\\/\\\/www.primecursos.com.br\\\/blog\\\/wp-content\\\/uploads\\\/2020\\\/06\\\/o-que-e-a-linguagem-de-libras.jpg\",\"datePublished\":\"2020-07-06T12:50:00+00:00\",\"dateModified\":\"2024-04-10T12:59:39+00:00\",\"description\":\"O que \u00e9 o curso de libras e qual \u00e9 a sua import\u00e2ncia em meio a sociedade, voc\u00ea sabe me dizer? Ent\u00e3o, confira na mat\u00e9ria de hoje no nosso blog!\",\"breadcrumb\":{\"@id\":\"https:\\\/\\\/www.primecursos.com.br\\\/blog\\\/o-que-e-libras-e-qual-e-a-sua-importancia\\\/#breadcrumb\"},\"inLanguage\":\"pt-BR\",\"potentialAction\":[{\"@type\":\"ReadAction\",\"target\":[\"https:\\\/\\\/www.primecursos.com.br\\\/blog\\\/o-que-e-libras-e-qual-e-a-sua-importancia\\\/\"]}]},{\"@type\":\"ImageObject\",\"inLanguage\":\"pt-BR\",\"@id\":\"https:\\\/\\\/www.primecursos.com.br\\\/blog\\\/o-que-e-libras-e-qual-e-a-sua-importancia\\\/#primaryimage\",\"url\":\"https:\\\/\\\/www.primecursos.com.br\\\/blog\\\/wp-content\\\/uploads\\\/2020\\\/06\\\/o-que-e-a-linguagem-de-libras.jpg\",\"contentUrl\":\"https:\\\/\\\/www.primecursos.com.br\\\/blog\\\/wp-content\\\/uploads\\\/2020\\\/06\\\/o-que-e-a-linguagem-de-libras.jpg\",\"width\":1230,\"height\":644,\"caption\":\"Confira e entenda o que \u00e9 Libras, a linguagem Brasileira de sinais\"},{\"@type\":\"BreadcrumbList\",\"@id\":\"https:\\\/\\\/www.primecursos.com.br\\\/blog\\\/o-que-e-libras-e-qual-e-a-sua-importancia\\\/#breadcrumb\",\"itemListElement\":[{\"@type\":\"ListItem\",\"position\":1,\"name\":\"In\u00edcio\",\"item\":\"https:\\\/\\\/www.primecursos.com.br\\\/blog\\\/\"},{\"@type\":\"ListItem\",\"position\":2,\"name\":\"Artigos\",\"item\":\"https:\\\/\\\/www.primecursos.com.br\\\/blog\\\/artigos\\\/\"},{\"@type\":\"ListItem\",\"position\":3,\"name\":\"O que \u00e9 libras e qual \u00e9 a sua import\u00e2ncia?\"}]},{\"@type\":\"WebSite\",\"@id\":\"https:\\\/\\\/www.primecursos.com.br\\\/blog\\\/#website\",\"url\":\"https:\\\/\\\/www.primecursos.com.br\\\/blog\\\/\",\"name\":\"Prime Cursos\",\"description\":\"Cursos gr\u00e1tis com certificado v\u00e1lido\",\"publisher\":{\"@id\":\"https:\\\/\\\/www.primecursos.com.br\\\/blog\\\/#organization\"},\"potentialAction\":[{\"@type\":\"SearchAction\",\"target\":{\"@type\":\"EntryPoint\",\"urlTemplate\":\"https:\\\/\\\/www.primecursos.com.br\\\/blog\\\/?s={search_term_string}\"},\"query-input\":{\"@type\":\"PropertyValueSpecification\",\"valueRequired\":true,\"valueName\":\"search_term_string\"}}],\"inLanguage\":\"pt-BR\"},{\"@type\":\"Organization\",\"@id\":\"https:\\\/\\\/www.primecursos.com.br\\\/blog\\\/#organization\",\"name\":\"Prime Cursos Online\",\"url\":\"https:\\\/\\\/www.primecursos.com.br\\\/blog\\\/\",\"logo\":{\"@type\":\"ImageObject\",\"inLanguage\":\"pt-BR\",\"@id\":\"https:\\\/\\\/www.primecursos.com.br\\\/blog\\\/#\\\/schema\\\/logo\\\/image\\\/\",\"url\":\"https:\\\/\\\/www.primecursos.com.br\\\/blog\\\/wp-content\\\/uploads\\\/2018\\\/03\\\/prime-cursos-gratis-online-logo-070318b-1.png\",\"contentUrl\":\"https:\\\/\\\/www.primecursos.com.br\\\/blog\\\/wp-content\\\/uploads\\\/2018\\\/03\\\/prime-cursos-gratis-online-logo-070318b-1.png\",\"width\":330,\"height\":80,\"caption\":\"Prime Cursos Online\"},\"image\":{\"@id\":\"https:\\\/\\\/www.primecursos.com.br\\\/blog\\\/#\\\/schema\\\/logo\\\/image\\\/\"},\"sameAs\":[\"https:\\\/\\\/www.facebook.com\\\/primecursos\\\/\",\"https:\\\/\\\/x.com\\\/primecursosbr\"]},{\"@type\":\"Person\",\"@id\":\"https:\\\/\\\/www.primecursos.com.br\\\/blog\\\/#\\\/schema\\\/person\\\/26930cdfa17a9d9307972b99520c3a7c\",\"name\":\"Rafaella Rique\",\"image\":{\"@type\":\"ImageObject\",\"inLanguage\":\"pt-BR\",\"@id\":\"https:\\\/\\\/secure.gravatar.com\\\/avatar\\\/9d642f0cffab15ef479de43572a984e79f5ce7367947fb64ebbf2bf20375d516?s=96&d=mm&r=g\",\"url\":\"https:\\\/\\\/secure.gravatar.com\\\/avatar\\\/9d642f0cffab15ef479de43572a984e79f5ce7367947fb64ebbf2bf20375d516?s=96&d=mm&r=g\",\"contentUrl\":\"https:\\\/\\\/secure.gravatar.com\\\/avatar\\\/9d642f0cffab15ef479de43572a984e79f5ce7367947fb64ebbf2bf20375d516?s=96&d=mm&r=g\",\"caption\":\"Rafaella Rique\"},\"url\":\"https:\\\/\\\/www.primecursos.com.br\\\/blog\\\/author\\\/rafaellarique\\\/\"}]}<\/script>\n<!-- \/ Yoast SEO plugin. -->","yoast_head_json":{"title":"O que \u00e9 libras e qual \u00e9 a sua import\u00e2ncia? | Prime Cursos","description":"O que \u00e9 o curso de libras e qual \u00e9 a sua import\u00e2ncia em meio a sociedade, voc\u00ea sabe me dizer? Ent\u00e3o, confira na mat\u00e9ria de hoje no nosso blog!","robots":{"index":"index","follow":"follow","max-snippet":"max-snippet:-1","max-image-preview":"max-image-preview:large","max-video-preview":"max-video-preview:-1"},"canonical":"https:\/\/www.primecursos.com.br\/blog\/o-que-e-libras-e-qual-e-a-sua-importancia\/","og_locale":"pt_BR","og_type":"article","og_title":"O que \u00e9 libras e qual \u00e9 a sua import\u00e2ncia? | Prime Cursos","og_description":"O que \u00e9 o curso de libras e qual \u00e9 a sua import\u00e2ncia em meio a sociedade, voc\u00ea sabe me dizer? Ent\u00e3o, confira na mat\u00e9ria de hoje no nosso blog!","og_url":"https:\/\/www.primecursos.com.br\/blog\/o-que-e-libras-e-qual-e-a-sua-importancia\/","og_site_name":"Prime Cursos","article_publisher":"https:\/\/www.facebook.com\/primecursos\/","article_published_time":"2020-07-06T12:50:00+00:00","article_modified_time":"2024-04-10T12:59:39+00:00","og_image":[{"width":1230,"height":644,"url":"https:\/\/www.primecursos.com.br\/blog\/wp-content\/uploads\/2020\/06\/o-que-e-a-linguagem-de-libras.jpg","type":"image\/jpeg"}],"author":"Rafaella Rique","twitter_misc":{"Escrito por":"Rafaella Rique","Est. tempo de leitura":"8 minutos"},"schema":{"@context":"https:\/\/schema.org","@graph":[{"@type":"Article","@id":"https:\/\/www.primecursos.com.br\/blog\/o-que-e-libras-e-qual-e-a-sua-importancia\/#article","isPartOf":{"@id":"https:\/\/www.primecursos.com.br\/blog\/o-que-e-libras-e-qual-e-a-sua-importancia\/"},"author":{"name":"Rafaella Rique","@id":"https:\/\/www.primecursos.com.br\/blog\/#\/schema\/person\/26930cdfa17a9d9307972b99520c3a7c"},"headline":"O que \u00e9 libras e qual \u00e9 a sua import\u00e2ncia?","datePublished":"2020-07-06T12:50:00+00:00","dateModified":"2024-04-10T12:59:39+00:00","mainEntityOfPage":{"@id":"https:\/\/www.primecursos.com.br\/blog\/o-que-e-libras-e-qual-e-a-sua-importancia\/"},"wordCount":1279,"commentCount":0,"publisher":{"@id":"https:\/\/www.primecursos.com.br\/blog\/#organization"},"image":{"@id":"https:\/\/www.primecursos.com.br\/blog\/o-que-e-libras-e-qual-e-a-sua-importancia\/#primaryimage"},"thumbnailUrl":"https:\/\/www.primecursos.com.br\/blog\/wp-content\/uploads\/2020\/06\/o-que-e-a-linguagem-de-libras.jpg","keywords":["Libras"],"articleSection":["Artigos"],"inLanguage":"pt-BR","potentialAction":[{"@type":"CommentAction","name":"Comment","target":["https:\/\/www.primecursos.com.br\/blog\/o-que-e-libras-e-qual-e-a-sua-importancia\/#respond"]}]},{"@type":"WebPage","@id":"https:\/\/www.primecursos.com.br\/blog\/o-que-e-libras-e-qual-e-a-sua-importancia\/","url":"https:\/\/www.primecursos.com.br\/blog\/o-que-e-libras-e-qual-e-a-sua-importancia\/","name":"O que \u00e9 libras e qual \u00e9 a sua import\u00e2ncia? | Prime Cursos","isPartOf":{"@id":"https:\/\/www.primecursos.com.br\/blog\/#website"},"primaryImageOfPage":{"@id":"https:\/\/www.primecursos.com.br\/blog\/o-que-e-libras-e-qual-e-a-sua-importancia\/#primaryimage"},"image":{"@id":"https:\/\/www.primecursos.com.br\/blog\/o-que-e-libras-e-qual-e-a-sua-importancia\/#primaryimage"},"thumbnailUrl":"https:\/\/www.primecursos.com.br\/blog\/wp-content\/uploads\/2020\/06\/o-que-e-a-linguagem-de-libras.jpg","datePublished":"2020-07-06T12:50:00+00:00","dateModified":"2024-04-10T12:59:39+00:00","description":"O que \u00e9 o curso de libras e qual \u00e9 a sua import\u00e2ncia em meio a sociedade, voc\u00ea sabe me dizer? Ent\u00e3o, confira na mat\u00e9ria de hoje no nosso blog!","breadcrumb":{"@id":"https:\/\/www.primecursos.com.br\/blog\/o-que-e-libras-e-qual-e-a-sua-importancia\/#breadcrumb"},"inLanguage":"pt-BR","potentialAction":[{"@type":"ReadAction","target":["https:\/\/www.primecursos.com.br\/blog\/o-que-e-libras-e-qual-e-a-sua-importancia\/"]}]},{"@type":"ImageObject","inLanguage":"pt-BR","@id":"https:\/\/www.primecursos.com.br\/blog\/o-que-e-libras-e-qual-e-a-sua-importancia\/#primaryimage","url":"https:\/\/www.primecursos.com.br\/blog\/wp-content\/uploads\/2020\/06\/o-que-e-a-linguagem-de-libras.jpg","contentUrl":"https:\/\/www.primecursos.com.br\/blog\/wp-content\/uploads\/2020\/06\/o-que-e-a-linguagem-de-libras.jpg","width":1230,"height":644,"caption":"Confira e entenda o que \u00e9 Libras, a linguagem Brasileira de sinais"},{"@type":"BreadcrumbList","@id":"https:\/\/www.primecursos.com.br\/blog\/o-que-e-libras-e-qual-e-a-sua-importancia\/#breadcrumb","itemListElement":[{"@type":"ListItem","position":1,"name":"In\u00edcio","item":"https:\/\/www.primecursos.com.br\/blog\/"},{"@type":"ListItem","position":2,"name":"Artigos","item":"https:\/\/www.primecursos.com.br\/blog\/artigos\/"},{"@type":"ListItem","position":3,"name":"O que \u00e9 libras e qual \u00e9 a sua import\u00e2ncia?"}]},{"@type":"WebSite","@id":"https:\/\/www.primecursos.com.br\/blog\/#website","url":"https:\/\/www.primecursos.com.br\/blog\/","name":"Prime Cursos","description":"Cursos gr\u00e1tis com certificado v\u00e1lido","publisher":{"@id":"https:\/\/www.primecursos.com.br\/blog\/#organization"},"potentialAction":[{"@type":"SearchAction","target":{"@type":"EntryPoint","urlTemplate":"https:\/\/www.primecursos.com.br\/blog\/?s={search_term_string}"},"query-input":{"@type":"PropertyValueSpecification","valueRequired":true,"valueName":"search_term_string"}}],"inLanguage":"pt-BR"},{"@type":"Organization","@id":"https:\/\/www.primecursos.com.br\/blog\/#organization","name":"Prime Cursos Online","url":"https:\/\/www.primecursos.com.br\/blog\/","logo":{"@type":"ImageObject","inLanguage":"pt-BR","@id":"https:\/\/www.primecursos.com.br\/blog\/#\/schema\/logo\/image\/","url":"https:\/\/www.primecursos.com.br\/blog\/wp-content\/uploads\/2018\/03\/prime-cursos-gratis-online-logo-070318b-1.png","contentUrl":"https:\/\/www.primecursos.com.br\/blog\/wp-content\/uploads\/2018\/03\/prime-cursos-gratis-online-logo-070318b-1.png","width":330,"height":80,"caption":"Prime Cursos Online"},"image":{"@id":"https:\/\/www.primecursos.com.br\/blog\/#\/schema\/logo\/image\/"},"sameAs":["https:\/\/www.facebook.com\/primecursos\/","https:\/\/x.com\/primecursosbr"]},{"@type":"Person","@id":"https:\/\/www.primecursos.com.br\/blog\/#\/schema\/person\/26930cdfa17a9d9307972b99520c3a7c","name":"Rafaella Rique","image":{"@type":"ImageObject","inLanguage":"pt-BR","@id":"https:\/\/secure.gravatar.com\/avatar\/9d642f0cffab15ef479de43572a984e79f5ce7367947fb64ebbf2bf20375d516?s=96&d=mm&r=g","url":"https:\/\/secure.gravatar.com\/avatar\/9d642f0cffab15ef479de43572a984e79f5ce7367947fb64ebbf2bf20375d516?s=96&d=mm&r=g","contentUrl":"https:\/\/secure.gravatar.com\/avatar\/9d642f0cffab15ef479de43572a984e79f5ce7367947fb64ebbf2bf20375d516?s=96&d=mm&r=g","caption":"Rafaella Rique"},"url":"https:\/\/www.primecursos.com.br\/blog\/author\/rafaellarique\/"}]}},"taxonomy_info":{"category":[{"value":1,"label":"Artigos"}],"post_tag":[{"value":202,"label":"Libras"}]},"featured_image_src_large":["https:\/\/www.primecursos.com.br\/blog\/wp-content\/uploads\/2020\/06\/o-que-e-a-linguagem-de-libras-1024x536.jpg",1024,536,true],"author_info":{"display_name":"Rafaella Rique","author_link":"https:\/\/www.primecursos.com.br\/blog\/author\/rafaellarique\/"},"comment_info":0,"category_info":[{"term_id":1,"name":"Artigos","slug":"artigos","term_group":0,"term_taxonomy_id":1,"taxonomy":"category","description":"","parent":0,"count":983,"filter":"raw","cat_ID":1,"category_count":983,"category_description":"","cat_name":"Artigos","category_nicename":"artigos","category_parent":0}],"tag_info":[{"term_id":202,"name":"Libras","slug":"libras","term_group":0,"term_taxonomy_id":202,"taxonomy":"post_tag","description":"","parent":0,"count":12,"filter":"raw"}],"_links":{"self":[{"href":"https:\/\/www.primecursos.com.br\/blog\/wp-json\/wp\/v2\/posts\/7337","targetHints":{"allow":["GET"]}}],"collection":[{"href":"https:\/\/www.primecursos.com.br\/blog\/wp-json\/wp\/v2\/posts"}],"about":[{"href":"https:\/\/www.primecursos.com.br\/blog\/wp-json\/wp\/v2\/types\/post"}],"author":[{"embeddable":true,"href":"https:\/\/www.primecursos.com.br\/blog\/wp-json\/wp\/v2\/users\/14"}],"replies":[{"embeddable":true,"href":"https:\/\/www.primecursos.com.br\/blog\/wp-json\/wp\/v2\/comments?post=7337"}],"version-history":[{"count":0,"href":"https:\/\/www.primecursos.com.br\/blog\/wp-json\/wp\/v2\/posts\/7337\/revisions"}],"wp:featuredmedia":[{"embeddable":true,"href":"https:\/\/www.primecursos.com.br\/blog\/wp-json\/wp\/v2\/media\/7459"}],"wp:attachment":[{"href":"https:\/\/www.primecursos.com.br\/blog\/wp-json\/wp\/v2\/media?parent=7337"}],"wp:term":[{"taxonomy":"category","embeddable":true,"href":"https:\/\/www.primecursos.com.br\/blog\/wp-json\/wp\/v2\/categories?post=7337"},{"taxonomy":"post_tag","embeddable":true,"href":"https:\/\/www.primecursos.com.br\/blog\/wp-json\/wp\/v2\/tags?post=7337"}],"curies":[{"name":"wp","href":"https:\/\/api.w.org\/{rel}","templated":true}]}}