{"id":7632,"date":"2020-08-20T15:54:00","date_gmt":"2020-08-20T15:54:00","guid":{"rendered":"https:\/\/www.primecursos.com.br\/blog\/?p=7632"},"modified":"2020-10-01T00:10:44","modified_gmt":"2020-10-01T00:10:44","slug":"roupa-de-um-cuidador-de-idoso","status":"publish","type":"post","link":"https:\/\/www.primecursos.com.br\/blog\/roupa-de-um-cuidador-de-idoso\/","title":{"rendered":"Como deve ser a roupa de um cuidador de idoso?"},"content":{"rendered":"\n<p>Em todo trabalho a forma como nos vestimos est\u00e1 relacionada com a maneira como encaramos nossa fun\u00e7\u00e3o, al\u00e9m de estar fortemente ligado com a nossa postura profissional. Mas voc\u00ea sabe como deve ser a roupa de um cuidador de idoso?<\/p>\n\n\n\n<!--more-->\n\n\n\n<p>Por lidar com uma pessoa de idade, n\u00e3o \u00e9 qualquer roupa que pode ser usada para desempenhar as responsabilidades das fun\u00e7\u00f5es contratadas. Al\u00e9m disso, escolher o uniforme ideal \u00e9 importante para demonstrar cumprimento de normas e rotinas, al\u00e9m de interesse e comportamento moral e \u00e9tico no local de trabalho.<\/p>\n\n\n\n<p>Pensando nisso, separamos informa\u00e7\u00f5es importantes sobre a roupa que o cuidador de pessoas de terceira idade deve usar, e quais posturas deve adotar no trabalho.<\/p>\n\n\n\n<h2 class=\"wp-block-heading\">Como deve ser a roupa de um cuidador de idoso?<\/h2>\n\n\n\n<p>A roupa que o cuidador de idoso ir\u00e1 usar depende de qual foi o acordo feita na hora da contrata\u00e7\u00e3o. Por\u00e9m, o mais aconselh\u00e1vel \u00e9 que voc\u00ea escolha um uniforme por passar uma imagem mais profissional, j\u00e1 que as outras pessoas conseguem identificar em passeios e viagens que voc\u00ea \u00e9 o respons\u00e1vel pelo idoso.<\/p>\n\n\n\n<div class=\"wp-block-image\"><figure class=\"aligncenter size-large is-resized\"><img decoding=\"async\" src=\"https:\/\/www.primecursos.com.br\/blog\/wp-content\/uploads\/2020\/07\/cuidador-de-idoso-31072020.jpg\" alt=\"cuidador de idoso\" class=\"wp-image-7634\" width=\"708\" height=\"471\" srcset=\"https:\/\/www.primecursos.com.br\/blog\/wp-content\/uploads\/2020\/07\/cuidador-de-idoso-31072020.jpg 1024w, https:\/\/www.primecursos.com.br\/blog\/wp-content\/uploads\/2020\/07\/cuidador-de-idoso-31072020-300x200.jpg 300w, https:\/\/www.primecursos.com.br\/blog\/wp-content\/uploads\/2020\/07\/cuidador-de-idoso-31072020-768x512.jpg 768w, https:\/\/www.primecursos.com.br\/blog\/wp-content\/uploads\/2020\/07\/cuidador-de-idoso-31072020-696x464.jpg 696w, https:\/\/www.primecursos.com.br\/blog\/wp-content\/uploads\/2020\/07\/cuidador-de-idoso-31072020-631x420.jpg 631w\" sizes=\"(max-width: 708px) 100vw, 708px\" \/><figcaption>muitos cuidadores de idosos optam por uniformes brancos<\/figcaption><\/figure><\/div>\n\n\n\n<p>Em grande parte dos casos os cuidadores se vestem de branco por proporcionar uma vis\u00e3o de limpeza e higiene. Junto a isso, evite cal\u00e7ados que n\u00e3o favorecem o desenvolvimento do trabalho, cal\u00e7as muito apertadas, vestidos ou bermudas muito curtas e acess\u00f3rios que podem se tornar perigosos para o paciente como \u00e9 o caso de colares, brincos e pulseiras.<\/p>\n\n\n\n<h2 class=\"wp-block-heading\">Quais outras posturas o profissional deve adotar?<\/h2>\n\n\n\n<h3 class=\"wp-block-heading\">Capacidade de se relacionar com o idoso<\/h3>\n\n\n\n<p>Quem lida com pessoas idosas deve ter preparo f\u00edsico e emocional para cuidar da apar\u00eancia e higiene do paciente demonstrando sempre educa\u00e7\u00e3o e boas maneiras. Junto a isso, \u00e9 necess\u00e1rio adaptar-se \u00e0s diferentes estruturas e padr\u00f5es familiares do contratante, al\u00e9m de respeitar a privacidade de quem est\u00e1 sendo cuidado demonstrando sempre sensibilidade e paci\u00eancia.&nbsp;<\/p>\n\n\n\n<p>Saber ouvir e perceber as car\u00eancias para suprimi-las \u00e9 primordial para quem quer trabalhar cuidando de pessoas mais velhas, assim como saber manter a calma e lidar com agressividade e sentimentos negativos, que podem acontecer em determinadas situa\u00e7\u00f5es.<\/p>\n\n\n\n<h3 class=\"wp-block-heading\">Saber separar o pessoal do profissional<\/h3>\n\n\n\n<p>Atender telefonemas que n\u00e3o sejam urgentes durante o per\u00edodo de trabalho demonstra falta de \u00e9tica profissional e moral, j\u00e1 que isso far\u00e1 com que voc\u00ea deixe de cumprir sua fun\u00e7\u00e3o e n\u00e3o d\u00ea a aten\u00e7\u00e3o devida ao idoso.<\/p>\n\n\n\n<blockquote class=\"wp-block-quote is-layout-flow wp-block-quote-is-layout-flow\"><p>Isso quer dizer que o cuidador de pessoas mais velhas n\u00e3o deve resolver assuntos pessoais durante sua carga hor\u00e1ria, nem levar o idoso para passear em locais em que se deve resolver assuntos pessoais como bancos, por exemplo.<\/p><\/blockquote>\n\n\n\n<p>Tamb\u00e9m \u00e9 importante lembrar que o profissional n\u00e3o deve levar pessoas para a casa do paciente ou usar o telefone ou computadores do local de servi\u00e7o para uso pr\u00f3prio, ou assistir televis\u00e3o sem que isso fa\u00e7a parte das atividades que est\u00e3o sendo desempenhadas com o paciente.<\/p>\n\n\n\n<h3 class=\"wp-block-heading\">Desempenhar as fun\u00e7\u00f5es que est\u00e3o estabelecidas em contrato<\/h3>\n\n\n\n<p>As tarefas dom\u00e9sticas que foram estabelecidas em contrato como lavar, passar, fazer o lanche e refei\u00e7\u00f5es do paciente, limpar o quarto e trocar a roupa de cama devem ser cumpridas diariamente.&nbsp;<\/p>\n\n\n\n<div class=\"wp-block-image\"><figure class=\"aligncenter size-large is-resized\"><img decoding=\"async\" src=\"https:\/\/www.primecursos.com.br\/blog\/wp-content\/uploads\/2020\/07\/limpando-a-casa-31072020.jpg\" alt=\"limpando a casa\" class=\"wp-image-7630\" width=\"706\" height=\"458\" srcset=\"https:\/\/www.primecursos.com.br\/blog\/wp-content\/uploads\/2020\/07\/limpando-a-casa-31072020.jpg 1024w, https:\/\/www.primecursos.com.br\/blog\/wp-content\/uploads\/2020\/07\/limpando-a-casa-31072020-300x195.jpg 300w, https:\/\/www.primecursos.com.br\/blog\/wp-content\/uploads\/2020\/07\/limpando-a-casa-31072020-768x499.jpg 768w, https:\/\/www.primecursos.com.br\/blog\/wp-content\/uploads\/2020\/07\/limpando-a-casa-31072020-696x452.jpg 696w, https:\/\/www.primecursos.com.br\/blog\/wp-content\/uploads\/2020\/07\/limpando-a-casa-31072020-647x420.jpg 647w\" sizes=\"(max-width: 706px) 100vw, 706px\" \/><figcaption>o cuidador de idoso deve prezar pela limpeza da casa<\/figcaption><\/figure><\/div>\n\n\n\n<p>Vale lembrar, por\u00e9m, que quando essas atividades interfiram na qualidade do cuidado com o idoso sobrecarregando o profissional, \u00e9 fun\u00e7\u00e3o do cuidador comunicar o contratante para que seja admitida uma nova pessoa para cobrir a fun\u00e7\u00e3o secund\u00e1ria.<\/p>\n\n\n\n<h3 class=\"wp-block-heading\">Prezar pela educa\u00e7\u00e3o<\/h3>\n\n\n\n<p>Na hora de falar com o idoso, o cuidador deve sempre conversar com tom baixo e sem g\u00edrias ou palavr\u00f5es, al\u00e9m de nunca erguer o tom de voz mesmo em momentos de tens\u00e3o.<\/p>\n\n\n\n<h3 class=\"wp-block-heading\">Manter a higiene pessoal<\/h3>\n\n\n\n<p>As mulheres cuidadoras de idosos devem prezar pela higiene e manter as unhas sempre limpas e curtas para evitar machucar o paciente durante banhos e atividades do dia a dia, e para diminuir o risco de infec\u00e7\u00f5es causadas por bact\u00e9rias.<\/p>\n\n\n\n<h3 class=\"wp-block-heading\">Respeitar o hor\u00e1rio das refei\u00e7\u00f5es<\/h3>\n\n\n\n<p>Muitos contratantes estabelecem em contrato que o cuidador tem direito a uma refei\u00e7\u00e3o por dia, mas \u00e9 importante seguir o hor\u00e1rio combinado na hora da contrata\u00e7\u00e3o. <\/p>\n\n\n\n<blockquote class=\"wp-block-quote is-layout-flow wp-block-quote-is-layout-flow\"><p>Normalmente ele se encaixa na 1 hora de descanso di\u00e1ria, para que ap\u00f3s se alimentar o profissional tenham um per\u00edodo para a digest\u00e3o antes de voltar \u00e0s atividades.<\/p><\/blockquote>\n\n\n\n<h3 class=\"wp-block-heading\">N\u00e3o abordar religi\u00e3o<\/h3>\n\n\n\n<p>O cuidador n\u00e3o deve direcionar o idoso para uma religi\u00e3o que n\u00e3o seja de acordo com a educa\u00e7\u00e3o seguida pela fam\u00edlia. <\/p>\n\n\n\n<p>No entanto, desde que o idoso se sinta confort\u00e1vel, o cuidador pode conversar sobre a sua f\u00e9 de forma natural quando o assunto surgir sem tentar imp\u00f4-la ao paciente.<\/p>\n\n\n\n<h3 class=\"wp-block-heading\">Conversar com o idoso<\/h3>\n\n\n\n<p>Os idosos normalmente sentem muita necessidade de conversar com algu\u00e9m, e o profissional deve escutar o que o paciente tem a dizer. <\/p>\n\n\n\n<div class=\"wp-block-image\"><figure class=\"aligncenter size-large is-resized\"><img decoding=\"async\" src=\"https:\/\/www.primecursos.com.br\/blog\/wp-content\/uploads\/2020\/07\/familiar-cuidador-de-idoso-24072020.jpg\" alt=\"cuidador de idoso\" class=\"wp-image-7561\" width=\"714\" height=\"570\" srcset=\"https:\/\/www.primecursos.com.br\/blog\/wp-content\/uploads\/2020\/07\/familiar-cuidador-de-idoso-24072020.jpg 961w, https:\/\/www.primecursos.com.br\/blog\/wp-content\/uploads\/2020\/07\/familiar-cuidador-de-idoso-24072020-300x240.jpg 300w, https:\/\/www.primecursos.com.br\/blog\/wp-content\/uploads\/2020\/07\/familiar-cuidador-de-idoso-24072020-768x614.jpg 768w, https:\/\/www.primecursos.com.br\/blog\/wp-content\/uploads\/2020\/07\/familiar-cuidador-de-idoso-24072020-696x556.jpg 696w, https:\/\/www.primecursos.com.br\/blog\/wp-content\/uploads\/2020\/07\/familiar-cuidador-de-idoso-24072020-526x420.jpg 526w\" sizes=\"(max-width: 714px) 100vw, 714px\" \/><figcaption>o cuidador de pessoas mais velhas devem sempre conversar com o paciente<\/figcaption><\/figure><\/div>\n\n\n\n<p>\u00c9 importante demonstrar aten\u00e7\u00e3o e preocupa\u00e7\u00e3o com os seus sentimentos, com empatia e respeitando suas vis\u00f5es sempre que o mesmo sentir necessidade de conversar sobre algo.<\/p>\n\n\n\n<h3 class=\"wp-block-heading\">Conversar com o contratante a respeito do idoso<\/h3>\n\n\n\n<p>\u00c9 fundamental que o cuidador converse pelo menos uma vez na semana com o contratante, que muitas vezes \u00e9 um familiar, para informar como est\u00e1 a sa\u00fade do paciente e alinhar as necessidades do idoso. <\/p>\n\n\n\n<p>Al\u00e9m disso, essas conversas tamb\u00e9m devem abordar assuntos como o progresso do familiar de terceira idade, relatando todos os avan\u00e7os que o paciente tem demonstrado em quest\u00f5es de sa\u00fade.<\/p>\n\n\n\n<p><a href=\"https:\/\/www.primecursos.com.br\/blog\/direitos-e-deveres-do-cuidador-de-idosos\/\">Leia mais sobre os direitos e deveres do cuidador de idoso clicando aqui!<\/a><\/p>\n\n\n\n<p>Depois de ver como deve ser a roupa de um cuidador de idoso e como voc\u00ea deve se portar em seu ambiente de trabalho, n\u00e3o deixe de seguir as nossas dicas. Dessa forma voc\u00ea se tornar\u00e1 um profissional \u00e9tico que visa sempre o bem-estar de quem est\u00e1 sendo cuidado, al\u00e9m de adotar uma postura mais profissional muito valorizada por quem contrata esse tipo de servi\u00e7o!<\/p>\n\n\n\n<h2 class=\"wp-block-heading\">Curso Gratuito de Cuidador de Idosos Online<\/h2>\n\n\n\n<p>O cuidador de idosos, seja ele familiar ou profissional contratado, \u00e9 pe\u00e7a importante na dif\u00edcil tarefa de proporcionar e oferecer um envelhecimento mais saud\u00e1vel e com menor comprometimento funcional.<\/p>\n\n\n\n<p>Com o curso de&nbsp;cuidador de idosos, voc\u00ea vai aprender as principais tarefas para atuar nessa \u00e1rea, e ir\u00e1 perceber que; cuidar de um idoso \u00e9 muito mais que um trabalho; cuidar de um idoso \u00e9 uma atitude de amor para com o pr\u00f3ximo.<\/p>\n\n\n\n<p>Aproveite essa oportunidade, aumente suas chances de sucesso com o <a href=\"https:\/\/www.primecursos.com.br\/cuidador-de-idosos\/\">Curso Online 100% Gratuito de Cuidador de Idosos da Prime Cursos<\/a>,&nbsp;as vagas no mercado para cuidador de idosos est\u00e3o crescendo a cada dia, podendo o profissional atuar em asilos e cl\u00ednicas de repousos, ou cuidar de uma pessoa espec\u00edfica.<\/p>\n\n\n\n<figure class=\"wp-block-embed-youtube wp-block-embed is-type-video is-provider-youtube wp-embed-aspect-16-9 wp-has-aspect-ratio\"><div class=\"wp-block-embed__wrapper\">\n<iframe title=\"Curso de Cuidador de Idosos Gr\u00e1tis com op\u00e7\u00e3o de Certificado - primecursos.com.br\" width=\"720\" height=\"405\" src=\"https:\/\/www.youtube.com\/embed\/zjLpyp5BoDQ?feature=oembed\" frameborder=\"0\" allow=\"accelerometer; autoplay; clipboard-write; encrypted-media; gyroscope; picture-in-picture; web-share\" allowfullscreen><\/iframe>\n<\/div><\/figure>\n\n\n\n<div class=\"wp-block-image\"><figure class=\"aligncenter size-large is-resized\"><a href=\"https:\/\/www.primecursos.com.br\/cuidador-de-idosos\/\"><img decoding=\"async\" src=\"https:\/\/www.primecursos.com.br\/arquivos\/uploads\/2018\/05\/curso-gratis-de-cuidador-de-idosos.jpg\" alt=\"\" width=\"587\" height=\"307\"\/><\/a><\/figure><\/div>\n","protected":false},"excerpt":{"rendered":"<p>Em todo trabalho a forma como nos vestimos est\u00e1 relacionada com a maneira como encaramos nossa fun\u00e7\u00e3o, al\u00e9m&#8230;<\/p>\n","protected":false},"author":14,"featured_media":7525,"comment_status":"open","ping_status":"closed","sticky":false,"template":"","format":"standard","meta":{"_kad_blocks_custom_css":"","_kad_blocks_head_custom_js":"","_kad_blocks_body_custom_js":"","_kad_blocks_footer_custom_js":"","_kadence_starter_templates_imported_post":false,"_kad_post_transparent":"","_kad_post_title":"","_kad_post_layout":"","_kad_post_sidebar_id":"","_kad_post_content_style":"","_kad_post_vertical_padding":"","_kad_post_feature":"","_kad_post_feature_position":"","_kad_post_header":false,"_kad_post_footer":false,"_kad_post_classname":"","footnotes":""},"categories":[1],"tags":[124],"class_list":["post-7632","post","type-post","status-publish","format-standard","has-post-thumbnail","hentry","category-artigos","tag-cuidador-de-idoso"],"yoast_head":"<!-- This site is optimized with the Yoast SEO plugin v27.4 - https:\/\/yoast.com\/product\/yoast-seo-wordpress\/ -->\n<title>Como deve ser a roupa de um cuidador de idoso? | Prime Cursos<\/title>\n<meta name=\"description\" content=\"Leia Como deve ser a roupa de um cuidador de idoso? no blog da Prime Cursos, o maior site de cursos online do Brasil cheio de oportunidades para voc\u00ea!\" \/>\n<meta name=\"robots\" content=\"index, follow, max-snippet:-1, max-image-preview:large, max-video-preview:-1\" \/>\n<link rel=\"canonical\" href=\"https:\/\/www.primecursos.com.br\/blog\/roupa-de-um-cuidador-de-idoso\/\" \/>\n<meta property=\"og:locale\" content=\"pt_BR\" \/>\n<meta property=\"og:type\" content=\"article\" \/>\n<meta property=\"og:title\" content=\"Como deve ser a roupa de um cuidador de idoso? | Prime Cursos\" \/>\n<meta property=\"og:description\" content=\"Leia Como deve ser a roupa de um cuidador de idoso? no blog da Prime Cursos, o maior site de cursos online do Brasil cheio de oportunidades para voc\u00ea!\" \/>\n<meta property=\"og:url\" content=\"https:\/\/www.primecursos.com.br\/blog\/roupa-de-um-cuidador-de-idoso\/\" \/>\n<meta property=\"og:site_name\" content=\"Prime Cursos\" \/>\n<meta property=\"article:publisher\" content=\"https:\/\/www.facebook.com\/primecursos\/\" \/>\n<meta property=\"article:published_time\" content=\"2020-08-20T15:54:00+00:00\" \/>\n<meta property=\"article:modified_time\" content=\"2020-10-01T00:10:44+00:00\" \/>\n<meta property=\"og:image\" content=\"https:\/\/www.primecursos.com.br\/blog\/wp-content\/uploads\/2020\/07\/cbo-de-cuidador-de-idoso-20072020.jpg\" \/>\n\t<meta property=\"og:image:width\" content=\"1024\" \/>\n\t<meta property=\"og:image:height\" content=\"683\" \/>\n\t<meta property=\"og:image:type\" content=\"image\/jpeg\" \/>\n<meta name=\"author\" content=\"Rafaella Rique\" \/>\n<meta name=\"twitter:label1\" content=\"Escrito por\" \/>\n\t<meta name=\"twitter:data1\" content=\"Rafaella Rique\" \/>\n\t<meta name=\"twitter:label2\" content=\"Est. tempo de leitura\" \/>\n\t<meta name=\"twitter:data2\" content=\"5 minutos\" \/>\n<script type=\"application\/ld+json\" class=\"yoast-schema-graph\">{\"@context\":\"https:\\\/\\\/schema.org\",\"@graph\":[{\"@type\":\"Article\",\"@id\":\"https:\\\/\\\/www.primecursos.com.br\\\/blog\\\/roupa-de-um-cuidador-de-idoso\\\/#article\",\"isPartOf\":{\"@id\":\"https:\\\/\\\/www.primecursos.com.br\\\/blog\\\/roupa-de-um-cuidador-de-idoso\\\/\"},\"author\":{\"name\":\"Rafaella Rique\",\"@id\":\"https:\\\/\\\/www.primecursos.com.br\\\/blog\\\/#\\\/schema\\\/person\\\/26930cdfa17a9d9307972b99520c3a7c\"},\"headline\":\"Como deve ser a roupa de um cuidador de idoso?\",\"datePublished\":\"2020-08-20T15:54:00+00:00\",\"dateModified\":\"2020-10-01T00:10:44+00:00\",\"mainEntityOfPage\":{\"@id\":\"https:\\\/\\\/www.primecursos.com.br\\\/blog\\\/roupa-de-um-cuidador-de-idoso\\\/\"},\"wordCount\":1053,\"commentCount\":1,\"publisher\":{\"@id\":\"https:\\\/\\\/www.primecursos.com.br\\\/blog\\\/#organization\"},\"image\":{\"@id\":\"https:\\\/\\\/www.primecursos.com.br\\\/blog\\\/roupa-de-um-cuidador-de-idoso\\\/#primaryimage\"},\"thumbnailUrl\":\"https:\\\/\\\/www.primecursos.com.br\\\/blog\\\/wp-content\\\/uploads\\\/2020\\\/07\\\/cbo-de-cuidador-de-idoso-20072020.jpg\",\"keywords\":[\"Cuidador de Idoso\"],\"articleSection\":[\"Artigos\"],\"inLanguage\":\"pt-BR\",\"potentialAction\":[{\"@type\":\"CommentAction\",\"name\":\"Comment\",\"target\":[\"https:\\\/\\\/www.primecursos.com.br\\\/blog\\\/roupa-de-um-cuidador-de-idoso\\\/#respond\"]}]},{\"@type\":\"WebPage\",\"@id\":\"https:\\\/\\\/www.primecursos.com.br\\\/blog\\\/roupa-de-um-cuidador-de-idoso\\\/\",\"url\":\"https:\\\/\\\/www.primecursos.com.br\\\/blog\\\/roupa-de-um-cuidador-de-idoso\\\/\",\"name\":\"Como deve ser a roupa de um cuidador de idoso? | Prime Cursos\",\"isPartOf\":{\"@id\":\"https:\\\/\\\/www.primecursos.com.br\\\/blog\\\/#website\"},\"primaryImageOfPage\":{\"@id\":\"https:\\\/\\\/www.primecursos.com.br\\\/blog\\\/roupa-de-um-cuidador-de-idoso\\\/#primaryimage\"},\"image\":{\"@id\":\"https:\\\/\\\/www.primecursos.com.br\\\/blog\\\/roupa-de-um-cuidador-de-idoso\\\/#primaryimage\"},\"thumbnailUrl\":\"https:\\\/\\\/www.primecursos.com.br\\\/blog\\\/wp-content\\\/uploads\\\/2020\\\/07\\\/cbo-de-cuidador-de-idoso-20072020.jpg\",\"datePublished\":\"2020-08-20T15:54:00+00:00\",\"dateModified\":\"2020-10-01T00:10:44+00:00\",\"description\":\"Leia Como deve ser a roupa de um cuidador de idoso? no blog da Prime Cursos, o maior site de cursos online do Brasil cheio de oportunidades para voc\u00ea!\",\"breadcrumb\":{\"@id\":\"https:\\\/\\\/www.primecursos.com.br\\\/blog\\\/roupa-de-um-cuidador-de-idoso\\\/#breadcrumb\"},\"inLanguage\":\"pt-BR\",\"potentialAction\":[{\"@type\":\"ReadAction\",\"target\":[\"https:\\\/\\\/www.primecursos.com.br\\\/blog\\\/roupa-de-um-cuidador-de-idoso\\\/\"]}]},{\"@type\":\"ImageObject\",\"inLanguage\":\"pt-BR\",\"@id\":\"https:\\\/\\\/www.primecursos.com.br\\\/blog\\\/roupa-de-um-cuidador-de-idoso\\\/#primaryimage\",\"url\":\"https:\\\/\\\/www.primecursos.com.br\\\/blog\\\/wp-content\\\/uploads\\\/2020\\\/07\\\/cbo-de-cuidador-de-idoso-20072020.jpg\",\"contentUrl\":\"https:\\\/\\\/www.primecursos.com.br\\\/blog\\\/wp-content\\\/uploads\\\/2020\\\/07\\\/cbo-de-cuidador-de-idoso-20072020.jpg\",\"width\":1024,\"height\":683,\"caption\":\"qual a roupa de um cuidador de idoso\"},{\"@type\":\"BreadcrumbList\",\"@id\":\"https:\\\/\\\/www.primecursos.com.br\\\/blog\\\/roupa-de-um-cuidador-de-idoso\\\/#breadcrumb\",\"itemListElement\":[{\"@type\":\"ListItem\",\"position\":1,\"name\":\"In\u00edcio\",\"item\":\"https:\\\/\\\/www.primecursos.com.br\\\/blog\\\/\"},{\"@type\":\"ListItem\",\"position\":2,\"name\":\"Artigos\",\"item\":\"https:\\\/\\\/www.primecursos.com.br\\\/blog\\\/artigos\\\/\"},{\"@type\":\"ListItem\",\"position\":3,\"name\":\"Como deve ser a roupa de um cuidador de idoso?\"}]},{\"@type\":\"WebSite\",\"@id\":\"https:\\\/\\\/www.primecursos.com.br\\\/blog\\\/#website\",\"url\":\"https:\\\/\\\/www.primecursos.com.br\\\/blog\\\/\",\"name\":\"Prime Cursos\",\"description\":\"Cursos gr\u00e1tis com certificado v\u00e1lido\",\"publisher\":{\"@id\":\"https:\\\/\\\/www.primecursos.com.br\\\/blog\\\/#organization\"},\"potentialAction\":[{\"@type\":\"SearchAction\",\"target\":{\"@type\":\"EntryPoint\",\"urlTemplate\":\"https:\\\/\\\/www.primecursos.com.br\\\/blog\\\/?s={search_term_string}\"},\"query-input\":{\"@type\":\"PropertyValueSpecification\",\"valueRequired\":true,\"valueName\":\"search_term_string\"}}],\"inLanguage\":\"pt-BR\"},{\"@type\":\"Organization\",\"@id\":\"https:\\\/\\\/www.primecursos.com.br\\\/blog\\\/#organization\",\"name\":\"Prime Cursos Online\",\"url\":\"https:\\\/\\\/www.primecursos.com.br\\\/blog\\\/\",\"logo\":{\"@type\":\"ImageObject\",\"inLanguage\":\"pt-BR\",\"@id\":\"https:\\\/\\\/www.primecursos.com.br\\\/blog\\\/#\\\/schema\\\/logo\\\/image\\\/\",\"url\":\"https:\\\/\\\/www.primecursos.com.br\\\/blog\\\/wp-content\\\/uploads\\\/2018\\\/03\\\/prime-cursos-gratis-online-logo-070318b-1.png\",\"contentUrl\":\"https:\\\/\\\/www.primecursos.com.br\\\/blog\\\/wp-content\\\/uploads\\\/2018\\\/03\\\/prime-cursos-gratis-online-logo-070318b-1.png\",\"width\":330,\"height\":80,\"caption\":\"Prime Cursos Online\"},\"image\":{\"@id\":\"https:\\\/\\\/www.primecursos.com.br\\\/blog\\\/#\\\/schema\\\/logo\\\/image\\\/\"},\"sameAs\":[\"https:\\\/\\\/www.facebook.com\\\/primecursos\\\/\",\"https:\\\/\\\/x.com\\\/primecursosbr\"]},{\"@type\":\"Person\",\"@id\":\"https:\\\/\\\/www.primecursos.com.br\\\/blog\\\/#\\\/schema\\\/person\\\/26930cdfa17a9d9307972b99520c3a7c\",\"name\":\"Rafaella Rique\",\"image\":{\"@type\":\"ImageObject\",\"inLanguage\":\"pt-BR\",\"@id\":\"https:\\\/\\\/secure.gravatar.com\\\/avatar\\\/9d642f0cffab15ef479de43572a984e79f5ce7367947fb64ebbf2bf20375d516?s=96&d=mm&r=g\",\"url\":\"https:\\\/\\\/secure.gravatar.com\\\/avatar\\\/9d642f0cffab15ef479de43572a984e79f5ce7367947fb64ebbf2bf20375d516?s=96&d=mm&r=g\",\"contentUrl\":\"https:\\\/\\\/secure.gravatar.com\\\/avatar\\\/9d642f0cffab15ef479de43572a984e79f5ce7367947fb64ebbf2bf20375d516?s=96&d=mm&r=g\",\"caption\":\"Rafaella Rique\"},\"url\":\"https:\\\/\\\/www.primecursos.com.br\\\/blog\\\/author\\\/rafaellarique\\\/\"}]}<\/script>\n<!-- \/ Yoast SEO plugin. -->","yoast_head_json":{"title":"Como deve ser a roupa de um cuidador de idoso? | Prime Cursos","description":"Leia Como deve ser a roupa de um cuidador de idoso? no blog da Prime Cursos, o maior site de cursos online do Brasil cheio de oportunidades para voc\u00ea!","robots":{"index":"index","follow":"follow","max-snippet":"max-snippet:-1","max-image-preview":"max-image-preview:large","max-video-preview":"max-video-preview:-1"},"canonical":"https:\/\/www.primecursos.com.br\/blog\/roupa-de-um-cuidador-de-idoso\/","og_locale":"pt_BR","og_type":"article","og_title":"Como deve ser a roupa de um cuidador de idoso? | Prime Cursos","og_description":"Leia Como deve ser a roupa de um cuidador de idoso? no blog da Prime Cursos, o maior site de cursos online do Brasil cheio de oportunidades para voc\u00ea!","og_url":"https:\/\/www.primecursos.com.br\/blog\/roupa-de-um-cuidador-de-idoso\/","og_site_name":"Prime Cursos","article_publisher":"https:\/\/www.facebook.com\/primecursos\/","article_published_time":"2020-08-20T15:54:00+00:00","article_modified_time":"2020-10-01T00:10:44+00:00","og_image":[{"width":1024,"height":683,"url":"https:\/\/www.primecursos.com.br\/blog\/wp-content\/uploads\/2020\/07\/cbo-de-cuidador-de-idoso-20072020.jpg","type":"image\/jpeg"}],"author":"Rafaella Rique","twitter_misc":{"Escrito por":"Rafaella Rique","Est. tempo de leitura":"5 minutos"},"schema":{"@context":"https:\/\/schema.org","@graph":[{"@type":"Article","@id":"https:\/\/www.primecursos.com.br\/blog\/roupa-de-um-cuidador-de-idoso\/#article","isPartOf":{"@id":"https:\/\/www.primecursos.com.br\/blog\/roupa-de-um-cuidador-de-idoso\/"},"author":{"name":"Rafaella Rique","@id":"https:\/\/www.primecursos.com.br\/blog\/#\/schema\/person\/26930cdfa17a9d9307972b99520c3a7c"},"headline":"Como deve ser a roupa de um cuidador de idoso?","datePublished":"2020-08-20T15:54:00+00:00","dateModified":"2020-10-01T00:10:44+00:00","mainEntityOfPage":{"@id":"https:\/\/www.primecursos.com.br\/blog\/roupa-de-um-cuidador-de-idoso\/"},"wordCount":1053,"commentCount":1,"publisher":{"@id":"https:\/\/www.primecursos.com.br\/blog\/#organization"},"image":{"@id":"https:\/\/www.primecursos.com.br\/blog\/roupa-de-um-cuidador-de-idoso\/#primaryimage"},"thumbnailUrl":"https:\/\/www.primecursos.com.br\/blog\/wp-content\/uploads\/2020\/07\/cbo-de-cuidador-de-idoso-20072020.jpg","keywords":["Cuidador de Idoso"],"articleSection":["Artigos"],"inLanguage":"pt-BR","potentialAction":[{"@type":"CommentAction","name":"Comment","target":["https:\/\/www.primecursos.com.br\/blog\/roupa-de-um-cuidador-de-idoso\/#respond"]}]},{"@type":"WebPage","@id":"https:\/\/www.primecursos.com.br\/blog\/roupa-de-um-cuidador-de-idoso\/","url":"https:\/\/www.primecursos.com.br\/blog\/roupa-de-um-cuidador-de-idoso\/","name":"Como deve ser a roupa de um cuidador de idoso? | Prime Cursos","isPartOf":{"@id":"https:\/\/www.primecursos.com.br\/blog\/#website"},"primaryImageOfPage":{"@id":"https:\/\/www.primecursos.com.br\/blog\/roupa-de-um-cuidador-de-idoso\/#primaryimage"},"image":{"@id":"https:\/\/www.primecursos.com.br\/blog\/roupa-de-um-cuidador-de-idoso\/#primaryimage"},"thumbnailUrl":"https:\/\/www.primecursos.com.br\/blog\/wp-content\/uploads\/2020\/07\/cbo-de-cuidador-de-idoso-20072020.jpg","datePublished":"2020-08-20T15:54:00+00:00","dateModified":"2020-10-01T00:10:44+00:00","description":"Leia Como deve ser a roupa de um cuidador de idoso? no blog da Prime Cursos, o maior site de cursos online do Brasil cheio de oportunidades para voc\u00ea!","breadcrumb":{"@id":"https:\/\/www.primecursos.com.br\/blog\/roupa-de-um-cuidador-de-idoso\/#breadcrumb"},"inLanguage":"pt-BR","potentialAction":[{"@type":"ReadAction","target":["https:\/\/www.primecursos.com.br\/blog\/roupa-de-um-cuidador-de-idoso\/"]}]},{"@type":"ImageObject","inLanguage":"pt-BR","@id":"https:\/\/www.primecursos.com.br\/blog\/roupa-de-um-cuidador-de-idoso\/#primaryimage","url":"https:\/\/www.primecursos.com.br\/blog\/wp-content\/uploads\/2020\/07\/cbo-de-cuidador-de-idoso-20072020.jpg","contentUrl":"https:\/\/www.primecursos.com.br\/blog\/wp-content\/uploads\/2020\/07\/cbo-de-cuidador-de-idoso-20072020.jpg","width":1024,"height":683,"caption":"qual a roupa de um cuidador de idoso"},{"@type":"BreadcrumbList","@id":"https:\/\/www.primecursos.com.br\/blog\/roupa-de-um-cuidador-de-idoso\/#breadcrumb","itemListElement":[{"@type":"ListItem","position":1,"name":"In\u00edcio","item":"https:\/\/www.primecursos.com.br\/blog\/"},{"@type":"ListItem","position":2,"name":"Artigos","item":"https:\/\/www.primecursos.com.br\/blog\/artigos\/"},{"@type":"ListItem","position":3,"name":"Como deve ser a roupa de um cuidador de idoso?"}]},{"@type":"WebSite","@id":"https:\/\/www.primecursos.com.br\/blog\/#website","url":"https:\/\/www.primecursos.com.br\/blog\/","name":"Prime Cursos","description":"Cursos gr\u00e1tis com certificado v\u00e1lido","publisher":{"@id":"https:\/\/www.primecursos.com.br\/blog\/#organization"},"potentialAction":[{"@type":"SearchAction","target":{"@type":"EntryPoint","urlTemplate":"https:\/\/www.primecursos.com.br\/blog\/?s={search_term_string}"},"query-input":{"@type":"PropertyValueSpecification","valueRequired":true,"valueName":"search_term_string"}}],"inLanguage":"pt-BR"},{"@type":"Organization","@id":"https:\/\/www.primecursos.com.br\/blog\/#organization","name":"Prime Cursos Online","url":"https:\/\/www.primecursos.com.br\/blog\/","logo":{"@type":"ImageObject","inLanguage":"pt-BR","@id":"https:\/\/www.primecursos.com.br\/blog\/#\/schema\/logo\/image\/","url":"https:\/\/www.primecursos.com.br\/blog\/wp-content\/uploads\/2018\/03\/prime-cursos-gratis-online-logo-070318b-1.png","contentUrl":"https:\/\/www.primecursos.com.br\/blog\/wp-content\/uploads\/2018\/03\/prime-cursos-gratis-online-logo-070318b-1.png","width":330,"height":80,"caption":"Prime Cursos Online"},"image":{"@id":"https:\/\/www.primecursos.com.br\/blog\/#\/schema\/logo\/image\/"},"sameAs":["https:\/\/www.facebook.com\/primecursos\/","https:\/\/x.com\/primecursosbr"]},{"@type":"Person","@id":"https:\/\/www.primecursos.com.br\/blog\/#\/schema\/person\/26930cdfa17a9d9307972b99520c3a7c","name":"Rafaella Rique","image":{"@type":"ImageObject","inLanguage":"pt-BR","@id":"https:\/\/secure.gravatar.com\/avatar\/9d642f0cffab15ef479de43572a984e79f5ce7367947fb64ebbf2bf20375d516?s=96&d=mm&r=g","url":"https:\/\/secure.gravatar.com\/avatar\/9d642f0cffab15ef479de43572a984e79f5ce7367947fb64ebbf2bf20375d516?s=96&d=mm&r=g","contentUrl":"https:\/\/secure.gravatar.com\/avatar\/9d642f0cffab15ef479de43572a984e79f5ce7367947fb64ebbf2bf20375d516?s=96&d=mm&r=g","caption":"Rafaella Rique"},"url":"https:\/\/www.primecursos.com.br\/blog\/author\/rafaellarique\/"}]}},"taxonomy_info":{"category":[{"value":1,"label":"Artigos"}],"post_tag":[{"value":124,"label":"Cuidador de Idoso"}]},"featured_image_src_large":["https:\/\/www.primecursos.com.br\/blog\/wp-content\/uploads\/2020\/07\/cbo-de-cuidador-de-idoso-20072020.jpg",1024,683,false],"author_info":{"display_name":"Rafaella Rique","author_link":"https:\/\/www.primecursos.com.br\/blog\/author\/rafaellarique\/"},"comment_info":1,"category_info":[{"term_id":1,"name":"Artigos","slug":"artigos","term_group":0,"term_taxonomy_id":1,"taxonomy":"category","description":"","parent":0,"count":982,"filter":"raw","cat_ID":1,"category_count":982,"category_description":"","cat_name":"Artigos","category_nicename":"artigos","category_parent":0}],"tag_info":[{"term_id":124,"name":"Cuidador de Idoso","slug":"cuidador-de-idoso","term_group":0,"term_taxonomy_id":124,"taxonomy":"post_tag","description":"","parent":0,"count":20,"filter":"raw"}],"_links":{"self":[{"href":"https:\/\/www.primecursos.com.br\/blog\/wp-json\/wp\/v2\/posts\/7632","targetHints":{"allow":["GET"]}}],"collection":[{"href":"https:\/\/www.primecursos.com.br\/blog\/wp-json\/wp\/v2\/posts"}],"about":[{"href":"https:\/\/www.primecursos.com.br\/blog\/wp-json\/wp\/v2\/types\/post"}],"author":[{"embeddable":true,"href":"https:\/\/www.primecursos.com.br\/blog\/wp-json\/wp\/v2\/users\/14"}],"replies":[{"embeddable":true,"href":"https:\/\/www.primecursos.com.br\/blog\/wp-json\/wp\/v2\/comments?post=7632"}],"version-history":[{"count":0,"href":"https:\/\/www.primecursos.com.br\/blog\/wp-json\/wp\/v2\/posts\/7632\/revisions"}],"wp:featuredmedia":[{"embeddable":true,"href":"https:\/\/www.primecursos.com.br\/blog\/wp-json\/wp\/v2\/media\/7525"}],"wp:attachment":[{"href":"https:\/\/www.primecursos.com.br\/blog\/wp-json\/wp\/v2\/media?parent=7632"}],"wp:term":[{"taxonomy":"category","embeddable":true,"href":"https:\/\/www.primecursos.com.br\/blog\/wp-json\/wp\/v2\/categories?post=7632"},{"taxonomy":"post_tag","embeddable":true,"href":"https:\/\/www.primecursos.com.br\/blog\/wp-json\/wp\/v2\/tags?post=7632"}],"curies":[{"name":"wp","href":"https:\/\/api.w.org\/{rel}","templated":true}]}}