{"id":9018,"date":"2017-11-10T11:55:41","date_gmt":"2017-11-10T11:55:41","guid":{"rendered":"http:\/\/www.rosapenido.com.br\/?p=810"},"modified":"2017-11-10T11:55:41","modified_gmt":"2017-11-10T11:55:41","slug":"cancer-prostata-destaque-novembro-azul","status":"publish","type":"post","link":"https:\/\/www.primecursos.com.br\/blog\/cancer-prostata-destaque-novembro-azul\/","title":{"rendered":"C\u00e2ncer de pr\u00f3stata \u00e9 destaque na Campanha Novembro Azul"},"content":{"rendered":"<p>J\u00e1 falamos aqui no blog sobre <a href=\"http:\/\/www.rosapenido.com.br\/por-que-e-importante-falarmos-de-cidadania\/\" target=\"_blank\" rel=\"nofollow\">Cidadania e a Import\u00e2ncia de ser cidad\u00e3o<\/a> e os meses de outubro e novembro mostram a import\u00e2ncia da mobiliza\u00e7\u00e3o das pessoas quando se fala de uma doen\u00e7a s\u00e9ria, o c\u00e2ncer. O m\u00eas de Outubro \u00e9 marcado pela campanha do Outubro Rosa, focando no tratamento e preven\u00e7\u00e3o do c\u00e2ncer de mama. Aqui no blog voc\u00ea tamb\u00e9m pode encontrar informa\u00e7\u00f5es sobre <a href=\"http:\/\/www.rosapenido.com.br\/ongs-feministas-brasileiras-que-voce-deveria-conhecer\/\" target=\"_blank\" rel=\"nofollow\">ONGs feministas<\/a> que cuidam do bem-estar das mulheres.<\/p>\n<p>Neste m\u00eas de Novembro o foco \u00e9 a campanha Novembro Azul. O objetivo \u00e9 conscientizar a popula\u00e7\u00e3o masculina a respeito das doen\u00e7as masculinas, principalmente o c\u00e2ncer de pr\u00f3stata. Para divulgar a campanha, durante todo o m\u00eas \u00e9 poss\u00edvel encontrar diversos pontos tur\u00edsticos ao redor do mundo s\u00e3o iluminados de azul.<!--more--><\/p>\n<h2>Hist\u00f3ria<\/h2>\n<p>Iniciado no ano de 2003, na Austr\u00e1lia, o Novembro Azul, incialmente conhecido como Movember, era celebrado no dia 17 de novembro, Dia Mundial de Combate ao C\u00e2ncer de Pr\u00f3stata. Hoje, a campanha se espalhou pelo globo e foi aderida por muitos pa\u00edses e se tornou o principal meio de quebrar o preconceito masculino de realizar o exame de toque.<\/p>\n<p>O carro-chefe da divulga\u00e7\u00e3o da campanha s\u00e3o os bigodes, principal s\u00edmbolo masculino. A tradu\u00e7\u00e3o de bigode em ingl\u00eas \u00e9 Moustache e novembro \u00e9 November. A partir da\u00ed surgiu o primeiro nome da campanha, Movember.<\/p>\n<p>&nbsp;<\/p>\n<h2>Projeto em destaque<\/h2>\n<p><strong>\u00a0<\/strong>Respons\u00e1vel pela implanta\u00e7\u00e3o da campanha no Brasil o Instituto Lado a Lado pela Vida foi a primeira organiza\u00e7\u00e3o a abordar assuntos relacionados ao c\u00e2ncer de pr\u00f3stata no pa\u00eds. Em 2008, o Instituto organizou a campanha Um Toque, Um Drible. O objetivo era discutir uma mudan\u00e7a no comportamento do homem em rela\u00e7\u00e3o a ida ao m\u00e9dico.<\/p>\n<p>Ap\u00f3s quatro anos de campanha o Instituto Lado a Lado pela Vida resolveu estender para o m\u00eas inteiro focando exclusivamente na sa\u00fade do homem.<\/p>\n<p>O resultados s\u00e3o satisfat\u00f3rios at\u00e9 hoje. Estima-se que a campanha atinja por ano 87 milh\u00f5es de pessoas em todo o Brasil. Hoje, o Novembro Azul \u00e9 a maior campanha de combate ao c\u00e2ncer de pr\u00f3stata do Brasil.<\/p>\n<p>O Novembro Azul j\u00e1 est\u00e1 a todo vapor e voc\u00ea pode acompanhar todas as a\u00e7\u00f5es do Instituto Lado a Lado pela Vida nas redes sociais.<\/p>\n<p>https:\/\/www.instagram.com\/p\/Ba87KohlPwz\/?taken-by=institutoladoalado<\/p>\n<h2>Programa\u00e7\u00e3o<\/h2>\n<p>Na semana do dia 13 \u00e0 17 acontecer\u00e1 o Mutir\u00e3o da Sa\u00fade do Homem, al\u00e9m disso, muitas palestras, coquet\u00e9is, a\u00e7\u00f5es interativas e muito mais acontecer\u00e1 durante todo o m\u00eas. Acesse a lista completa da <a href=\"http:\/\/www.ladoaladopelavida.org.br\/portal\/Principal\/arquivos\/Azul%20Novembro\/CalendarioNovembroLAL.PDF\" target=\"_blank\" rel=\"nofollow\">programa\u00e7\u00e3o<\/a> e participe!<\/p>\n<p>&nbsp;<\/p>\n","protected":false},"excerpt":{"rendered":"<p>J\u00e1 falamos aqui no blog sobre Cidadania e a Import\u00e2ncia de ser cidad\u00e3o e os meses de outubro&#8230;<\/p>\n","protected":false},"author":17,"featured_media":811,"comment_status":"open","ping_status":"open","sticky":false,"template":"","format":"standard","meta":{"_kad_blocks_custom_css":"","_kad_blocks_head_custom_js":"","_kad_blocks_body_custom_js":"","_kad_blocks_footer_custom_js":"","_kadence_starter_templates_imported_post":false,"_kad_post_transparent":"","_kad_post_title":"","_kad_post_layout":"","_kad_post_sidebar_id":"","_kad_post_content_style":"","_kad_post_vertical_padding":"","_kad_post_feature":"","_kad_post_feature_position":"","_kad_post_header":false,"_kad_post_footer":false,"_kad_post_classname":"","footnotes":""},"categories":[1],"tags":[],"class_list":["post-9018","post","type-post","status-publish","format-standard","has-post-thumbnail","hentry","category-artigos"],"yoast_head":"<!-- This site is optimized with the Yoast SEO plugin v27.5 - https:\/\/yoast.com\/product\/yoast-seo-wordpress\/ -->\n<title>C\u00e2ncer de pr\u00f3stata \u00e9 destaque na Campanha Novembro Azul | Prime Cursos<\/title>\n<meta name=\"description\" content=\"J\u00e1 falamos aqui no blog sobre Cidadania e a Import\u00e2ncia de ser cidad\u00e3o e os meses de outubro e novembro mostram a import\u00e2ncia da mobiliza\u00e7\u00e3o das pessoas\" \/>\n<meta name=\"robots\" content=\"index, follow, max-snippet:-1, max-image-preview:large, max-video-preview:-1\" \/>\n<link rel=\"canonical\" href=\"https:\/\/www.primecursos.com.br\/blog\/cancer-prostata-destaque-novembro-azul\/\" \/>\n<meta property=\"og:locale\" content=\"pt_BR\" \/>\n<meta property=\"og:type\" content=\"article\" \/>\n<meta property=\"og:title\" content=\"C\u00e2ncer de pr\u00f3stata \u00e9 destaque na Campanha Novembro Azul | Prime Cursos\" \/>\n<meta property=\"og:description\" content=\"J\u00e1 falamos aqui no blog sobre Cidadania e a Import\u00e2ncia de ser cidad\u00e3o e os meses de outubro e novembro mostram a import\u00e2ncia da mobiliza\u00e7\u00e3o das pessoas\" \/>\n<meta property=\"og:url\" content=\"https:\/\/www.primecursos.com.br\/blog\/cancer-prostata-destaque-novembro-azul\/\" \/>\n<meta property=\"og:site_name\" content=\"Prime Cursos\" \/>\n<meta property=\"article:publisher\" content=\"https:\/\/www.facebook.com\/primecursos\/\" \/>\n<meta property=\"article:published_time\" content=\"2017-11-10T11:55:41+00:00\" \/>\n<meta property=\"og:image\" content=\"https:\/\/www.primecursos.com.br\/blog\/wp-content\/uploads\/2016\/01\/primeCURSOS1.jpg\" \/>\n\t<meta property=\"og:image:width\" content=\"2017\" \/>\n\t<meta property=\"og:image:height\" content=\"1243\" \/>\n\t<meta property=\"og:image:type\" content=\"image\/jpeg\" \/>\n<meta name=\"author\" content=\"rosa\" \/>\n<meta name=\"twitter:label1\" content=\"Escrito por\" \/>\n\t<meta name=\"twitter:data1\" content=\"rosa\" \/>\n\t<meta name=\"twitter:label2\" content=\"Est. tempo de leitura\" \/>\n\t<meta name=\"twitter:data2\" content=\"2 minutos\" \/>\n<script type=\"application\/ld+json\" class=\"yoast-schema-graph\">{\"@context\":\"https:\\\/\\\/schema.org\",\"@graph\":[{\"@type\":\"Article\",\"@id\":\"https:\\\/\\\/www.primecursos.com.br\\\/blog\\\/cancer-prostata-destaque-novembro-azul\\\/#article\",\"isPartOf\":{\"@id\":\"https:\\\/\\\/www.primecursos.com.br\\\/blog\\\/cancer-prostata-destaque-novembro-azul\\\/\"},\"author\":{\"name\":\"rosa\",\"@id\":\"https:\\\/\\\/www.primecursos.com.br\\\/blog\\\/#\\\/schema\\\/person\\\/f045eea94e4f3677ebc3af613e1ef9a9\"},\"headline\":\"C\u00e2ncer de pr\u00f3stata \u00e9 destaque na Campanha Novembro Azul\",\"datePublished\":\"2017-11-10T11:55:41+00:00\",\"mainEntityOfPage\":{\"@id\":\"https:\\\/\\\/www.primecursos.com.br\\\/blog\\\/cancer-prostata-destaque-novembro-azul\\\/\"},\"wordCount\":463,\"commentCount\":0,\"publisher\":{\"@id\":\"https:\\\/\\\/www.primecursos.com.br\\\/blog\\\/#organization\"},\"image\":{\"@id\":\"https:\\\/\\\/www.primecursos.com.br\\\/blog\\\/cancer-prostata-destaque-novembro-azul\\\/#primaryimage\"},\"thumbnailUrl\":\"\",\"articleSection\":[\"Artigos\"],\"inLanguage\":\"pt-BR\",\"potentialAction\":[{\"@type\":\"CommentAction\",\"name\":\"Comment\",\"target\":[\"https:\\\/\\\/www.primecursos.com.br\\\/blog\\\/cancer-prostata-destaque-novembro-azul\\\/#respond\"]}]},{\"@type\":\"WebPage\",\"@id\":\"https:\\\/\\\/www.primecursos.com.br\\\/blog\\\/cancer-prostata-destaque-novembro-azul\\\/\",\"url\":\"https:\\\/\\\/www.primecursos.com.br\\\/blog\\\/cancer-prostata-destaque-novembro-azul\\\/\",\"name\":\"C\u00e2ncer de pr\u00f3stata \u00e9 destaque na Campanha Novembro Azul | Prime Cursos\",\"isPartOf\":{\"@id\":\"https:\\\/\\\/www.primecursos.com.br\\\/blog\\\/#website\"},\"primaryImageOfPage\":{\"@id\":\"https:\\\/\\\/www.primecursos.com.br\\\/blog\\\/cancer-prostata-destaque-novembro-azul\\\/#primaryimage\"},\"image\":{\"@id\":\"https:\\\/\\\/www.primecursos.com.br\\\/blog\\\/cancer-prostata-destaque-novembro-azul\\\/#primaryimage\"},\"thumbnailUrl\":\"\",\"datePublished\":\"2017-11-10T11:55:41+00:00\",\"description\":\"J\u00e1 falamos aqui no blog sobre Cidadania e a Import\u00e2ncia de ser cidad\u00e3o e os meses de outubro e novembro mostram a import\u00e2ncia da mobiliza\u00e7\u00e3o das pessoas\",\"breadcrumb\":{\"@id\":\"https:\\\/\\\/www.primecursos.com.br\\\/blog\\\/cancer-prostata-destaque-novembro-azul\\\/#breadcrumb\"},\"inLanguage\":\"pt-BR\",\"potentialAction\":[{\"@type\":\"ReadAction\",\"target\":[\"https:\\\/\\\/www.primecursos.com.br\\\/blog\\\/cancer-prostata-destaque-novembro-azul\\\/\"]}]},{\"@type\":\"ImageObject\",\"inLanguage\":\"pt-BR\",\"@id\":\"https:\\\/\\\/www.primecursos.com.br\\\/blog\\\/cancer-prostata-destaque-novembro-azul\\\/#primaryimage\",\"url\":\"\",\"contentUrl\":\"\"},{\"@type\":\"BreadcrumbList\",\"@id\":\"https:\\\/\\\/www.primecursos.com.br\\\/blog\\\/cancer-prostata-destaque-novembro-azul\\\/#breadcrumb\",\"itemListElement\":[{\"@type\":\"ListItem\",\"position\":1,\"name\":\"In\u00edcio\",\"item\":\"https:\\\/\\\/www.primecursos.com.br\\\/blog\\\/\"},{\"@type\":\"ListItem\",\"position\":2,\"name\":\"Artigos\",\"item\":\"https:\\\/\\\/www.primecursos.com.br\\\/blog\\\/artigos\\\/\"},{\"@type\":\"ListItem\",\"position\":3,\"name\":\"C\u00e2ncer de pr\u00f3stata \u00e9 destaque na Campanha Novembro Azul\"}]},{\"@type\":\"WebSite\",\"@id\":\"https:\\\/\\\/www.primecursos.com.br\\\/blog\\\/#website\",\"url\":\"https:\\\/\\\/www.primecursos.com.br\\\/blog\\\/\",\"name\":\"Prime Cursos\",\"description\":\"Cursos gr\u00e1tis com certificado v\u00e1lido\",\"publisher\":{\"@id\":\"https:\\\/\\\/www.primecursos.com.br\\\/blog\\\/#organization\"},\"potentialAction\":[{\"@type\":\"SearchAction\",\"target\":{\"@type\":\"EntryPoint\",\"urlTemplate\":\"https:\\\/\\\/www.primecursos.com.br\\\/blog\\\/?s={search_term_string}\"},\"query-input\":{\"@type\":\"PropertyValueSpecification\",\"valueRequired\":true,\"valueName\":\"search_term_string\"}}],\"inLanguage\":\"pt-BR\"},{\"@type\":\"Organization\",\"@id\":\"https:\\\/\\\/www.primecursos.com.br\\\/blog\\\/#organization\",\"name\":\"Prime Cursos Online\",\"url\":\"https:\\\/\\\/www.primecursos.com.br\\\/blog\\\/\",\"logo\":{\"@type\":\"ImageObject\",\"inLanguage\":\"pt-BR\",\"@id\":\"https:\\\/\\\/www.primecursos.com.br\\\/blog\\\/#\\\/schema\\\/logo\\\/image\\\/\",\"url\":\"https:\\\/\\\/www.primecursos.com.br\\\/blog\\\/wp-content\\\/uploads\\\/2018\\\/03\\\/prime-cursos-gratis-online-logo-070318b-1.png\",\"contentUrl\":\"https:\\\/\\\/www.primecursos.com.br\\\/blog\\\/wp-content\\\/uploads\\\/2018\\\/03\\\/prime-cursos-gratis-online-logo-070318b-1.png\",\"width\":330,\"height\":80,\"caption\":\"Prime Cursos Online\"},\"image\":{\"@id\":\"https:\\\/\\\/www.primecursos.com.br\\\/blog\\\/#\\\/schema\\\/logo\\\/image\\\/\"},\"sameAs\":[\"https:\\\/\\\/www.facebook.com\\\/primecursos\\\/\",\"https:\\\/\\\/x.com\\\/primecursosbr\"]},{\"@type\":\"Person\",\"@id\":\"https:\\\/\\\/www.primecursos.com.br\\\/blog\\\/#\\\/schema\\\/person\\\/f045eea94e4f3677ebc3af613e1ef9a9\",\"name\":\"rosa\",\"image\":{\"@type\":\"ImageObject\",\"inLanguage\":\"pt-BR\",\"@id\":\"https:\\\/\\\/secure.gravatar.com\\\/avatar\\\/65ec9de52ca9d567d1c73d3d99b74ff2cc285df1208c42c4876636a0a4fd276c?s=96&d=mm&r=g\",\"url\":\"https:\\\/\\\/secure.gravatar.com\\\/avatar\\\/65ec9de52ca9d567d1c73d3d99b74ff2cc285df1208c42c4876636a0a4fd276c?s=96&d=mm&r=g\",\"contentUrl\":\"https:\\\/\\\/secure.gravatar.com\\\/avatar\\\/65ec9de52ca9d567d1c73d3d99b74ff2cc285df1208c42c4876636a0a4fd276c?s=96&d=mm&r=g\",\"caption\":\"rosa\"},\"url\":\"https:\\\/\\\/www.primecursos.com.br\\\/blog\\\/author\\\/rosa\\\/\"}]}<\/script>\n<!-- \/ Yoast SEO plugin. -->","yoast_head_json":{"title":"C\u00e2ncer de pr\u00f3stata \u00e9 destaque na Campanha Novembro Azul | Prime Cursos","description":"J\u00e1 falamos aqui no blog sobre Cidadania e a Import\u00e2ncia de ser cidad\u00e3o e os meses de outubro e novembro mostram a import\u00e2ncia da mobiliza\u00e7\u00e3o das pessoas","robots":{"index":"index","follow":"follow","max-snippet":"max-snippet:-1","max-image-preview":"max-image-preview:large","max-video-preview":"max-video-preview:-1"},"canonical":"https:\/\/www.primecursos.com.br\/blog\/cancer-prostata-destaque-novembro-azul\/","og_locale":"pt_BR","og_type":"article","og_title":"C\u00e2ncer de pr\u00f3stata \u00e9 destaque na Campanha Novembro Azul | Prime Cursos","og_description":"J\u00e1 falamos aqui no blog sobre Cidadania e a Import\u00e2ncia de ser cidad\u00e3o e os meses de outubro e novembro mostram a import\u00e2ncia da mobiliza\u00e7\u00e3o das pessoas","og_url":"https:\/\/www.primecursos.com.br\/blog\/cancer-prostata-destaque-novembro-azul\/","og_site_name":"Prime Cursos","article_publisher":"https:\/\/www.facebook.com\/primecursos\/","article_published_time":"2017-11-10T11:55:41+00:00","og_image":[{"width":2017,"height":1243,"url":"https:\/\/www.primecursos.com.br\/blog\/wp-content\/uploads\/2016\/01\/primeCURSOS1.jpg","type":"image\/jpeg"}],"author":"rosa","twitter_misc":{"Escrito por":"rosa","Est. tempo de leitura":"2 minutos"},"schema":{"@context":"https:\/\/schema.org","@graph":[{"@type":"Article","@id":"https:\/\/www.primecursos.com.br\/blog\/cancer-prostata-destaque-novembro-azul\/#article","isPartOf":{"@id":"https:\/\/www.primecursos.com.br\/blog\/cancer-prostata-destaque-novembro-azul\/"},"author":{"name":"rosa","@id":"https:\/\/www.primecursos.com.br\/blog\/#\/schema\/person\/f045eea94e4f3677ebc3af613e1ef9a9"},"headline":"C\u00e2ncer de pr\u00f3stata \u00e9 destaque na Campanha Novembro Azul","datePublished":"2017-11-10T11:55:41+00:00","mainEntityOfPage":{"@id":"https:\/\/www.primecursos.com.br\/blog\/cancer-prostata-destaque-novembro-azul\/"},"wordCount":463,"commentCount":0,"publisher":{"@id":"https:\/\/www.primecursos.com.br\/blog\/#organization"},"image":{"@id":"https:\/\/www.primecursos.com.br\/blog\/cancer-prostata-destaque-novembro-azul\/#primaryimage"},"thumbnailUrl":"","articleSection":["Artigos"],"inLanguage":"pt-BR","potentialAction":[{"@type":"CommentAction","name":"Comment","target":["https:\/\/www.primecursos.com.br\/blog\/cancer-prostata-destaque-novembro-azul\/#respond"]}]},{"@type":"WebPage","@id":"https:\/\/www.primecursos.com.br\/blog\/cancer-prostata-destaque-novembro-azul\/","url":"https:\/\/www.primecursos.com.br\/blog\/cancer-prostata-destaque-novembro-azul\/","name":"C\u00e2ncer de pr\u00f3stata \u00e9 destaque na Campanha Novembro Azul | Prime Cursos","isPartOf":{"@id":"https:\/\/www.primecursos.com.br\/blog\/#website"},"primaryImageOfPage":{"@id":"https:\/\/www.primecursos.com.br\/blog\/cancer-prostata-destaque-novembro-azul\/#primaryimage"},"image":{"@id":"https:\/\/www.primecursos.com.br\/blog\/cancer-prostata-destaque-novembro-azul\/#primaryimage"},"thumbnailUrl":"","datePublished":"2017-11-10T11:55:41+00:00","description":"J\u00e1 falamos aqui no blog sobre Cidadania e a Import\u00e2ncia de ser cidad\u00e3o e os meses de outubro e novembro mostram a import\u00e2ncia da mobiliza\u00e7\u00e3o das pessoas","breadcrumb":{"@id":"https:\/\/www.primecursos.com.br\/blog\/cancer-prostata-destaque-novembro-azul\/#breadcrumb"},"inLanguage":"pt-BR","potentialAction":[{"@type":"ReadAction","target":["https:\/\/www.primecursos.com.br\/blog\/cancer-prostata-destaque-novembro-azul\/"]}]},{"@type":"ImageObject","inLanguage":"pt-BR","@id":"https:\/\/www.primecursos.com.br\/blog\/cancer-prostata-destaque-novembro-azul\/#primaryimage","url":"","contentUrl":""},{"@type":"BreadcrumbList","@id":"https:\/\/www.primecursos.com.br\/blog\/cancer-prostata-destaque-novembro-azul\/#breadcrumb","itemListElement":[{"@type":"ListItem","position":1,"name":"In\u00edcio","item":"https:\/\/www.primecursos.com.br\/blog\/"},{"@type":"ListItem","position":2,"name":"Artigos","item":"https:\/\/www.primecursos.com.br\/blog\/artigos\/"},{"@type":"ListItem","position":3,"name":"C\u00e2ncer de pr\u00f3stata \u00e9 destaque na Campanha Novembro Azul"}]},{"@type":"WebSite","@id":"https:\/\/www.primecursos.com.br\/blog\/#website","url":"https:\/\/www.primecursos.com.br\/blog\/","name":"Prime Cursos","description":"Cursos gr\u00e1tis com certificado v\u00e1lido","publisher":{"@id":"https:\/\/www.primecursos.com.br\/blog\/#organization"},"potentialAction":[{"@type":"SearchAction","target":{"@type":"EntryPoint","urlTemplate":"https:\/\/www.primecursos.com.br\/blog\/?s={search_term_string}"},"query-input":{"@type":"PropertyValueSpecification","valueRequired":true,"valueName":"search_term_string"}}],"inLanguage":"pt-BR"},{"@type":"Organization","@id":"https:\/\/www.primecursos.com.br\/blog\/#organization","name":"Prime Cursos Online","url":"https:\/\/www.primecursos.com.br\/blog\/","logo":{"@type":"ImageObject","inLanguage":"pt-BR","@id":"https:\/\/www.primecursos.com.br\/blog\/#\/schema\/logo\/image\/","url":"https:\/\/www.primecursos.com.br\/blog\/wp-content\/uploads\/2018\/03\/prime-cursos-gratis-online-logo-070318b-1.png","contentUrl":"https:\/\/www.primecursos.com.br\/blog\/wp-content\/uploads\/2018\/03\/prime-cursos-gratis-online-logo-070318b-1.png","width":330,"height":80,"caption":"Prime Cursos Online"},"image":{"@id":"https:\/\/www.primecursos.com.br\/blog\/#\/schema\/logo\/image\/"},"sameAs":["https:\/\/www.facebook.com\/primecursos\/","https:\/\/x.com\/primecursosbr"]},{"@type":"Person","@id":"https:\/\/www.primecursos.com.br\/blog\/#\/schema\/person\/f045eea94e4f3677ebc3af613e1ef9a9","name":"rosa","image":{"@type":"ImageObject","inLanguage":"pt-BR","@id":"https:\/\/secure.gravatar.com\/avatar\/65ec9de52ca9d567d1c73d3d99b74ff2cc285df1208c42c4876636a0a4fd276c?s=96&d=mm&r=g","url":"https:\/\/secure.gravatar.com\/avatar\/65ec9de52ca9d567d1c73d3d99b74ff2cc285df1208c42c4876636a0a4fd276c?s=96&d=mm&r=g","contentUrl":"https:\/\/secure.gravatar.com\/avatar\/65ec9de52ca9d567d1c73d3d99b74ff2cc285df1208c42c4876636a0a4fd276c?s=96&d=mm&r=g","caption":"rosa"},"url":"https:\/\/www.primecursos.com.br\/blog\/author\/rosa\/"}]}},"taxonomy_info":{"category":[{"value":1,"label":"Artigos"}]},"featured_image_src_large":false,"author_info":{"display_name":"rosa","author_link":"https:\/\/www.primecursos.com.br\/blog\/author\/rosa\/"},"comment_info":0,"category_info":[{"term_id":1,"name":"Artigos","slug":"artigos","term_group":0,"term_taxonomy_id":1,"taxonomy":"category","description":"","parent":0,"count":983,"filter":"raw","cat_ID":1,"category_count":983,"category_description":"","cat_name":"Artigos","category_nicename":"artigos","category_parent":0}],"tag_info":false,"_links":{"self":[{"href":"https:\/\/www.primecursos.com.br\/blog\/wp-json\/wp\/v2\/posts\/9018","targetHints":{"allow":["GET"]}}],"collection":[{"href":"https:\/\/www.primecursos.com.br\/blog\/wp-json\/wp\/v2\/posts"}],"about":[{"href":"https:\/\/www.primecursos.com.br\/blog\/wp-json\/wp\/v2\/types\/post"}],"author":[{"embeddable":true,"href":"https:\/\/www.primecursos.com.br\/blog\/wp-json\/wp\/v2\/users\/17"}],"replies":[{"embeddable":true,"href":"https:\/\/www.primecursos.com.br\/blog\/wp-json\/wp\/v2\/comments?post=9018"}],"version-history":[{"count":0,"href":"https:\/\/www.primecursos.com.br\/blog\/wp-json\/wp\/v2\/posts\/9018\/revisions"}],"wp:featuredmedia":[{"embeddable":true,"href":"https:\/\/www.primecursos.com.br\/blog\/wp-json\/"}],"wp:attachment":[{"href":"https:\/\/www.primecursos.com.br\/blog\/wp-json\/wp\/v2\/media?parent=9018"}],"wp:term":[{"taxonomy":"category","embeddable":true,"href":"https:\/\/www.primecursos.com.br\/blog\/wp-json\/wp\/v2\/categories?post=9018"},{"taxonomy":"post_tag","embeddable":true,"href":"https:\/\/www.primecursos.com.br\/blog\/wp-json\/wp\/v2\/tags?post=9018"}],"curies":[{"name":"wp","href":"https:\/\/api.w.org\/{rel}","templated":true}]}}